{"id":25939,"date":"2020-11-13T04:53:00","date_gmt":"2020-11-13T04:53:00","guid":{"rendered":"https:\/\/www.pricepony.com.br\/blog\/?p=25939"},"modified":"2020-11-18T15:33:22","modified_gmt":"2020-11-18T15:33:22","slug":"nokia-mclaren-pro-compact-2020","status":"publish","type":"post","link":"https:\/\/www.pricepony.com.br\/blog\/nokia-mclaren-pro-compact-2020\/","title":{"rendered":"Nokia McLaren Pro Compact 2020: c\u00e2meras triplas com 64MP, bateria de 8500mAH!"},"content":{"rendered":"\n<p><strong>Uma nova fera apelidada de Nokia McLaren Pro Compact 2020 est\u00e1 chegando com especifica\u00e7\u00f5es fant\u00e1sticas, tais como c\u00e2meras triplas de 64MP e bateria de 8500mAh. Confira todas as informa\u00e7\u00f5es logo aqui embaixo!<\/strong><\/p><div style=\"float: none; display: block; margin: 0 -10px; text-align: center;\"><!-- Top Banner PH NEW -->\n                        <ins class=\"adsbygoogle\"\n                             style=\"display:inline-block;width:728px;height:90px\"\n                             data-ad-client=\"ca-pub-4796993490224996\"\n                             data-ad-slot=\"9195989669\"><\/ins>\n                        <script>(adsbygoogle = window.adsbygoogle || []).push({});<\/script><\/div><\/p>\n\n\n\n<div class=\"wp-block-image\"><figure class=\"aligncenter size-large is-resized\"><img decoding=\"async\" src=\"data:image\/gif;base64,R0lGODlhAQABAIAAAAAAAP\/\/\/yH5BAEAAAAALAAAAAABAAEAAAIBRAA7\" data-src=\"https:\/\/www.pricepony.com.br\/blog\/wp-content\/uploads\/2020\/11\/1200-21_7-3-1024x536-1.jpg\" alt=\"Nokia McLaren Pro Compact 2020\" class=\"wp-image-25942\" width=\"479\" height=\"250\"\/ \/><\/figure><\/div>\n\n\n\n<p><\/p>\n\n\n\n<h3 class=\"wp-block-heading\"><strong>Nokia McLaren Pro Compact \u2013 especifica\u00e7\u00f5es&nbsp;<\/strong><\/h3>\n\n\n\n<p>Pelo que n\u00f3s sabemos at\u00e9 este momento, os melhores pontos de venda do telefone Nokia Android s\u00e3o seu hardware de \u00faltima gera\u00e7\u00e3o, incluindo alguns recursos como o poderoso SoC <a href=\"https:\/\/www.qualcomm.com\/products\/snapdragon-865-5g-mobile-platform\" target=\"_blank\" rel=\"noreferrer noopener\" aria-label=\"Qualcomm Snapdragon 865 (abre numa nova aba)\">Qualcomm Snapdragon 865<\/a> ou enorme RAM de 16GB. Hoje, n\u00f3s vamos te apresentar uma nova fera da Nokia com algumas das especifica\u00e7\u00f5es mais poderosas. Com rela\u00e7\u00e3o \u00e0 tela, os dados t\u00e9cnicos deste Nokia McLaren Pro Compact incluem um display Super LVD de 6,7 polegadas com uma resolu\u00e7\u00e3o de 4K. Al\u00e9m disso, o Nokia McLaren Pro Compact tamb\u00e9m conta com a prote\u00e7\u00e3o do Corning Gorilla Glass 6 e certifica\u00e7\u00e3o IP68.<\/p>\n\n\n\n<p>Al\u00e9m disso, este carro chefe Nokia McLaren Pro Compact recebe energia do chipset Qualcomm Snapdragon 8650. No que diz respeito ao armazenamento, este Nokia McLaren Pro Compact ostenta 10GB\/ 12GB de RAM, junto com 256GB\/ 512GB de armazenamento interno. Al\u00e9m disso, o Nokia McLaren Pro Compact tamb\u00e9m conta com o suporte de armazenamento externo massivo de at\u00e9 1TB por meio do cart\u00e3o MicroSD. No mais, este Nokia Pro S inicializa com o Android Q mais recente como sistema operacional. A seguir, vamos falar sobre o sistema \u00f3ptico.<\/p>\n<!-- Quick Adsense WordPress Plugin: http:\/\/quickadsense.com\/ -->\n<div class=\"715bb7587c5240ca50b41debac6fc6bc\" data-index=\"2\" style=\"float: none; margin:10px 0 10px 0; text-align:center;\">\n<!-- BR Middle -->\r\n<ins class=\"adsbygoogle\"\r\n     style=\"display:inline-block;width:336px;height:280px\"\r\n     data-ad-client=\"ca-pub-4796993490224996\"\r\n     data-ad-slot=\"2407662860\"><\/ins>\r\n<script>\r\n(adsbygoogle = window.adsbygoogle || []).push({});\r\n<\/script>\n<\/div>\n\n\n\n\n<p><\/p>\n\n\n\n<p><\/p>\n\n\n\n<div class=\"wp-block-image\"><figure class=\"aligncenter size-large is-resized\"><img decoding=\"async\" src=\"data:image\/gif;base64,R0lGODlhAQABAIAAAAAAAP\/\/\/yH5BAEAAAAALAAAAAABAAEAAAIBRAA7\" data-src=\"https:\/\/www.pricepony.com.br\/blog\/wp-content\/uploads\/2020\/11\/Nokia-Asha-Max-Xtreme-2019-1024x536-2.jpg\" alt=\"Nokia McLaren Pro Compact 2020\" class=\"wp-image-25944\" width=\"480\" height=\"250\"\/ \/><\/figure><\/div>\n\n\n\n<p>A c\u00e2mera deste Nokia McLaren Pro Compact consiste em sensores triplos de 64MP instalados na parte traseira. Enquanto isso, para tirar suas selfies e fazer chamadas de v\u00eddeos, h\u00e1 uma \u00fanica lente de 48MP. Por outro lado, o Nokia McLaren Pro Compact desfila com uma caixa de bateria n\u00e3o remov\u00edvel de 8500mAh que conta com o suporte da tecnologia de carregamento r\u00e1pido da bateria. Sob o cap\u00f4, esta fera da Nokia possui um scanner de impress\u00e3o digital sob o display para a sua seguran\u00e7a. Outras op\u00e7\u00f5es de conectividade incluem 4G LTE, Wi-Fi, Bluetooth, GPRS e muito mais.<\/p>\n\n\n\n<h3 class=\"wp-block-heading\"><strong>Nokia McLaren Pro Compact 2020 \u2013 data de lan\u00e7amento e pre\u00e7o<\/strong><\/h3>\n\n\n\n<p>De acordo com nossas fontes leg\u00edtimas, este Nokia McLaren Pro Compact pode chegar ao mercado no \u00faltimo trimestre deste ano. Enquanto isso, quanto ao custo, o pre\u00e7o estimado para este Nokia McLaren Pro Compact pode chegar em torno de US $ 750 ~ algo na faixa de R$ 4, 207. O que voc\u00ea acha desta fera da Nokia? Compartilhe com a gente a sua opini\u00e3o deixando um coment\u00e1rio aqui embaixo e fique atento para mais novidades a qualquer momento !<\/p>\n\n<div style=\"font-size: 0px; height: 0px; line-height: 0px; margin: 0; padding: 0; clear: both;\"><\/div>","protected":false},"excerpt":{"rendered":"<p>Uma nova fera apelidada de Nokia McLaren Pro Compact 2020 est\u00e1 chegando com especifica\u00e7\u00f5es fant\u00e1sticas, tais como c\u00e2meras triplas de 64MP e bateria de 8500mAh. Confira todas as informa\u00e7\u00f5es logo aqui embaixo! Nokia McLaren Pro Compact \u2013 especifica\u00e7\u00f5es&nbsp; Pelo que n\u00f3s sabemos at\u00e9 este momento, os melhores pontos de venda do telefone Nokia Android s\u00e3o [&hellip;]<\/p>\n","protected":false},"author":1,"featured_media":25940,"comment_status":"open","ping_status":"open","sticky":false,"template":"","format":"standard","meta":[],"categories":[7],"tags":[1984],"yoast_head":"<!-- This site is optimized with the Yoast SEO plugin v16.0.2 - https:\/\/yoast.com\/wordpress\/plugins\/seo\/ -->\n<title>Nokia McLaren Pro Compact 2020: c\u00e2meras triplas com 64MP, bateria de 8500mAH!<\/title>\n<meta name=\"description\" content=\"Uma nova fera apelidada de Nokia McLaren Pro Compact 2020 est\u00e1 chegando com especifica\u00e7\u00f5es fant\u00e1sticas, tais como c\u00e2meras triplas de 64MP e bateria de 8500mAh. Confira todas as informa\u00e7\u00f5es logo aqui embaixo!\" \/>\n<link rel=\"canonical\" href=\"https:\/\/www.pricepony.com.br\/blog\/nokia-mclaren-pro-compact-2020\/\" \/>\n<meta property=\"og:locale\" content=\"pt_BR\" \/>\n<meta property=\"og:type\" content=\"article\" \/>\n<meta property=\"og:title\" content=\"Nokia McLaren Pro Compact 2020: c\u00e2meras triplas com 64MP, bateria de 8500mAH!\" \/>\n<meta property=\"og:description\" content=\"Uma nova fera apelidada de Nokia McLaren Pro Compact 2020 est\u00e1 chegando com especifica\u00e7\u00f5es fant\u00e1sticas, tais como c\u00e2meras triplas de 64MP e bateria de 8500mAh. Confira todas as informa\u00e7\u00f5es logo aqui embaixo!\" \/>\n<meta property=\"og:url\" content=\"https:\/\/www.pricepony.com.br\/blog\/nokia-mclaren-pro-compact-2020\/\" \/>\n<meta property=\"og:site_name\" content=\"Price Pony\" \/>\n<meta property=\"article:published_time\" content=\"2020-11-13T04:53:00+00:00\" \/>\n<meta property=\"article:modified_time\" content=\"2020-11-18T15:33:22+00:00\" \/>\n<meta property=\"og:image\" content=\"https:\/\/www.pricepony.com.br\/blog\/wp-content\/uploads\/2020\/11\/c-88.jpg\" \/>\n\t<meta property=\"og:image:width\" content=\"1200\" \/>\n\t<meta property=\"og:image:height\" content=\"628\" \/>\n<meta name=\"twitter:card\" content=\"summary\" \/>\n<meta name=\"twitter:label1\" content=\"Est. tempo de leitura\">\n\t<meta name=\"twitter:data1\" content=\"2 minutos\">\n<script type=\"application\/ld+json\" class=\"yoast-schema-graph\">{\"@context\":\"https:\/\/schema.org\",\"@graph\":[{\"@type\":\"WebSite\",\"@id\":\"https:\/\/www.pricepony.com.br\/blog\/#website\",\"url\":\"https:\/\/www.pricepony.com.br\/blog\/\",\"name\":\"Price Pony\",\"description\":\"www.pricepony.com.br\",\"potentialAction\":[{\"@type\":\"SearchAction\",\"target\":\"https:\/\/www.pricepony.com.br\/blog\/?s={search_term_string}\",\"query-input\":\"required name=search_term_string\"}],\"inLanguage\":\"pt-BR\"},{\"@type\":\"ImageObject\",\"@id\":\"https:\/\/www.pricepony.com.br\/blog\/nokia-mclaren-pro-compact-2020\/#primaryimage\",\"inLanguage\":\"pt-BR\",\"url\":\"https:\/\/www.pricepony.com.br\/blog\/wp-content\/uploads\/2020\/11\/c-88.jpg\",\"width\":1200,\"height\":628},{\"@type\":\"WebPage\",\"@id\":\"https:\/\/www.pricepony.com.br\/blog\/nokia-mclaren-pro-compact-2020\/#webpage\",\"url\":\"https:\/\/www.pricepony.com.br\/blog\/nokia-mclaren-pro-compact-2020\/\",\"name\":\"Nokia McLaren Pro Compact 2020: c\\u00e2meras triplas com 64MP, bateria de 8500mAH!\",\"isPartOf\":{\"@id\":\"https:\/\/www.pricepony.com.br\/blog\/#website\"},\"primaryImageOfPage\":{\"@id\":\"https:\/\/www.pricepony.com.br\/blog\/nokia-mclaren-pro-compact-2020\/#primaryimage\"},\"datePublished\":\"2020-11-13T04:53:00+00:00\",\"dateModified\":\"2020-11-18T15:33:22+00:00\",\"author\":{\"@id\":\"https:\/\/www.pricepony.com.br\/blog\/#\/schema\/person\/c338807e08d2e0642a2680633342a0b6\"},\"description\":\"Uma nova fera apelidada de Nokia McLaren Pro Compact 2020 est\\u00e1 chegando com especifica\\u00e7\\u00f5es fant\\u00e1sticas, tais como c\\u00e2meras triplas de 64MP e bateria de 8500mAh. Confira todas as informa\\u00e7\\u00f5es logo aqui embaixo!\",\"breadcrumb\":{\"@id\":\"https:\/\/www.pricepony.com.br\/blog\/nokia-mclaren-pro-compact-2020\/#breadcrumb\"},\"inLanguage\":\"pt-BR\",\"potentialAction\":[{\"@type\":\"ReadAction\",\"target\":[\"https:\/\/www.pricepony.com.br\/blog\/nokia-mclaren-pro-compact-2020\/\"]}]},{\"@type\":\"BreadcrumbList\",\"@id\":\"https:\/\/www.pricepony.com.br\/blog\/nokia-mclaren-pro-compact-2020\/#breadcrumb\",\"itemListElement\":[{\"@type\":\"ListItem\",\"position\":1,\"item\":{\"@type\":\"WebPage\",\"@id\":\"https:\/\/www.pricepony.com.br\/blog\/\",\"url\":\"https:\/\/www.pricepony.com.br\/blog\/\",\"name\":\"In\\u00edcio\"}},{\"@type\":\"ListItem\",\"position\":2,\"item\":{\"@type\":\"WebPage\",\"@id\":\"https:\/\/www.pricepony.com.br\/blog\/nokia-mclaren-pro-compact-2020\/\",\"url\":\"https:\/\/www.pricepony.com.br\/blog\/nokia-mclaren-pro-compact-2020\/\",\"name\":\"Nokia McLaren Pro Compact 2020: c\\u00e2meras triplas com 64MP, bateria de 8500mAH!\"}}]},{\"@type\":\"Person\",\"@id\":\"https:\/\/www.pricepony.com.br\/blog\/#\/schema\/person\/c338807e08d2e0642a2680633342a0b6\",\"name\":\"Chris Eilers\",\"image\":{\"@type\":\"ImageObject\",\"@id\":\"https:\/\/www.pricepony.com.br\/blog\/#personlogo\",\"inLanguage\":\"pt-BR\",\"url\":\"https:\/\/secure.gravatar.com\/avatar\/83e51b46626e1e91aba06adcb3bf3473?s=96&d=mm&r=g\",\"caption\":\"Chris Eilers\"},\"description\":\"Chris is an experienced Digital Marketer and Growth Hacker with work experience in Mckinsey Germany and Rocket Internet Asia. He is the CEO of Oizoioi Malaysia and actively engaged in the Startup Scene in South East Asia.\"}]}<\/script>\n<!-- \/ Yoast SEO plugin. -->","_links":{"self":[{"href":"https:\/\/www.pricepony.com.br\/blog\/wp-json\/wp\/v2\/posts\/25939"}],"collection":[{"href":"https:\/\/www.pricepony.com.br\/blog\/wp-json\/wp\/v2\/posts"}],"about":[{"href":"https:\/\/www.pricepony.com.br\/blog\/wp-json\/wp\/v2\/types\/post"}],"author":[{"embeddable":true,"href":"https:\/\/www.pricepony.com.br\/blog\/wp-json\/wp\/v2\/users\/1"}],"replies":[{"embeddable":true,"href":"https:\/\/www.pricepony.com.br\/blog\/wp-json\/wp\/v2\/comments?post=25939"}],"version-history":[{"count":0,"href":"https:\/\/www.pricepony.com.br\/blog\/wp-json\/wp\/v2\/posts\/25939\/revisions"}],"wp:featuredmedia":[{"embeddable":true,"href":"https:\/\/www.pricepony.com.br\/blog\/wp-json\/wp\/v2\/media\/25940"}],"wp:attachment":[{"href":"https:\/\/www.pricepony.com.br\/blog\/wp-json\/wp\/v2\/media?parent=25939"}],"wp:term":[{"taxonomy":"category","embeddable":true,"href":"https:\/\/www.pricepony.com.br\/blog\/wp-json\/wp\/v2\/categories?post=25939"},{"taxonomy":"post_tag","embeddable":true,"href":"https:\/\/www.pricepony.com.br\/blog\/wp-json\/wp\/v2\/tags?post=25939"}],"curies":[{"name":"wp","href":"https:\/\/api.w.org\/{rel}","templated":true}]}}