{"id":22559,"date":"2019-07-23T16:19:00","date_gmt":"2019-07-23T16:19:00","guid":{"rendered":"https:\/\/www.pricepony.com.br\/blog\/?p=22559"},"modified":"2019-07-23T16:19:00","modified_gmt":"2019-07-23T16:19:00","slug":"nokia-zeo-compact-2019","status":"publish","type":"post","link":"https:\/\/www.pricepony.com.br\/blog\/nokia-zeo-compact-2019\/","title":{"rendered":"Nokia Zeno Compact 2019: 8 GB de RAM, c\u00e2meras duplas de 48 MP !"},"content":{"rendered":"<b>Seja bem-vindo a um dos mais recentes carros chefes da marca Nokia: o Nokia Zeno Compact 2019. Este novo produto cont\u00e9m 8 GB de RAM e lentes duplas de 48 MP. Vamos para mais detalhes!\u00a0<\/b>\r\n\r\n<b><\/b>\r\n<div class=\"wp-block-image\">\r\n<figure class=\"aligncenter is-resized\"><img decoding=\"async\" class=\"wp-image-115522 aligncenter\" src=\"data:image\/gif;base64,R0lGODlhAQABAIAAAAAAAP\/\/\/yH5BAEAAAAALAAAAAABAAEAAAIBRAA7\" data-src=\"https:\/\/www.pricepony.com.ph\/blog\/wp-content\/uploads\/2019\/06\/nokia-mi-a3-1024x536.jpg\" alt=\"Nokia Zeno Compact 201\" width=\"484\" height=\"246\" \/ \/><\/figure>\r\n<\/div>\r\n<h3><b>Nokia Zeno Compact 2019 \u2013 especifica\u00e7\u00f5es\u00a0<\/b><\/h3>\r\n<span style=\"font-weight: 400;\">De acordo com o \u00faltimo relat\u00f3rio, o <\/span><span style=\"font-weight: 400;\">Nokia Zeno <\/span><span style=\"font-weight: 400;\">Compact \u00e9 o pr\u00f3ximo smartphone novo que ser\u00e1 lan\u00e7ado pela HMD Global este ano. Em primeiro lugar, come\u00e7aremos com algumas informa\u00e7\u00f5es sobre as especifica\u00e7\u00f5es. O Nokia Zeno Compact vem com um display sem moldura de 5,8 polegadas. Junto com isso \u00e9 a resolu\u00e7\u00e3o de 2160 x 3840 pixels. Por outro lado, o smartphone da Nokia tamb\u00e9m possui a prote\u00e7\u00e3o do Corning Gorilla Glass tipo 6.<\/span>\r\n\r\n<span style=\"font-weight: 400;\">Vamos seguir para o ritmo do armazenamento. Este novo produto da Nokia tem uma mem\u00f3ria de 6 GB \/ 8 GB de RAM e 64 GB \/ 128 GB de ROM. Al\u00e9m disso, h\u00e1 um cart\u00e3o microSD de 256 GB de armazenamento interno. Al\u00e9m disso, ele funciona sob o poder do chipset Qualcomm Snapdragon 855. Em termos de bateria, o Nokia Zeno Compact possui uma caixa de com 5500 mAh para manter a luz funcionando bem.<\/span>\r\n\r\n\r\n<div class=\"wp-block-image\">\r\n<figure class=\"aligncenter is-resized\">\r\n<div class=\"wp-block-image\">\r\n<figure class=\"aligncenter is-resized\"><img decoding=\"async\" class=\"wp-image-114869 aligncenter\" src=\"data:image\/gif;base64,R0lGODlhAQABAIAAAAAAAP\/\/\/yH5BAEAAAAALAAAAAABAAEAAAIBRAA7\" data-src=\"https:\/\/www.pricepony.com.ph\/blog\/wp-content\/uploads\/2019\/06\/nokia-12-1024x536.jpg\" alt=\"Nokia Zeno Compact 2019\" width=\"477\" height=\"250\" \/ \/><\/figure>\r\n<\/div>\r\n<\/figure>\r\n<\/div>\r\nA \u00faltima parte deste artigo de hoje abre espa\u00e7o para o sistema de fotografia. Como mencionado acima, o Nokia Zeno Compact 2019 oferece sensores duplos de 48 MP na parte traseira. Para tirar selfies e fazer\u00a0 chamadas de v\u00eddeo, ele oferece uma \u00fanica lente de 28MP com uma abertura de f \/ 2.0. Al\u00e9m disso, ele \u00e9 executado no mais recente Android 9.0 como o sistema operacional. Por fim, com a nova tela sem painel, o aparelho da Nokia tamb\u00e9m possui um scanner de impress\u00f5es digitais no display!\r\n<h3><b>Nokia Zeno Compact 2019 \u2013 data de lan\u00e7amento e pre\u00e7o\u00a0<\/b><\/h3>\r\n<span style=\"font-weight: 400;\">At\u00e9 agora, ainda n\u00e3o h\u00e1 informa\u00e7\u00f5es oficiais sobre a data de lan\u00e7amento deste novo monstro da Nokia. Portanto, estamos ansiosos para ver este smartphone at\u00e9 o final deste ano. O pre\u00e7o estimado para este Nokia Zeno Compact pode come\u00e7ar por cerca de US $ 550 ~ algo em torno de R$ 2068. Voc\u00ea est\u00e1 interessado neste novo smartphone? Compartilhe a sua opini\u00e3o com a gente deixando um coment\u00e1rio aqui embaixo e fique atento para mais novidades a qualquer momento !<\/span>\n<!-- Quick Adsense WordPress Plugin: http:\/\/quickadsense.com\/ -->\n<div class=\"715bb7587c5240ca50b41debac6fc6bc\" data-index=\"3\" style=\"float: none; margin:10px 0 10px 0; text-align:center;\">\n<!-- BR end Content -->\r\n<ins class=\"adsbygoogle\"\r\n     style=\"display:inline-block;width:300px;height:250px\"\r\n     data-ad-client=\"ca-pub-4796993490224996\"\r\n     data-ad-slot=\"8314595668\"><\/ins>\r\n<script>\r\n(adsbygoogle = window.adsbygoogle || []).push({});\r\n<\/script>\n<\/div>\n\n<div style=\"font-size: 0px; height: 0px; line-height: 0px; margin: 0; padding: 0; clear: both;\"><\/div><\/p><div style=\"float: none; display: block; margin: 0 -10px; text-align: center;\"><!-- Top Banner PH NEW -->\n                        <ins class=\"adsbygoogle\"\n                             style=\"display:inline-block;width:728px;height:90px\"\n                             data-ad-client=\"ca-pub-4796993490224996\"\n                             data-ad-slot=\"9195989669\"><\/ins>\n                        <script>(adsbygoogle = window.adsbygoogle || []).push({});<\/script><\/div>","protected":false},"excerpt":{"rendered":"<p>Seja bem-vindo a um dos mais recentes carros chefes da marca Nokia: o Nokia Zeno Compact 2019. Este novo produto cont\u00e9m 8 GB de RAM e lentes duplas de 48 MP. Vamos para mais detalhes!\u00a0 Nokia Zeno Compact 2019 \u2013 especifica\u00e7\u00f5es\u00a0 De acordo com o \u00faltimo relat\u00f3rio, o Nokia Zeno Compact \u00e9 o pr\u00f3ximo smartphone [&hellip;]<\/p>\n","protected":false},"author":1,"featured_media":22560,"comment_status":"open","ping_status":"open","sticky":false,"template":"","format":"standard","meta":[],"categories":[7],"tags":[1507],"yoast_head":"<!-- This site is optimized with the Yoast SEO plugin v16.0.2 - https:\/\/yoast.com\/wordpress\/plugins\/seo\/ -->\n<title>Nokia Zeno Compact 2019: 8 GB de RAM, c\u00e2meras duplas de 48 MP !<\/title>\n<meta name=\"description\" content=\"Bem-vindo a um dos mais recentes carros da Nokia: o Nokia Zeno Compact 2019. Clique aqui para mais detalhes!\" \/>\n<link rel=\"canonical\" href=\"https:\/\/www.pricepony.com.br\/blog\/nokia-zeo-compact-2019\/\" \/>\n<meta property=\"og:locale\" content=\"pt_BR\" \/>\n<meta property=\"og:type\" content=\"article\" \/>\n<meta property=\"og:title\" content=\"Nokia Zeno Compact 2019: 8 GB de RAM, c\u00e2meras duplas de 48 MP !\" \/>\n<meta property=\"og:description\" content=\"Bem-vindo a um dos mais recentes carros da Nokia: o Nokia Zeno Compact 2019. Clique aqui para mais detalhes!\" \/>\n<meta property=\"og:url\" content=\"https:\/\/www.pricepony.com.br\/blog\/nokia-zeo-compact-2019\/\" \/>\n<meta property=\"og:site_name\" content=\"Price Pony\" \/>\n<meta property=\"article:published_time\" content=\"2019-07-23T16:19:00+00:00\" \/>\n<meta property=\"og:image\" content=\"https:\/\/www.pricepony.com.br\/blog\/wp-content\/uploads\/2019\/07\/safe_image-45.jpg\" \/>\n\t<meta property=\"og:image:width\" content=\"540\" \/>\n\t<meta property=\"og:image:height\" content=\"281\" \/>\n<meta name=\"twitter:card\" content=\"summary\" \/>\n<meta name=\"twitter:label1\" content=\"Est. tempo de leitura\">\n\t<meta name=\"twitter:data1\" content=\"2 minutos\">\n<script type=\"application\/ld+json\" class=\"yoast-schema-graph\">{\"@context\":\"https:\/\/schema.org\",\"@graph\":[{\"@type\":\"WebSite\",\"@id\":\"https:\/\/www.pricepony.com.br\/blog\/#website\",\"url\":\"https:\/\/www.pricepony.com.br\/blog\/\",\"name\":\"Price Pony\",\"description\":\"www.pricepony.com.br\",\"potentialAction\":[{\"@type\":\"SearchAction\",\"target\":\"https:\/\/www.pricepony.com.br\/blog\/?s={search_term_string}\",\"query-input\":\"required name=search_term_string\"}],\"inLanguage\":\"pt-BR\"},{\"@type\":\"ImageObject\",\"@id\":\"https:\/\/www.pricepony.com.br\/blog\/nokia-zeo-compact-2019\/#primaryimage\",\"inLanguage\":\"pt-BR\",\"url\":\"https:\/\/www.pricepony.com.br\/blog\/wp-content\/uploads\/2019\/07\/safe_image-45.jpg\",\"width\":540,\"height\":281,\"caption\":\"Nokia Zeno Compact 2019\"},{\"@type\":\"WebPage\",\"@id\":\"https:\/\/www.pricepony.com.br\/blog\/nokia-zeo-compact-2019\/#webpage\",\"url\":\"https:\/\/www.pricepony.com.br\/blog\/nokia-zeo-compact-2019\/\",\"name\":\"Nokia Zeno Compact 2019: 8 GB de RAM, c\\u00e2meras duplas de 48 MP !\",\"isPartOf\":{\"@id\":\"https:\/\/www.pricepony.com.br\/blog\/#website\"},\"primaryImageOfPage\":{\"@id\":\"https:\/\/www.pricepony.com.br\/blog\/nokia-zeo-compact-2019\/#primaryimage\"},\"datePublished\":\"2019-07-23T16:19:00+00:00\",\"dateModified\":\"2019-07-23T16:19:00+00:00\",\"author\":{\"@id\":\"https:\/\/www.pricepony.com.br\/blog\/#\/schema\/person\/c338807e08d2e0642a2680633342a0b6\"},\"description\":\"Bem-vindo a um dos mais recentes carros da Nokia: o Nokia Zeno Compact 2019. Clique aqui para mais detalhes!\",\"breadcrumb\":{\"@id\":\"https:\/\/www.pricepony.com.br\/blog\/nokia-zeo-compact-2019\/#breadcrumb\"},\"inLanguage\":\"pt-BR\",\"potentialAction\":[{\"@type\":\"ReadAction\",\"target\":[\"https:\/\/www.pricepony.com.br\/blog\/nokia-zeo-compact-2019\/\"]}]},{\"@type\":\"BreadcrumbList\",\"@id\":\"https:\/\/www.pricepony.com.br\/blog\/nokia-zeo-compact-2019\/#breadcrumb\",\"itemListElement\":[{\"@type\":\"ListItem\",\"position\":1,\"item\":{\"@type\":\"WebPage\",\"@id\":\"https:\/\/www.pricepony.com.br\/blog\/\",\"url\":\"https:\/\/www.pricepony.com.br\/blog\/\",\"name\":\"In\\u00edcio\"}},{\"@type\":\"ListItem\",\"position\":2,\"item\":{\"@type\":\"WebPage\",\"@id\":\"https:\/\/www.pricepony.com.br\/blog\/nokia-zeo-compact-2019\/\",\"url\":\"https:\/\/www.pricepony.com.br\/blog\/nokia-zeo-compact-2019\/\",\"name\":\"Nokia Zeno Compact 2019: 8 GB de RAM, c\\u00e2meras duplas de 48 MP !\"}}]},{\"@type\":\"Person\",\"@id\":\"https:\/\/www.pricepony.com.br\/blog\/#\/schema\/person\/c338807e08d2e0642a2680633342a0b6\",\"name\":\"Chris Eilers\",\"image\":{\"@type\":\"ImageObject\",\"@id\":\"https:\/\/www.pricepony.com.br\/blog\/#personlogo\",\"inLanguage\":\"pt-BR\",\"url\":\"https:\/\/secure.gravatar.com\/avatar\/83e51b46626e1e91aba06adcb3bf3473?s=96&d=mm&r=g\",\"caption\":\"Chris Eilers\"},\"description\":\"Chris is an experienced Digital Marketer and Growth Hacker with work experience in Mckinsey Germany and Rocket Internet Asia. He is the CEO of Oizoioi Malaysia and actively engaged in the Startup Scene in South East Asia.\"}]}<\/script>\n<!-- \/ Yoast SEO plugin. -->","_links":{"self":[{"href":"https:\/\/www.pricepony.com.br\/blog\/wp-json\/wp\/v2\/posts\/22559"}],"collection":[{"href":"https:\/\/www.pricepony.com.br\/blog\/wp-json\/wp\/v2\/posts"}],"about":[{"href":"https:\/\/www.pricepony.com.br\/blog\/wp-json\/wp\/v2\/types\/post"}],"author":[{"embeddable":true,"href":"https:\/\/www.pricepony.com.br\/blog\/wp-json\/wp\/v2\/users\/1"}],"replies":[{"embeddable":true,"href":"https:\/\/www.pricepony.com.br\/blog\/wp-json\/wp\/v2\/comments?post=22559"}],"version-history":[{"count":0,"href":"https:\/\/www.pricepony.com.br\/blog\/wp-json\/wp\/v2\/posts\/22559\/revisions"}],"wp:featuredmedia":[{"embeddable":true,"href":"https:\/\/www.pricepony.com.br\/blog\/wp-json\/wp\/v2\/media\/22560"}],"wp:attachment":[{"href":"https:\/\/www.pricepony.com.br\/blog\/wp-json\/wp\/v2\/media?parent=22559"}],"wp:term":[{"taxonomy":"category","embeddable":true,"href":"https:\/\/www.pricepony.com.br\/blog\/wp-json\/wp\/v2\/categories?post=22559"},{"taxonomy":"post_tag","embeddable":true,"href":"https:\/\/www.pricepony.com.br\/blog\/wp-json\/wp\/v2\/tags?post=22559"}],"curies":[{"name":"wp","href":"https:\/\/api.w.org\/{rel}","templated":true}]}}