{"id":22119,"date":"2019-04-21T03:42:41","date_gmt":"2019-04-21T03:42:41","guid":{"rendered":"https:\/\/www.pricepony.com.br\/blog\/?p=22119"},"modified":"2019-04-21T03:42:41","modified_gmt":"2019-04-21T03:42:41","slug":"motorola-razr-edicao-2019","status":"publish","type":"post","link":"https:\/\/www.pricepony.com.br\/blog\/motorola-razr-edicao-2019\/","title":{"rendered":"Motorola Razr edi\u00e7\u00e3o 2019: design dobr\u00e1vel com tela de 6,2 polegadas, c\u00e2meras de 48 MP e com data de lan\u00e7amento marcada!"},"content":{"rendered":"<p><b>Hoje viemos te trazer mais detalhes sobre este pr\u00f3ximo lan\u00e7amento que est\u00e1 por vir, o Motorola Razr 2019, que apareceu online esta semana ostentando especifica\u00e7\u00f5es como uma RAM de 6 GB e um display dobr\u00e1vel de 6,2 polegadas. D\u00ea uma conferida nesse grande lan\u00e7amento agora mesmo!<\/b><\/p><div style=\"float: none; display: block; margin: 0 -10px; text-align: center;\"><!-- Top Banner PH NEW -->\n                        <ins class=\"adsbygoogle\"\n                             style=\"display:inline-block;width:728px;height:90px\"\n                             data-ad-client=\"ca-pub-4796993490224996\"\n                             data-ad-slot=\"9195989669\"><\/ins>\n                        <script>(adsbygoogle = window.adsbygoogle || []).push({});<\/script><\/div><\/p>\n<p><b><img decoding=\"async\" class=\"aligncenter wp-image-111828\" src=\"data:image\/gif;base64,R0lGODlhAQABAIAAAAAAAP\/\/\/yH5BAEAAAAALAAAAAABAAEAAAIBRAA7\" data-src=\"https:\/\/www.pricepony.com.ph\/blog\/wp-content\/uploads\/2019\/04\/Motor-Razr-Fold-concept-design-2-768x433.jpg\" sizes=\"(max-width: 443px) 100vw, 443px\" srcset=\"https:\/\/www.pricepony.com.ph\/blog\/wp-content\/uploads\/2019\/04\/Motor-Razr-Fold-concept-design-2-768x433.jpg 768w, https:\/\/www.pricepony.com.ph\/blog\/wp-content\/uploads\/2019\/04\/Motor-Razr-Fold-concept-design-2-768x433-300x169.jpg 300w\" alt=\"Moto Razr Fold\" width=\"443\" height=\"250\" \/ \/><\/b><\/p>\n<h3><b>Motorola Razr 2019: especifica\u00e7\u00f5es e recursos<\/b><\/h3>\n<p><span style=\"font-weight: 400;\">De acordo com o \u00faltimo relat\u00f3rio, a Motorola est\u00e1 trabalhando na reformula\u00e7\u00e3o de seu portf\u00f3lio de marcas. At\u00e9 agora, sabemos que a empresa est\u00e1 trabalhando no dispositivo de ponta chamado Motor One Vision. Notavelmente, este smartphone vai equipar v\u00e1rias especifica\u00e7\u00f5es de excelente qualidade, como o chipset Exynos 9610 da Samsung, e c\u00e2meras duplas de 48 MP. Voc\u00ea pode descobrir mais detalhes sobre o Motor One Vision direito <\/span><span style=\"font-weight: 400;\">AQUI<\/span><span style=\"font-weight: 400;\">! Por outro lado, o relat\u00f3rio tamb\u00e9m mencionou o grande retorno do ic\u00f4nico Motorola Razr!<\/span><\/p>\n<p><span style=\"font-weight: 400;\">Caso voc\u00ea n\u00e3o se lembre, a s\u00e9rie Moto Razr fez muito sucesso com o exclusivo aparelho V3 do in\u00edcio dos anos 2000. Agora, o novo Motorola Razr edi\u00e7\u00e3o 2019 vai embalar caracter\u00edsticas mais impressionantes do que seu antecessor. Em primeiro lugar, o mecanismo dobr\u00e1vel \u00e9 agora trocado por um display sem dobradi\u00e7a com grande mobilidade. Al\u00e9m disso, ele deve vir rodando no chipset Qualcomm Snapdragon 710. At\u00e9 agora, o dispositivo j\u00e1 recebeu sua certifica\u00e7\u00e3o da Bluetooth SIG, sugerindo seu breve lan\u00e7amento. <\/span><\/p>\n<!-- Quick Adsense WordPress Plugin: http:\/\/quickadsense.com\/ -->\n<div class=\"715bb7587c5240ca50b41debac6fc6bc\" data-index=\"2\" style=\"float: none; margin:10px 0 10px 0; text-align:center;\">\n<!-- BR Middle -->\r\n<ins class=\"adsbygoogle\"\r\n     style=\"display:inline-block;width:336px;height:280px\"\r\n     data-ad-client=\"ca-pub-4796993490224996\"\r\n     data-ad-slot=\"2407662860\"><\/ins>\r\n<script>\r\n(adsbygoogle = window.adsbygoogle || []).push({});\r\n<\/script>\n<\/div>\n\n<p><img decoding=\"async\" class=\"aligncenter wp-image-111829\" src=\"data:image\/gif;base64,R0lGODlhAQABAIAAAAAAAP\/\/\/yH5BAEAAAAALAAAAAABAAEAAAIBRAA7\" data-src=\"https:\/\/www.pricepony.com.ph\/blog\/wp-content\/uploads\/2019\/04\/Motor-Razr-Fold-concept-design-4-768x433.jpg\" sizes=\"(max-width: 443px) 100vw, 443px\" srcset=\"https:\/\/www.pricepony.com.ph\/blog\/wp-content\/uploads\/2019\/04\/Motor-Razr-Fold-concept-design-4-768x433.jpg 768w, https:\/\/www.pricepony.com.ph\/blog\/wp-content\/uploads\/2019\/04\/Motor-Razr-Fold-concept-design-4-768x433-300x169.jpg 300w\" alt=\"Moto Razr Fold\" width=\"443\" height=\"250\" \/ \/><\/p>\n<p>Voltando aos detalhes, o novo Motorola Razr deve incluir uma grande tela FHD + dobr\u00e1vel de 6,2 polegadas. Para a mem\u00f3ria, ele pode oferecer 6 GB de RAM e 256 GB de ROM (sem slot para cart\u00e3o). Quanto ao sistema de fotografia, a configura\u00e7\u00e3o da c\u00e2mera do Motorola Razr 2019 pode embalar sensores traseiros duplos de 48 MP e outra lente selfie de 16 MP. Al\u00e9m disso, ele tamb\u00e9m vai contar com uma excelente caixa de bateria de 5000 mAh e suporte para Bluetooth 5.0. Por fim, o dispositivo da Motorola deve vir rodando no novo sistema operacional Android 9.0 Pie.<\/p>\n<h3><b>Motorola Razr 2019: data de lan\u00e7amento e pre\u00e7o<\/b><\/h3>\n<p><span style=\"font-weight: 400;\">Podemos esperar mais detalhes sobre este aparelho Motorola em breve, pois ele est\u00e1 previsto para ser lan\u00e7ado no pr\u00f3ximo m\u00eas. Enquanto isso, o pre\u00e7o do Motorola Razr 2019 deve come\u00e7ar em torno de US$ 1500, o que equivale a aproximadamente R$ 6000, e o torna um forte concorrente do Samsung Galaxy Fold, que custa US$ 2000 (~ R$ 7900) e do Huawei Mate X, que custa US$ 2600 (~ R$ 10200). E a\u00ed, voc\u00ea est\u00e1 animado com o lan\u00e7amento deste novo smartphone? Conta pra gente nos coment\u00e1rios, e fique ligado!<\/span><\/p>\n\n<div style=\"font-size: 0px; height: 0px; line-height: 0px; margin: 0; padding: 0; clear: both;\"><\/div>","protected":false},"excerpt":{"rendered":"<p>Hoje viemos te trazer mais detalhes sobre este pr\u00f3ximo lan\u00e7amento que est\u00e1 por vir, o Motorola Razr 2019, que apareceu online esta semana ostentando especifica\u00e7\u00f5es como uma RAM de 6 GB e um display dobr\u00e1vel de 6,2 polegadas. D\u00ea uma conferida nesse grande lan\u00e7amento agora mesmo! Motorola Razr 2019: especifica\u00e7\u00f5es e recursos De acordo com [&hellip;]<\/p>\n","protected":false},"author":1,"featured_media":22120,"comment_status":"open","ping_status":"open","sticky":false,"template":"","format":"standard","meta":[],"categories":[7],"tags":[1393],"yoast_head":"<!-- This site is optimized with the Yoast SEO plugin v16.0.2 - https:\/\/yoast.com\/wordpress\/plugins\/seo\/ -->\n<title>Motorola Razr edi\u00e7\u00e3o 2019: design dobr\u00e1vel com tela de 6,2 polegadas, c\u00e2meras de 48 MP e com data de lan\u00e7amento marcada!<\/title>\n<meta name=\"description\" content=\"Hoje chegamos para lhe trazer mais detalhes sobre este lan\u00e7amento, o Motorola Razr 2019. D\u00ea uma olhada neste \u00f3timo lan\u00e7amento agora mesmo!\" \/>\n<link rel=\"canonical\" href=\"https:\/\/www.pricepony.com.br\/blog\/motorola-razr-edicao-2019\/\" \/>\n<meta property=\"og:locale\" content=\"pt_BR\" \/>\n<meta property=\"og:type\" content=\"article\" \/>\n<meta property=\"og:title\" content=\"Motorola Razr edi\u00e7\u00e3o 2019: design dobr\u00e1vel com tela de 6,2 polegadas, c\u00e2meras de 48 MP e com data de lan\u00e7amento marcada!\" \/>\n<meta property=\"og:description\" content=\"Hoje chegamos para lhe trazer mais detalhes sobre este lan\u00e7amento, o Motorola Razr 2019. D\u00ea uma olhada neste \u00f3timo lan\u00e7amento agora mesmo!\" \/>\n<meta property=\"og:url\" content=\"https:\/\/www.pricepony.com.br\/blog\/motorola-razr-edicao-2019\/\" \/>\n<meta property=\"og:site_name\" content=\"Price Pony\" \/>\n<meta property=\"article:published_time\" content=\"2019-04-21T03:42:41+00:00\" \/>\n<meta property=\"og:image\" content=\"https:\/\/www.pricepony.com.br\/blog\/wp-content\/uploads\/2019\/04\/Motorola-Razr-foldable.jpg\" \/>\n\t<meta property=\"og:image:width\" content=\"1200\" \/>\n\t<meta property=\"og:image:height\" content=\"630\" \/>\n<meta name=\"twitter:card\" content=\"summary\" \/>\n<meta name=\"twitter:label1\" content=\"Est. tempo de leitura\">\n\t<meta name=\"twitter:data1\" content=\"2 minutos\">\n<script type=\"application\/ld+json\" class=\"yoast-schema-graph\">{\"@context\":\"https:\/\/schema.org\",\"@graph\":[{\"@type\":\"WebSite\",\"@id\":\"https:\/\/www.pricepony.com.br\/blog\/#website\",\"url\":\"https:\/\/www.pricepony.com.br\/blog\/\",\"name\":\"Price Pony\",\"description\":\"www.pricepony.com.br\",\"potentialAction\":[{\"@type\":\"SearchAction\",\"target\":\"https:\/\/www.pricepony.com.br\/blog\/?s={search_term_string}\",\"query-input\":\"required name=search_term_string\"}],\"inLanguage\":\"pt-BR\"},{\"@type\":\"ImageObject\",\"@id\":\"https:\/\/www.pricepony.com.br\/blog\/motorola-razr-edicao-2019\/#primaryimage\",\"inLanguage\":\"pt-BR\",\"url\":\"https:\/\/www.pricepony.com.br\/blog\/wp-content\/uploads\/2019\/04\/Motorola-Razr-foldable.jpg\",\"width\":1200,\"height\":630,\"caption\":\"Motorola Razr 2019\"},{\"@type\":\"WebPage\",\"@id\":\"https:\/\/www.pricepony.com.br\/blog\/motorola-razr-edicao-2019\/#webpage\",\"url\":\"https:\/\/www.pricepony.com.br\/blog\/motorola-razr-edicao-2019\/\",\"name\":\"Motorola Razr edi\\u00e7\\u00e3o 2019: design dobr\\u00e1vel com tela de 6,2 polegadas, c\\u00e2meras de 48 MP e com data de lan\\u00e7amento marcada!\",\"isPartOf\":{\"@id\":\"https:\/\/www.pricepony.com.br\/blog\/#website\"},\"primaryImageOfPage\":{\"@id\":\"https:\/\/www.pricepony.com.br\/blog\/motorola-razr-edicao-2019\/#primaryimage\"},\"datePublished\":\"2019-04-21T03:42:41+00:00\",\"dateModified\":\"2019-04-21T03:42:41+00:00\",\"author\":{\"@id\":\"https:\/\/www.pricepony.com.br\/blog\/#\/schema\/person\/c338807e08d2e0642a2680633342a0b6\"},\"description\":\"Hoje chegamos para lhe trazer mais detalhes sobre este lan\\u00e7amento, o Motorola Razr 2019. D\\u00ea uma olhada neste \\u00f3timo lan\\u00e7amento agora mesmo!\",\"breadcrumb\":{\"@id\":\"https:\/\/www.pricepony.com.br\/blog\/motorola-razr-edicao-2019\/#breadcrumb\"},\"inLanguage\":\"pt-BR\",\"potentialAction\":[{\"@type\":\"ReadAction\",\"target\":[\"https:\/\/www.pricepony.com.br\/blog\/motorola-razr-edicao-2019\/\"]}]},{\"@type\":\"BreadcrumbList\",\"@id\":\"https:\/\/www.pricepony.com.br\/blog\/motorola-razr-edicao-2019\/#breadcrumb\",\"itemListElement\":[{\"@type\":\"ListItem\",\"position\":1,\"item\":{\"@type\":\"WebPage\",\"@id\":\"https:\/\/www.pricepony.com.br\/blog\/\",\"url\":\"https:\/\/www.pricepony.com.br\/blog\/\",\"name\":\"In\\u00edcio\"}},{\"@type\":\"ListItem\",\"position\":2,\"item\":{\"@type\":\"WebPage\",\"@id\":\"https:\/\/www.pricepony.com.br\/blog\/motorola-razr-edicao-2019\/\",\"url\":\"https:\/\/www.pricepony.com.br\/blog\/motorola-razr-edicao-2019\/\",\"name\":\"Motorola Razr edi\\u00e7\\u00e3o 2019: design dobr\\u00e1vel com tela de 6,2 polegadas, c\\u00e2meras de 48 MP e com data de lan\\u00e7amento marcada!\"}}]},{\"@type\":\"Person\",\"@id\":\"https:\/\/www.pricepony.com.br\/blog\/#\/schema\/person\/c338807e08d2e0642a2680633342a0b6\",\"name\":\"Chris Eilers\",\"image\":{\"@type\":\"ImageObject\",\"@id\":\"https:\/\/www.pricepony.com.br\/blog\/#personlogo\",\"inLanguage\":\"pt-BR\",\"url\":\"https:\/\/secure.gravatar.com\/avatar\/83e51b46626e1e91aba06adcb3bf3473?s=96&d=mm&r=g\",\"caption\":\"Chris Eilers\"},\"description\":\"Chris is an experienced Digital Marketer and Growth Hacker with work experience in Mckinsey Germany and Rocket Internet Asia. He is the CEO of Oizoioi Malaysia and actively engaged in the Startup Scene in South East Asia.\"}]}<\/script>\n<!-- \/ Yoast SEO plugin. -->","_links":{"self":[{"href":"https:\/\/www.pricepony.com.br\/blog\/wp-json\/wp\/v2\/posts\/22119"}],"collection":[{"href":"https:\/\/www.pricepony.com.br\/blog\/wp-json\/wp\/v2\/posts"}],"about":[{"href":"https:\/\/www.pricepony.com.br\/blog\/wp-json\/wp\/v2\/types\/post"}],"author":[{"embeddable":true,"href":"https:\/\/www.pricepony.com.br\/blog\/wp-json\/wp\/v2\/users\/1"}],"replies":[{"embeddable":true,"href":"https:\/\/www.pricepony.com.br\/blog\/wp-json\/wp\/v2\/comments?post=22119"}],"version-history":[{"count":0,"href":"https:\/\/www.pricepony.com.br\/blog\/wp-json\/wp\/v2\/posts\/22119\/revisions"}],"wp:featuredmedia":[{"embeddable":true,"href":"https:\/\/www.pricepony.com.br\/blog\/wp-json\/wp\/v2\/media\/22120"}],"wp:attachment":[{"href":"https:\/\/www.pricepony.com.br\/blog\/wp-json\/wp\/v2\/media?parent=22119"}],"wp:term":[{"taxonomy":"category","embeddable":true,"href":"https:\/\/www.pricepony.com.br\/blog\/wp-json\/wp\/v2\/categories?post=22119"},{"taxonomy":"post_tag","embeddable":true,"href":"https:\/\/www.pricepony.com.br\/blog\/wp-json\/wp\/v2\/tags?post=22119"}],"curies":[{"name":"wp","href":"https:\/\/api.w.org\/{rel}","templated":true}]}}