{"id":22079,"date":"2019-04-14T12:07:36","date_gmt":"2019-04-14T12:07:36","guid":{"rendered":"https:\/\/www.pricepony.com.br\/blog\/?p=22079"},"modified":"2019-04-14T12:07:36","modified_gmt":"2019-04-14T12:07:36","slug":"novo-carro-chefe-lg-g-flex-pro-vai-chegar-com-uma-camera-dupla-de-24-mp-e-bateria-de-5500mah","status":"publish","type":"post","link":"https:\/\/www.pricepony.com.br\/blog\/novo-carro-chefe-lg-g-flex-pro-vai-chegar-com-uma-camera-dupla-de-24-mp-e-bateria-de-5500mah\/","title":{"rendered":"Novo carro-chefe LG G Flex Pro vai chegar com uma c\u00e2mera dupla de 24 MP e bateria de 5500mAh!"},"content":{"rendered":"<p><b>Est\u00e1 na hora dos smartphones dobr\u00e1veis brilharem! Hoje, n\u00f3s ficamos sabendo sobre a chegada de um incr\u00edvel dispositivo que se chama LG G Flex Pro, que vai ostentar uma c\u00e2mera dupla de 24 MP e bateria de 5500 mAh. D\u00ea uma lida sobre ele agora mesmo!<\/b><\/p><div style=\"float: none; display: block; margin: 0 -10px; text-align: center;\"><!-- Top Banner PH NEW -->\n                        <ins class=\"adsbygoogle\"\n                             style=\"display:inline-block;width:728px;height:90px\"\n                             data-ad-client=\"ca-pub-4796993490224996\"\n                             data-ad-slot=\"9195989669\"><\/ins>\n                        <script>(adsbygoogle = window.adsbygoogle || []).push({});<\/script><\/div><\/p>\n<p><b><img decoding=\"async\" class=\"aligncenter wp-image-108499\" src=\"data:image\/gif;base64,R0lGODlhAQABAIAAAAAAAP\/\/\/yH5BAEAAAAALAAAAAABAAEAAAIBRAA7\" data-src=\"https:\/\/www.pricepony.com.ph\/blog\/wp-content\/uploads\/2019\/01\/LG-G-Flex.jpg\" alt=\"LG G Flex Pro\" width=\"389\" height=\"250\" \/ \/><\/b><\/p>\n<p><b>LG G Flex Pro: lista de especifica\u00e7\u00f5es<\/b><\/p>\n<p><span style=\"font-weight: 400;\">Indo al\u00e9m da tela sem bordas e do entalhe, j\u00e1 est\u00e1 na hora de falar sobre a mais nova e grande tend\u00eancia no mundo dos smartphones: tela dobr\u00e1vel! Com isso, muitos fabricantes se concentraram recentemente na cria\u00e7\u00e3o de um dispositivo dobr\u00e1vel. At\u00e9 agora, recebemos a not\u00edcia de que a Samsung, a Huawei, a Xiaomi e at\u00e9 a LG entraram nesse jogo. Hoje, vamos falar sobre o smartphone especial da LG com tela dobr\u00e1vel que se chama LG G Flex Pro!<\/span><\/p>\n<p><span style=\"font-weight: 400;\">Notavelmente, o LG G Flex Pro pode mudar a maneira como conhec\u00edamos os dispositivos da marca. Em detalhes, o dispositivo aparenta ser bastante fino, mesmo quando as duas telas se sobrep\u00f5em. Al\u00e9m disso, o dispositivo vai se dobrar horizontalmente, semelhante ao que o Samsung Galaxy dobr\u00e1vel se dobra. Em outra nota, ficamos sabendo que a LG planeja fornecer \u00e0 Lenovo e \u00e0 Dell seus pain\u00e9is OLED dobr\u00e1veis para a fabrica\u00e7\u00e3o de tablets flex\u00edveis. Agora, vamos ver o que o LG G Flex Pro vai nos oferecer! <\/span><\/p>\n<!-- Quick Adsense WordPress Plugin: http:\/\/quickadsense.com\/ -->\n<div class=\"715bb7587c5240ca50b41debac6fc6bc\" data-index=\"2\" style=\"float: none; margin:10px 0 10px 0; text-align:center;\">\n<!-- BR Middle -->\r\n<ins class=\"adsbygoogle\"\r\n     style=\"display:inline-block;width:336px;height:280px\"\r\n     data-ad-client=\"ca-pub-4796993490224996\"\r\n     data-ad-slot=\"2407662860\"><\/ins>\r\n<script>\r\n(adsbygoogle = window.adsbygoogle || []).push({});\r\n<\/script>\n<\/div>\n\n<p><img decoding=\"async\" class=\"aligncenter wp-image-108502\" src=\"data:image\/gif;base64,R0lGODlhAQABAIAAAAAAAP\/\/\/yH5BAEAAAAALAAAAAABAAEAAAIBRAA7\" data-src=\"https:\/\/www.pricepony.com.ph\/blog\/wp-content\/uploads\/2019\/01\/Samsung-Galaxy-Fold.jpg\" alt=\"LG G Flex Pro\" width=\"500\" height=\"250\" \/ \/><\/p>\n<p>Sob o cap\u00f4, as especifica\u00e7\u00f5es do LG G Flex Pro contam com uma tela de 6,5 polegadas, juntamente com a segunda tela OLED de resolu\u00e7\u00e3o 2K. Al\u00e9m disso, este telefone LG tamb\u00e9m recebe energia do poderoso chipset Qualcomm Snapdragon 855 e conta com<a href=\"https:\/\/www.pricepony.com.br\/blog\/?s=+8+GB+de+RAM\" target=\"_blank\" rel=\"noopener noreferrer\"> 8 GB de RAM<\/a>. Quando se trata de armazenamento interno, este carro-chefe fornece uma ROM de 128 GB ou 256 GB, expans\u00edvel at\u00e9 512 GB atrav\u00e9s de um cart\u00e3o microSD. Al\u00e9m disso, o novo telefone dobr\u00e1vel da LG vem com duas c\u00e2meras traseiras de 24 MP. Enquanto isso, na parte da frente h\u00e1 um sensor de 20 MP para selfies. Em rela\u00e7\u00e3o ao fornecimento de energia, a bateria deste telefone LG \u00e9 uma Li-Po de 5500 mAh n\u00e3o remov\u00edvel. Em rela\u00e7\u00e3o ao sistema operacional, este celular LG vir\u00e1 rodando na vers\u00e3o mais recente do Android 9.0 Pie.<\/p>\n<p><b>LG G Flex Pro: data de lan\u00e7amento e pre\u00e7o <\/b><\/p>\n<p><span style=\"font-weight: 400;\">Como mencionado acima, podemos esperar que este aparelho apare\u00e7a no evento MWC 2019 deste ano. Al\u00e9m disso, para o custo, o pre\u00e7o do LG G Flex Pro deve come\u00e7ar em torno de US$ 950, o que equivale a aproximadamente R$ 3800. O que voc\u00ea achou deste novo carro-chefe dobr\u00e1vel? Deixe um coment\u00e1rio e conta pra gente!<\/span><\/p>\n\n<div style=\"font-size: 0px; height: 0px; line-height: 0px; margin: 0; padding: 0; clear: both;\"><\/div>","protected":false},"excerpt":{"rendered":"<p>Est\u00e1 na hora dos smartphones dobr\u00e1veis brilharem! Hoje, n\u00f3s ficamos sabendo sobre a chegada de um incr\u00edvel dispositivo que se chama LG G Flex Pro, que vai ostentar uma c\u00e2mera dupla de 24 MP e bateria de 5500 mAh. D\u00ea uma lida sobre ele agora mesmo! LG G Flex Pro: lista de especifica\u00e7\u00f5es Indo al\u00e9m [&hellip;]<\/p>\n","protected":false},"author":1,"featured_media":22080,"comment_status":"open","ping_status":"open","sticky":false,"template":"","format":"standard","meta":[],"categories":[7],"tags":[328,1381,1382],"yoast_head":"<!-- This site is optimized with the Yoast SEO plugin v16.0.2 - https:\/\/yoast.com\/wordpress\/plugins\/seo\/ -->\n<title>Novo carro-chefe LG G Flex Pro vai chegar com uma c\u00e2mera dupla de 24 MP e bateria de 5500mAh!<\/title>\n<meta name=\"description\" content=\"\u00c9 hora de dobrar smartphones para brilhar! Hoje, aprendemos sobre a chegada de um dispositivo incr\u00edvel chamado LG G Flex Pro. Leia sobre isso agora mesmo!\" \/>\n<link rel=\"canonical\" href=\"https:\/\/www.pricepony.com.br\/blog\/novo-carro-chefe-lg-g-flex-pro-vai-chegar-com-uma-camera-dupla-de-24-mp-e-bateria-de-5500mah\/\" \/>\n<meta property=\"og:locale\" content=\"pt_BR\" \/>\n<meta property=\"og:type\" content=\"article\" \/>\n<meta property=\"og:title\" content=\"Novo carro-chefe LG G Flex Pro vai chegar com uma c\u00e2mera dupla de 24 MP e bateria de 5500mAh!\" \/>\n<meta property=\"og:description\" content=\"\u00c9 hora de dobrar smartphones para brilhar! Hoje, aprendemos sobre a chegada de um dispositivo incr\u00edvel chamado LG G Flex Pro. Leia sobre isso agora mesmo!\" \/>\n<meta property=\"og:url\" content=\"https:\/\/www.pricepony.com.br\/blog\/novo-carro-chefe-lg-g-flex-pro-vai-chegar-com-uma-camera-dupla-de-24-mp-e-bateria-de-5500mah\/\" \/>\n<meta property=\"og:site_name\" content=\"Price Pony\" \/>\n<meta property=\"article:published_time\" content=\"2019-04-14T12:07:36+00:00\" \/>\n<meta property=\"og:image\" content=\"https:\/\/www.pricepony.com.br\/blog\/wp-content\/uploads\/2019\/04\/08-1002_LG-G-Flex-Pro.jpg\" \/>\n\t<meta property=\"og:image:width\" content=\"1200\" \/>\n\t<meta property=\"og:image:height\" content=\"630\" \/>\n<meta name=\"twitter:card\" content=\"summary\" \/>\n<meta name=\"twitter:label1\" content=\"Est. tempo de leitura\">\n\t<meta name=\"twitter:data1\" content=\"2 minutos\">\n<script type=\"application\/ld+json\" class=\"yoast-schema-graph\">{\"@context\":\"https:\/\/schema.org\",\"@graph\":[{\"@type\":\"WebSite\",\"@id\":\"https:\/\/www.pricepony.com.br\/blog\/#website\",\"url\":\"https:\/\/www.pricepony.com.br\/blog\/\",\"name\":\"Price Pony\",\"description\":\"www.pricepony.com.br\",\"potentialAction\":[{\"@type\":\"SearchAction\",\"target\":\"https:\/\/www.pricepony.com.br\/blog\/?s={search_term_string}\",\"query-input\":\"required name=search_term_string\"}],\"inLanguage\":\"pt-BR\"},{\"@type\":\"ImageObject\",\"@id\":\"https:\/\/www.pricepony.com.br\/blog\/novo-carro-chefe-lg-g-flex-pro-vai-chegar-com-uma-camera-dupla-de-24-mp-e-bateria-de-5500mah\/#primaryimage\",\"inLanguage\":\"pt-BR\",\"url\":\"https:\/\/www.pricepony.com.br\/blog\/wp-content\/uploads\/2019\/04\/08-1002_LG-G-Flex-Pro.jpg\",\"width\":1200,\"height\":630,\"caption\":\"LG G Flex Pro\"},{\"@type\":\"WebPage\",\"@id\":\"https:\/\/www.pricepony.com.br\/blog\/novo-carro-chefe-lg-g-flex-pro-vai-chegar-com-uma-camera-dupla-de-24-mp-e-bateria-de-5500mah\/#webpage\",\"url\":\"https:\/\/www.pricepony.com.br\/blog\/novo-carro-chefe-lg-g-flex-pro-vai-chegar-com-uma-camera-dupla-de-24-mp-e-bateria-de-5500mah\/\",\"name\":\"Novo carro-chefe LG G Flex Pro vai chegar com uma c\\u00e2mera dupla de 24 MP e bateria de 5500mAh!\",\"isPartOf\":{\"@id\":\"https:\/\/www.pricepony.com.br\/blog\/#website\"},\"primaryImageOfPage\":{\"@id\":\"https:\/\/www.pricepony.com.br\/blog\/novo-carro-chefe-lg-g-flex-pro-vai-chegar-com-uma-camera-dupla-de-24-mp-e-bateria-de-5500mah\/#primaryimage\"},\"datePublished\":\"2019-04-14T12:07:36+00:00\",\"dateModified\":\"2019-04-14T12:07:36+00:00\",\"author\":{\"@id\":\"https:\/\/www.pricepony.com.br\/blog\/#\/schema\/person\/c338807e08d2e0642a2680633342a0b6\"},\"description\":\"\\u00c9 hora de dobrar smartphones para brilhar! Hoje, aprendemos sobre a chegada de um dispositivo incr\\u00edvel chamado LG G Flex Pro. Leia sobre isso agora mesmo!\",\"breadcrumb\":{\"@id\":\"https:\/\/www.pricepony.com.br\/blog\/novo-carro-chefe-lg-g-flex-pro-vai-chegar-com-uma-camera-dupla-de-24-mp-e-bateria-de-5500mah\/#breadcrumb\"},\"inLanguage\":\"pt-BR\",\"potentialAction\":[{\"@type\":\"ReadAction\",\"target\":[\"https:\/\/www.pricepony.com.br\/blog\/novo-carro-chefe-lg-g-flex-pro-vai-chegar-com-uma-camera-dupla-de-24-mp-e-bateria-de-5500mah\/\"]}]},{\"@type\":\"BreadcrumbList\",\"@id\":\"https:\/\/www.pricepony.com.br\/blog\/novo-carro-chefe-lg-g-flex-pro-vai-chegar-com-uma-camera-dupla-de-24-mp-e-bateria-de-5500mah\/#breadcrumb\",\"itemListElement\":[{\"@type\":\"ListItem\",\"position\":1,\"item\":{\"@type\":\"WebPage\",\"@id\":\"https:\/\/www.pricepony.com.br\/blog\/\",\"url\":\"https:\/\/www.pricepony.com.br\/blog\/\",\"name\":\"In\\u00edcio\"}},{\"@type\":\"ListItem\",\"position\":2,\"item\":{\"@type\":\"WebPage\",\"@id\":\"https:\/\/www.pricepony.com.br\/blog\/novo-carro-chefe-lg-g-flex-pro-vai-chegar-com-uma-camera-dupla-de-24-mp-e-bateria-de-5500mah\/\",\"url\":\"https:\/\/www.pricepony.com.br\/blog\/novo-carro-chefe-lg-g-flex-pro-vai-chegar-com-uma-camera-dupla-de-24-mp-e-bateria-de-5500mah\/\",\"name\":\"Novo carro-chefe LG G Flex Pro vai chegar com uma c\\u00e2mera dupla de 24 MP e bateria de 5500mAh!\"}}]},{\"@type\":\"Person\",\"@id\":\"https:\/\/www.pricepony.com.br\/blog\/#\/schema\/person\/c338807e08d2e0642a2680633342a0b6\",\"name\":\"Chris Eilers\",\"image\":{\"@type\":\"ImageObject\",\"@id\":\"https:\/\/www.pricepony.com.br\/blog\/#personlogo\",\"inLanguage\":\"pt-BR\",\"url\":\"https:\/\/secure.gravatar.com\/avatar\/83e51b46626e1e91aba06adcb3bf3473?s=96&d=mm&r=g\",\"caption\":\"Chris Eilers\"},\"description\":\"Chris is an experienced Digital Marketer and Growth Hacker with work experience in Mckinsey Germany and Rocket Internet Asia. He is the CEO of Oizoioi Malaysia and actively engaged in the Startup Scene in South East Asia.\"}]}<\/script>\n<!-- \/ Yoast SEO plugin. -->","_links":{"self":[{"href":"https:\/\/www.pricepony.com.br\/blog\/wp-json\/wp\/v2\/posts\/22079"}],"collection":[{"href":"https:\/\/www.pricepony.com.br\/blog\/wp-json\/wp\/v2\/posts"}],"about":[{"href":"https:\/\/www.pricepony.com.br\/blog\/wp-json\/wp\/v2\/types\/post"}],"author":[{"embeddable":true,"href":"https:\/\/www.pricepony.com.br\/blog\/wp-json\/wp\/v2\/users\/1"}],"replies":[{"embeddable":true,"href":"https:\/\/www.pricepony.com.br\/blog\/wp-json\/wp\/v2\/comments?post=22079"}],"version-history":[{"count":0,"href":"https:\/\/www.pricepony.com.br\/blog\/wp-json\/wp\/v2\/posts\/22079\/revisions"}],"wp:featuredmedia":[{"embeddable":true,"href":"https:\/\/www.pricepony.com.br\/blog\/wp-json\/wp\/v2\/media\/22080"}],"wp:attachment":[{"href":"https:\/\/www.pricepony.com.br\/blog\/wp-json\/wp\/v2\/media?parent=22079"}],"wp:term":[{"taxonomy":"category","embeddable":true,"href":"https:\/\/www.pricepony.com.br\/blog\/wp-json\/wp\/v2\/categories?post=22079"},{"taxonomy":"post_tag","embeddable":true,"href":"https:\/\/www.pricepony.com.br\/blog\/wp-json\/wp\/v2\/tags?post=22079"}],"curies":[{"name":"wp","href":"https:\/\/api.w.org\/{rel}","templated":true}]}}