{"id":22014,"date":"2019-03-31T02:06:38","date_gmt":"2019-03-31T02:06:38","guid":{"rendered":"https:\/\/www.pricepony.com.br\/blog\/?p=22014"},"modified":"2019-03-31T02:06:38","modified_gmt":"2019-03-31T02:06:38","slug":"novo-carro-chefe-nokia-r9-pro","status":"publish","type":"post","link":"https:\/\/www.pricepony.com.br\/blog\/novo-carro-chefe-nokia-r9-pro\/","title":{"rendered":"Novo carro-chefe Nokia R9 Pro: 12 GB de RAM, c\u00e2meras triplas de 45 MP e conectividade para rede 5G!"},"content":{"rendered":"<p><b>A HMD Global est\u00e1 trabalhando em uma nova m\u00e1quina da Nokia que chega com 12 GB de RAM, c\u00e2meras triplas de 45 MP e suporte para rede 5G. Vamos conhecer o Nokia R9 Pro 2019, aqui embaixo!<\/b><\/p><div style=\"float: none; display: block; margin: 0 -10px; text-align: center;\"><!-- Top Banner PH NEW -->\n                        <ins class=\"adsbygoogle\"\n                             style=\"display:inline-block;width:728px;height:90px\"\n                             data-ad-client=\"ca-pub-4796993490224996\"\n                             data-ad-slot=\"9195989669\"><\/ins>\n                        <script>(adsbygoogle = window.adsbygoogle || []).push({});<\/script><\/div><\/p>\n<p><img decoding=\"async\" class=\"aligncenter wp-image-109819\" src=\"data:image\/gif;base64,R0lGODlhAQABAIAAAAAAAP\/\/\/yH5BAEAAAAALAAAAAABAAEAAAIBRAA7\" data-src=\"https:\/\/www.pricepony.com.ph\/blog\/wp-content\/uploads\/2019\/02\/Nokia-Vitech-2019.jpg\" alt=\"Nokia R9 Pro flagship\" width=\"478\" height=\"250\" \/ \/><\/p>\n<h3><b>Carro-chefe Nokia R9 Pro<\/b><\/h3>\n<p><span style=\"font-weight: 400;\">Em se tratando de smartphones, a Nokia \u00e9 uma das melhores marcas de smartphones Android do mundo dos mobiles. Dito isso, j\u00e1 sabemos que a empresa finlandesa come\u00e7ou o desenvolvimento de mais um novo smartphone com especifica\u00e7\u00f5es e recursos impressionantes. Com base nos \u00faltimos relat\u00f3rios, a HMD Global planeja introduzir um novo carro-chefe, com o suporte \u00e0 rede 5G, apelidado de Nokia R9. Hoje, viemos te contar que este carro-chefe vai receber uma variante atualizada, chamada de R9 Pro, que possui um design deslumbrante.<\/span><\/p>\n<p><span style=\"font-weight: 400;\">O Nokia R9 Pro \u00e9 um dos mas esperados smartphones a serem lan\u00e7ados em 2019. De forma interessante, um dos pontos fortes deste novo lan\u00e7amento \u00e9 a Styles Pen, uma caneta que funciona de forma semelhante \u00e0 Stylus Pen da Samsung, utilizada na s\u00e9rie Galaxy Note. Enquanto isso, as especifica\u00e7\u00f5es do Nokia R9 2019 vao contar com um display de 6,4 polegadas AMOLED com resolu\u00e7\u00e3o 4K. Para oferecer um \u00f3timo desempenho, este dispositivo vai rodar no Qualcomm Snapdragon 855 Soc como processador. <\/span><\/p>\n<!-- Quick Adsense WordPress Plugin: http:\/\/quickadsense.com\/ -->\n<div class=\"715bb7587c5240ca50b41debac6fc6bc\" data-index=\"2\" style=\"float: none; margin:10px 0 10px 0; text-align:center;\">\n<!-- BR Middle -->\r\n<ins class=\"adsbygoogle\"\r\n     style=\"display:inline-block;width:336px;height:280px\"\r\n     data-ad-client=\"ca-pub-4796993490224996\"\r\n     data-ad-slot=\"2407662860\"><\/ins>\r\n<script>\r\n(adsbygoogle = window.adsbygoogle || []).push({});\r\n<\/script>\n<\/div>\n\n<p><img decoding=\"async\" class=\"aligncenter size-full wp-image-110035\" src=\"data:image\/gif;base64,R0lGODlhAQABAIAAAAAAAP\/\/\/yH5BAEAAAAALAAAAAABAAEAAAIBRAA7\" data-src=\"https:\/\/www.pricepony.com.ph\/blog\/wp-content\/uploads\/2019\/03\/Nokia-Note-Xtreme.png\" alt=\"Nokia N10 Max 2019 vs Samsung\" width=\"478\" height=\"250\" \/ \/><\/p>\n<p>Falando agora sobre o armazenamento, o Nokia R9 Pro chega em diferentes vers\u00f5es de <a href=\"https:\/\/www.pricepony.com.br\/blog\/?s=10+GB+\" target=\"_blank\" rel=\"noopener noreferrer\">10 GB <\/a>ou 12 GB de RAM, com 512 GB de ROM. E este armazenamento interno \u00e9 expans\u00edvel at\u00e9 1 TB. Em rela\u00e7\u00e3o \u00e0 fotografia, a c\u00e2mera do Nokia R9 Pro 2019 oferece uma lente tripla de 46 MP + 21 MP (grande angular) + 5 MP (telefoto) na parte traseira. Enquanto isso, o dispositivo Nokia um \u00fanico sensor de 13 MP na parte da frente para selfies e chamadas de v\u00eddeo. Quanto as especifica\u00e7\u00f5es de energia, para manter a luz acesa h\u00e1 uma enorme bateria com capacidade 6000 mAh e com suporte para carregamento sem fio. Quanto ao software, o smartphone Nokia \u00e9 executado no Android 9.0 Pie.<\/p>\n<h3><b>Nokia R9 Pro: data de lan\u00e7amento e pre\u00e7o<\/b><\/h3>\n<p><span style=\"font-weight: 400;\">O que sabemos at\u00e9 agora \u00e9 que a empresa finlandesa est\u00e1 pronta para lan\u00e7ar seu novo monstro por agora, no in\u00edcio de 2019. E quanto ao custo? O pre\u00e7o do Nokia R9 Pro 2019, deve come\u00e7ar em torno de US$ 650 (~ R$ 2600). O que voc\u00ea achou deste dispositivo? Fique de olho nas novidades e compartilhe sua opini\u00e3o com a gente aqui embaixo!<\/span><\/p>\n\n<div style=\"font-size: 0px; height: 0px; line-height: 0px; margin: 0; padding: 0; clear: both;\"><\/div>","protected":false},"excerpt":{"rendered":"<p>A HMD Global est\u00e1 trabalhando em uma nova m\u00e1quina da Nokia que chega com 12 GB de RAM, c\u00e2meras triplas de 45 MP e suporte para rede 5G. Vamos conhecer o Nokia R9 Pro 2019, aqui embaixo! Carro-chefe Nokia R9 Pro Em se tratando de smartphones, a Nokia \u00e9 uma das melhores marcas de smartphones [&hellip;]<\/p>\n","protected":false},"author":1,"featured_media":22015,"comment_status":"open","ping_status":"open","sticky":false,"template":"","format":"standard","meta":[],"categories":[7],"tags":[1366],"yoast_head":"<!-- This site is optimized with the Yoast SEO plugin v16.0.2 - https:\/\/yoast.com\/wordpress\/plugins\/seo\/ -->\n<title>Novo carro-chefe Nokia R9 Pro: 12 GB de RAM, c\u00e2meras triplas de 45 MP e conectividade para rede 5G!<\/title>\n<meta name=\"description\" content=\"A HMD Global est\u00e1 trabalhando em uma nova m\u00e1quina Nokia que chegar\u00e1 em breve. Vamos conhecer o Nokia R9 Pro 2019 aqui embaixo!\" \/>\n<link rel=\"canonical\" href=\"https:\/\/www.pricepony.com.br\/blog\/novo-carro-chefe-nokia-r9-pro\/\" \/>\n<meta property=\"og:locale\" content=\"pt_BR\" \/>\n<meta property=\"og:type\" content=\"article\" \/>\n<meta property=\"og:title\" content=\"Novo carro-chefe Nokia R9 Pro: 12 GB de RAM, c\u00e2meras triplas de 45 MP e conectividade para rede 5G!\" \/>\n<meta property=\"og:description\" content=\"A HMD Global est\u00e1 trabalhando em uma nova m\u00e1quina Nokia que chegar\u00e1 em breve. Vamos conhecer o Nokia R9 Pro 2019 aqui embaixo!\" \/>\n<meta property=\"og:url\" content=\"https:\/\/www.pricepony.com.br\/blog\/novo-carro-chefe-nokia-r9-pro\/\" \/>\n<meta property=\"og:site_name\" content=\"Price Pony\" \/>\n<meta property=\"article:published_time\" content=\"2019-03-31T02:06:38+00:00\" \/>\n<meta property=\"og:image\" content=\"https:\/\/www.pricepony.com.br\/blog\/wp-content\/uploads\/2019\/03\/Nokia-R9-Pro.jpg\" \/>\n\t<meta property=\"og:image:width\" content=\"1200\" \/>\n\t<meta property=\"og:image:height\" content=\"628\" \/>\n<meta name=\"twitter:card\" content=\"summary\" \/>\n<meta name=\"twitter:label1\" content=\"Est. tempo de leitura\">\n\t<meta name=\"twitter:data1\" content=\"2 minutos\">\n<script type=\"application\/ld+json\" class=\"yoast-schema-graph\">{\"@context\":\"https:\/\/schema.org\",\"@graph\":[{\"@type\":\"WebSite\",\"@id\":\"https:\/\/www.pricepony.com.br\/blog\/#website\",\"url\":\"https:\/\/www.pricepony.com.br\/blog\/\",\"name\":\"Price Pony\",\"description\":\"www.pricepony.com.br\",\"potentialAction\":[{\"@type\":\"SearchAction\",\"target\":\"https:\/\/www.pricepony.com.br\/blog\/?s={search_term_string}\",\"query-input\":\"required name=search_term_string\"}],\"inLanguage\":\"pt-BR\"},{\"@type\":\"ImageObject\",\"@id\":\"https:\/\/www.pricepony.com.br\/blog\/novo-carro-chefe-nokia-r9-pro\/#primaryimage\",\"inLanguage\":\"pt-BR\",\"url\":\"https:\/\/www.pricepony.com.br\/blog\/wp-content\/uploads\/2019\/03\/Nokia-R9-Pro.jpg\",\"width\":1200,\"height\":628,\"caption\":\"Nokia R9 Pro\"},{\"@type\":\"WebPage\",\"@id\":\"https:\/\/www.pricepony.com.br\/blog\/novo-carro-chefe-nokia-r9-pro\/#webpage\",\"url\":\"https:\/\/www.pricepony.com.br\/blog\/novo-carro-chefe-nokia-r9-pro\/\",\"name\":\"Novo carro-chefe Nokia R9 Pro: 12 GB de RAM, c\\u00e2meras triplas de 45 MP e conectividade para rede 5G!\",\"isPartOf\":{\"@id\":\"https:\/\/www.pricepony.com.br\/blog\/#website\"},\"primaryImageOfPage\":{\"@id\":\"https:\/\/www.pricepony.com.br\/blog\/novo-carro-chefe-nokia-r9-pro\/#primaryimage\"},\"datePublished\":\"2019-03-31T02:06:38+00:00\",\"dateModified\":\"2019-03-31T02:06:38+00:00\",\"author\":{\"@id\":\"https:\/\/www.pricepony.com.br\/blog\/#\/schema\/person\/c338807e08d2e0642a2680633342a0b6\"},\"description\":\"A HMD Global est\\u00e1 trabalhando em uma nova m\\u00e1quina Nokia que chegar\\u00e1 em breve. Vamos conhecer o Nokia R9 Pro 2019 aqui embaixo!\",\"breadcrumb\":{\"@id\":\"https:\/\/www.pricepony.com.br\/blog\/novo-carro-chefe-nokia-r9-pro\/#breadcrumb\"},\"inLanguage\":\"pt-BR\",\"potentialAction\":[{\"@type\":\"ReadAction\",\"target\":[\"https:\/\/www.pricepony.com.br\/blog\/novo-carro-chefe-nokia-r9-pro\/\"]}]},{\"@type\":\"BreadcrumbList\",\"@id\":\"https:\/\/www.pricepony.com.br\/blog\/novo-carro-chefe-nokia-r9-pro\/#breadcrumb\",\"itemListElement\":[{\"@type\":\"ListItem\",\"position\":1,\"item\":{\"@type\":\"WebPage\",\"@id\":\"https:\/\/www.pricepony.com.br\/blog\/\",\"url\":\"https:\/\/www.pricepony.com.br\/blog\/\",\"name\":\"In\\u00edcio\"}},{\"@type\":\"ListItem\",\"position\":2,\"item\":{\"@type\":\"WebPage\",\"@id\":\"https:\/\/www.pricepony.com.br\/blog\/novo-carro-chefe-nokia-r9-pro\/\",\"url\":\"https:\/\/www.pricepony.com.br\/blog\/novo-carro-chefe-nokia-r9-pro\/\",\"name\":\"Novo carro-chefe Nokia R9 Pro: 12 GB de RAM, c\\u00e2meras triplas de 45 MP e conectividade para rede 5G!\"}}]},{\"@type\":\"Person\",\"@id\":\"https:\/\/www.pricepony.com.br\/blog\/#\/schema\/person\/c338807e08d2e0642a2680633342a0b6\",\"name\":\"Chris Eilers\",\"image\":{\"@type\":\"ImageObject\",\"@id\":\"https:\/\/www.pricepony.com.br\/blog\/#personlogo\",\"inLanguage\":\"pt-BR\",\"url\":\"https:\/\/secure.gravatar.com\/avatar\/83e51b46626e1e91aba06adcb3bf3473?s=96&d=mm&r=g\",\"caption\":\"Chris Eilers\"},\"description\":\"Chris is an experienced Digital Marketer and Growth Hacker with work experience in Mckinsey Germany and Rocket Internet Asia. He is the CEO of Oizoioi Malaysia and actively engaged in the Startup Scene in South East Asia.\"}]}<\/script>\n<!-- \/ Yoast SEO plugin. -->","_links":{"self":[{"href":"https:\/\/www.pricepony.com.br\/blog\/wp-json\/wp\/v2\/posts\/22014"}],"collection":[{"href":"https:\/\/www.pricepony.com.br\/blog\/wp-json\/wp\/v2\/posts"}],"about":[{"href":"https:\/\/www.pricepony.com.br\/blog\/wp-json\/wp\/v2\/types\/post"}],"author":[{"embeddable":true,"href":"https:\/\/www.pricepony.com.br\/blog\/wp-json\/wp\/v2\/users\/1"}],"replies":[{"embeddable":true,"href":"https:\/\/www.pricepony.com.br\/blog\/wp-json\/wp\/v2\/comments?post=22014"}],"version-history":[{"count":0,"href":"https:\/\/www.pricepony.com.br\/blog\/wp-json\/wp\/v2\/posts\/22014\/revisions"}],"wp:featuredmedia":[{"embeddable":true,"href":"https:\/\/www.pricepony.com.br\/blog\/wp-json\/wp\/v2\/media\/22015"}],"wp:attachment":[{"href":"https:\/\/www.pricepony.com.br\/blog\/wp-json\/wp\/v2\/media?parent=22014"}],"wp:term":[{"taxonomy":"category","embeddable":true,"href":"https:\/\/www.pricepony.com.br\/blog\/wp-json\/wp\/v2\/categories?post=22014"},{"taxonomy":"post_tag","embeddable":true,"href":"https:\/\/www.pricepony.com.br\/blog\/wp-json\/wp\/v2\/tags?post=22014"}],"curies":[{"name":"wp","href":"https:\/\/api.w.org\/{rel}","templated":true}]}}