{"id":21926,"date":"2019-03-10T13:49:47","date_gmt":"2019-03-10T13:49:47","guid":{"rendered":"https:\/\/www.pricepony.com.br\/blog\/?p=21926"},"modified":"2019-03-10T13:49:47","modified_gmt":"2019-03-10T13:49:47","slug":"novo-carro-chefe-samsung-galaxy-beam-pro-max","status":"publish","type":"post","link":"https:\/\/www.pricepony.com.br\/blog\/novo-carro-chefe-samsung-galaxy-beam-pro-max\/","title":{"rendered":"Novo carro-chefe Samsung Galaxy Beam Pro Max: c\u00e2mera dupla de 48 MP, 12 GB de RAM e mais\u2026>"},"content":{"rendered":"<p><b>E a\u00ed, voc\u00ea est\u00e1 preparado para conhecer o mais recenete membro da s\u00e9rie Galaxy Beam? Ele se chama Samsung Galaxy Beam Pro Max e vai vir equipado com uma c\u00e2mera dupla de 48 MP, 12 GB de RAM e muito mais? Descubra todas as informa\u00e7\u00f5es agora mesmo!<img decoding=\"async\" class=\"aligncenter wp-image-109757 size-full\" src=\"data:image\/gif;base64,R0lGODlhAQABAIAAAAAAAP\/\/\/yH5BAEAAAAALAAAAAABAAEAAAIBRAA7\" data-src=\"https:\/\/www.pricepony.com.ph\/blog\/wp-content\/uploads\/2019\/03\/Samsung-X-Premium-2-2-1-e1506357120774.jpg\" alt=\"Samsung Galaxy Beam Pro Max flagship\" width=\"478\" height=\"250\" \/ \/><\/b><\/p><div style=\"float: none; display: block; margin: 0 -10px; text-align: center;\"><!-- Top Banner PH NEW -->\n                        <ins class=\"adsbygoogle\"\n                             style=\"display:inline-block;width:728px;height:90px\"\n                             data-ad-client=\"ca-pub-4796993490224996\"\n                             data-ad-slot=\"9195989669\"><\/ins>\n                        <script>(adsbygoogle = window.adsbygoogle || []).push({});<\/script><\/div><\/p>\n<h3><b>Novo carro-chefe Samsung Galaxy Beam Pro Max<\/b><\/h3>\n<p><span style=\"font-weight: 400;\">Como voc\u00ea deve se lembrar, a Samsung possui uma s\u00e9rie de smartphones que se chamam Galaxy Beam. Na \u00e9poca dos primeiros lan\u00e7amentos Galaxy Beam, a s\u00e9rie contava com representantes inspiradores, que possui recursos de c\u00e2mera inovadores. No entanto, dali pra frente, a gigante coreana decidiu se concentrar mais em suas linhas Galaxy S e Note. Este ano, eles parecem estar prontos para o retorno da s\u00e9rie Galaxy Beam, com um novo dispositivo, chamado Galaxy Beam Pro Max!<\/span><\/p>\n<!-- Quick Adsense WordPress Plugin: http:\/\/quickadsense.com\/ -->\n<div class=\"715bb7587c5240ca50b41debac6fc6bc\" data-index=\"2\" style=\"float: none; margin:10px 0 10px 0; text-align:center;\">\n<!-- BR Middle -->\r\n<ins class=\"adsbygoogle\"\r\n     style=\"display:inline-block;width:336px;height:280px\"\r\n     data-ad-client=\"ca-pub-4796993490224996\"\r\n     data-ad-slot=\"2407662860\"><\/ins>\r\n<script>\r\n(adsbygoogle = window.adsbygoogle || []).push({});\r\n<\/script>\n<\/div>\n\n<p><span style=\"font-weight: 400;\">O Beam Pro Max seria uma vers\u00e3o atualizada do aparelho anterior Galaxy Beam Pro 2019. Em detalhes, as especifica\u00e7\u00f5es do Samsung Galaxy Beam Pro Max apresentam uma grande tela Super AMOLED de 6,23 polegadas com resolu\u00e7\u00e3o de 2560 \u00d7 1440 pixels. E ainda tem mais, este novo carro-chefe da Samsung tamb\u00e9m recebe a prote\u00e7\u00e3o da Corning Gorilla Glass 6. Al\u00e9m disso, este dispositivo est\u00e1 previsto para oferecer 12 GB de RAM e 512 GB de ROM (expans\u00edvel at\u00e9 1 TB).<img decoding=\"async\" class=\"aligncenter wp-image-109756\" src=\"data:image\/gif;base64,R0lGODlhAQABAIAAAAAAAP\/\/\/yH5BAEAAAAALAAAAAABAAEAAAIBRAA7\" data-src=\"https:\/\/www.pricepony.com.ph\/blog\/wp-content\/uploads\/2019\/03\/samsung-galaxy-note-8-concept-design_1500102801170.jpg\" alt=\"Samsung Galaxy Beam Pro Max flagship\" width=\"378\" height=\"250\" \/ \/><\/span><\/p>\n<p><span style=\"font-weight: 400;\">Voc\u00ea quer saber sobre as especifica\u00e7\u00f5es de fotografia? Como vimos, a c\u00e2mera do Samsung Galaxy Beam Pro Max consiste em um sistema duplo de sensores traseiros de 48 MP, al\u00e9m de um sensor frontal de 20 MP. Al\u00e9m disso, o telefone Samsung vai contar com o Projetor Laser HD embutido que pode criar luz para mostrar imagens 3D. Para oferecer um bom desempenho com todos esses recursos, o telefone Beam Pro Max ser\u00e1 executado no chipset <a href=\"https:\/\/www.pricepony.com.br\/blog\/?s=Qualcomm+Snapdragon+855\" target=\"_blank\" rel=\"noopener noreferrer\">Qualcomm Snapdragon 855<\/a>. Para o software, o dispositivo Samsung vem equipado com o Android 9 Pie, e para a bateria, oferece uma capacidade de 7600 mAh.<\/span><\/p>\n\n<div style=\"font-size: 0px; height: 0px; line-height: 0px; margin: 0; padding: 0; clear: both;\"><\/div>","protected":false},"excerpt":{"rendered":"<p>E a\u00ed, voc\u00ea est\u00e1 preparado para conhecer o mais recenete membro da s\u00e9rie Galaxy Beam? Ele se chama Samsung Galaxy Beam Pro Max e vai vir equipado com uma c\u00e2mera dupla de 48 MP, 12 GB de RAM e muito mais? Descubra todas as informa\u00e7\u00f5es agora mesmo! Novo carro-chefe Samsung Galaxy Beam Pro Max Como [&hellip;]<\/p>\n","protected":false},"author":1,"featured_media":21927,"comment_status":"open","ping_status":"open","sticky":false,"template":"","format":"standard","meta":[],"categories":[7],"tags":[1335],"yoast_head":"<!-- This site is optimized with the Yoast SEO plugin v16.0.2 - https:\/\/yoast.com\/wordpress\/plugins\/seo\/ -->\n<title>Novo carro-chefe Samsung Galaxy Beam Pro Max: c\u00e2mera dupla de 48 MP, 12 GB de RAM e mais\u2026&gt;<\/title>\n<meta name=\"description\" content=\"Ent\u00e3o, voc\u00ea est\u00e1 preparado para conhecer o mais novo membro da s\u00e9rie Galaxy Beam? \u00c9 chamado Samsung Galaxy Beam Pro Max. Clique aqui para saber mais !!!\" \/>\n<link rel=\"canonical\" href=\"https:\/\/www.pricepony.com.br\/blog\/novo-carro-chefe-samsung-galaxy-beam-pro-max\/\" \/>\n<meta property=\"og:locale\" content=\"pt_BR\" \/>\n<meta property=\"og:type\" content=\"article\" \/>\n<meta property=\"og:title\" content=\"Novo carro-chefe Samsung Galaxy Beam Pro Max: c\u00e2mera dupla de 48 MP, 12 GB de RAM e mais\u2026&gt;\" \/>\n<meta property=\"og:description\" content=\"Ent\u00e3o, voc\u00ea est\u00e1 preparado para conhecer o mais novo membro da s\u00e9rie Galaxy Beam? \u00c9 chamado Samsung Galaxy Beam Pro Max. Clique aqui para saber mais !!!\" \/>\n<meta property=\"og:url\" content=\"https:\/\/www.pricepony.com.br\/blog\/novo-carro-chefe-samsung-galaxy-beam-pro-max\/\" \/>\n<meta property=\"og:site_name\" content=\"Price Pony\" \/>\n<meta property=\"article:published_time\" content=\"2019-03-10T13:49:47+00:00\" \/>\n<meta property=\"og:image\" content=\"https:\/\/www.pricepony.com.br\/blog\/wp-content\/uploads\/2019\/03\/Samsung-Galaxy-Beam-Pro-Max.jpg\" \/>\n\t<meta property=\"og:image:width\" content=\"1200\" \/>\n\t<meta property=\"og:image:height\" content=\"628\" \/>\n<meta name=\"twitter:card\" content=\"summary\" \/>\n<meta name=\"twitter:label1\" content=\"Est. tempo de leitura\">\n\t<meta name=\"twitter:data1\" content=\"2 minutos\">\n<script type=\"application\/ld+json\" class=\"yoast-schema-graph\">{\"@context\":\"https:\/\/schema.org\",\"@graph\":[{\"@type\":\"WebSite\",\"@id\":\"https:\/\/www.pricepony.com.br\/blog\/#website\",\"url\":\"https:\/\/www.pricepony.com.br\/blog\/\",\"name\":\"Price Pony\",\"description\":\"www.pricepony.com.br\",\"potentialAction\":[{\"@type\":\"SearchAction\",\"target\":\"https:\/\/www.pricepony.com.br\/blog\/?s={search_term_string}\",\"query-input\":\"required name=search_term_string\"}],\"inLanguage\":\"pt-BR\"},{\"@type\":\"ImageObject\",\"@id\":\"https:\/\/www.pricepony.com.br\/blog\/novo-carro-chefe-samsung-galaxy-beam-pro-max\/#primaryimage\",\"inLanguage\":\"pt-BR\",\"url\":\"https:\/\/www.pricepony.com.br\/blog\/wp-content\/uploads\/2019\/03\/Samsung-Galaxy-Beam-Pro-Max.jpg\",\"width\":1200,\"height\":628,\"caption\":\"Samsung Galaxy Beam Pro Max\"},{\"@type\":\"WebPage\",\"@id\":\"https:\/\/www.pricepony.com.br\/blog\/novo-carro-chefe-samsung-galaxy-beam-pro-max\/#webpage\",\"url\":\"https:\/\/www.pricepony.com.br\/blog\/novo-carro-chefe-samsung-galaxy-beam-pro-max\/\",\"name\":\"Novo carro-chefe Samsung Galaxy Beam Pro Max: c\\u00e2mera dupla de 48 MP, 12 GB de RAM e mais\\u2026>\",\"isPartOf\":{\"@id\":\"https:\/\/www.pricepony.com.br\/blog\/#website\"},\"primaryImageOfPage\":{\"@id\":\"https:\/\/www.pricepony.com.br\/blog\/novo-carro-chefe-samsung-galaxy-beam-pro-max\/#primaryimage\"},\"datePublished\":\"2019-03-10T13:49:47+00:00\",\"dateModified\":\"2019-03-10T13:49:47+00:00\",\"author\":{\"@id\":\"https:\/\/www.pricepony.com.br\/blog\/#\/schema\/person\/c338807e08d2e0642a2680633342a0b6\"},\"description\":\"Ent\\u00e3o, voc\\u00ea est\\u00e1 preparado para conhecer o mais novo membro da s\\u00e9rie Galaxy Beam? \\u00c9 chamado Samsung Galaxy Beam Pro Max. Clique aqui para saber mais !!!\",\"breadcrumb\":{\"@id\":\"https:\/\/www.pricepony.com.br\/blog\/novo-carro-chefe-samsung-galaxy-beam-pro-max\/#breadcrumb\"},\"inLanguage\":\"pt-BR\",\"potentialAction\":[{\"@type\":\"ReadAction\",\"target\":[\"https:\/\/www.pricepony.com.br\/blog\/novo-carro-chefe-samsung-galaxy-beam-pro-max\/\"]}]},{\"@type\":\"BreadcrumbList\",\"@id\":\"https:\/\/www.pricepony.com.br\/blog\/novo-carro-chefe-samsung-galaxy-beam-pro-max\/#breadcrumb\",\"itemListElement\":[{\"@type\":\"ListItem\",\"position\":1,\"item\":{\"@type\":\"WebPage\",\"@id\":\"https:\/\/www.pricepony.com.br\/blog\/\",\"url\":\"https:\/\/www.pricepony.com.br\/blog\/\",\"name\":\"In\\u00edcio\"}},{\"@type\":\"ListItem\",\"position\":2,\"item\":{\"@type\":\"WebPage\",\"@id\":\"https:\/\/www.pricepony.com.br\/blog\/novo-carro-chefe-samsung-galaxy-beam-pro-max\/\",\"url\":\"https:\/\/www.pricepony.com.br\/blog\/novo-carro-chefe-samsung-galaxy-beam-pro-max\/\",\"name\":\"Novo carro-chefe Samsung Galaxy Beam Pro Max: c\\u00e2mera dupla de 48 MP, 12 GB de RAM e mais\\u2026>\"}}]},{\"@type\":\"Person\",\"@id\":\"https:\/\/www.pricepony.com.br\/blog\/#\/schema\/person\/c338807e08d2e0642a2680633342a0b6\",\"name\":\"Chris Eilers\",\"image\":{\"@type\":\"ImageObject\",\"@id\":\"https:\/\/www.pricepony.com.br\/blog\/#personlogo\",\"inLanguage\":\"pt-BR\",\"url\":\"https:\/\/secure.gravatar.com\/avatar\/83e51b46626e1e91aba06adcb3bf3473?s=96&d=mm&r=g\",\"caption\":\"Chris Eilers\"},\"description\":\"Chris is an experienced Digital Marketer and Growth Hacker with work experience in Mckinsey Germany and Rocket Internet Asia. He is the CEO of Oizoioi Malaysia and actively engaged in the Startup Scene in South East Asia.\"}]}<\/script>\n<!-- \/ Yoast SEO plugin. -->","_links":{"self":[{"href":"https:\/\/www.pricepony.com.br\/blog\/wp-json\/wp\/v2\/posts\/21926"}],"collection":[{"href":"https:\/\/www.pricepony.com.br\/blog\/wp-json\/wp\/v2\/posts"}],"about":[{"href":"https:\/\/www.pricepony.com.br\/blog\/wp-json\/wp\/v2\/types\/post"}],"author":[{"embeddable":true,"href":"https:\/\/www.pricepony.com.br\/blog\/wp-json\/wp\/v2\/users\/1"}],"replies":[{"embeddable":true,"href":"https:\/\/www.pricepony.com.br\/blog\/wp-json\/wp\/v2\/comments?post=21926"}],"version-history":[{"count":0,"href":"https:\/\/www.pricepony.com.br\/blog\/wp-json\/wp\/v2\/posts\/21926\/revisions"}],"wp:featuredmedia":[{"embeddable":true,"href":"https:\/\/www.pricepony.com.br\/blog\/wp-json\/wp\/v2\/media\/21927"}],"wp:attachment":[{"href":"https:\/\/www.pricepony.com.br\/blog\/wp-json\/wp\/v2\/media?parent=21926"}],"wp:term":[{"taxonomy":"category","embeddable":true,"href":"https:\/\/www.pricepony.com.br\/blog\/wp-json\/wp\/v2\/categories?post=21926"},{"taxonomy":"post_tag","embeddable":true,"href":"https:\/\/www.pricepony.com.br\/blog\/wp-json\/wp\/v2\/tags?post=21926"}],"curies":[{"name":"wp","href":"https:\/\/api.w.org\/{rel}","templated":true}]}}