{"id":21527,"date":"2019-01-15T07:01:09","date_gmt":"2019-01-15T07:01:09","guid":{"rendered":"https:\/\/www.pricepony.com.br\/blog\/?p=21527"},"modified":"2019-01-15T07:01:09","modified_gmt":"2019-01-15T07:01:09","slug":"novo-carro-chefe-nokia-flash-pro-2019","status":"publish","type":"post","link":"https:\/\/www.pricepony.com.br\/blog\/novo-carro-chefe-nokia-flash-pro-2019\/","title":{"rendered":"Novo carro-chefe Nokia Flash Pro 2019: enorme 10 GB de RAM e c\u00e2mera de 49 MP \u2026>"},"content":{"rendered":"<p><b>Est\u00e1 chegando agora um artigo cheio de informa\u00e7\u00f5es sobre o pr\u00f3ximo carro-chefe Nokia Flash Pro 2019, que vai chegar equipado com uma mem\u00f3ria RAM enorme de 10 GB e uma incr\u00edvel c\u00e2mera de 49 MP PureView. Saiba tudo sobre ele agora mesmo, s\u00f3 descer a p\u00e1gina!<\/b><\/p><div style=\"float: none; display: block; margin: 0 -10px; text-align: center;\"><!-- Top Banner PH NEW -->\n                        <ins class=\"adsbygoogle\"\n                             style=\"display:inline-block;width:728px;height:90px\"\n                             data-ad-client=\"ca-pub-4796993490224996\"\n                             data-ad-slot=\"9195989669\"><\/ins>\n                        <script>(adsbygoogle = window.adsbygoogle || []).push({});<\/script><\/div><\/p>\n<p><img decoding=\"async\" class=\"aligncenter size-full wp-image-21530\" src=\"data:image\/gif;base64,R0lGODlhAQABAIAAAAAAAP\/\/\/yH5BAEAAAAALAAAAAABAAEAAAIBRAA7\" data-src=\"https:\/\/www.pricepony.com.br\/blog\/wp-content\/uploads\/2019\/01\/Nokia-edge-25-9-e1506342300215.jpg\" alt=\"\" width=\"478\" height=\"250\" \/ \/><\/p>\n<h3><b>Novo carro-chefe Nokia Flash Pro 2019 <\/b><\/h3>\n<p><span style=\"font-weight: 400;\">Nos \u00faltimos dias, as novas informa\u00e7\u00f5es sobre os smartphones Nokia est\u00e3o enlouquecendo os f\u00e3s da marca. Dentre os lan\u00e7amentos, temos o novo Nokia Flash Pro com \u00f3timas especifica\u00e7\u00f5es e recursos. Talvez, o destaque das especifica\u00e7\u00f5es do Nokia Flash Pro seja o armazenamento de 10 GB de RAM e 1 TB de ROM, \u00a0e a lente PureView de 42 MP de alta qualidade. Al\u00e9m disso, queremos te mostrar novos detalhes sobre o novo telefone Nokia.<\/span><\/p>\n<p><span style=\"font-weight: 400;\">No geral, a m\u00e1quina Nokia Flash Pro conta com o poder do poderoso chipset Snapdragon 845. Este smartphone Nokia \u00e9 executado em um processador octa-core com GPU Adreno 630. Al\u00e9m disso, este Nokia Flash Pro 2019 trabalha com o Android Oreo mais recente. Sobre o armazenamento, o smartphone Nokia Flash Pro oferece 8 GB ou 10 GB de RAM, com 1000 GB de mem\u00f3ria interna. E pra melhorar, ele ainda suporta mem\u00f3ria externa.<\/span><\/p>\n<!-- Quick Adsense WordPress Plugin: http:\/\/quickadsense.com\/ -->\n<div class=\"715bb7587c5240ca50b41debac6fc6bc\" data-index=\"2\" style=\"float: none; margin:10px 0 10px 0; text-align:center;\">\n<!-- BR Middle -->\r\n<ins class=\"adsbygoogle\"\r\n     style=\"display:inline-block;width:336px;height:280px\"\r\n     data-ad-client=\"ca-pub-4796993490224996\"\r\n     data-ad-slot=\"2407662860\"><\/ins>\r\n<script>\r\n(adsbygoogle = window.adsbygoogle || []).push({});\r\n<\/script>\n<\/div>\n\n<p><img decoding=\"async\" class=\"aligncenter size-full wp-image-21529\" src=\"data:image\/gif;base64,R0lGODlhAQABAIAAAAAAAP\/\/\/yH5BAEAAAAALAAAAAABAAEAAAIBRAA7\" data-src=\"https:\/\/www.pricepony.com.br\/blog\/wp-content\/uploads\/2019\/01\/Nokia-Vitech-1-e1505207431783.jpg\" alt=\"\" width=\"478\" height=\"250\" \/ \/><\/p>\n<p><span style=\"font-weight: 400;\">Para a c\u00e2mera do Nokia Flash Pro 2019, o dispositivo possui uma lente PureView de 49 MP, juntamente com o sensor de selfies de 24 MP. Perceba que o desempenho da c\u00e2mera neste telefone Nokia n\u00e3o \u00e9 oficial ainda, mas esses s\u00e3o os rumores, e \u00e9 o que podemos esperar a partir de agora. Al\u00e9m disso, a bateria do Nokia Flash Pro n\u00e3o possui informa\u00e7\u00e3o oficial at\u00e9 agora, mas deve ter pelo menos 5900 mAh de capacidade. Em termos de exibi\u00e7\u00e3o, o Nokia Flash Pro possui uma tela LCD IPS de 5,99 polegadas com resolu\u00e7\u00e3o Full HD. Al\u00e9m disso, este smartphone possui um sensor de impress\u00e3o digital sob a tela.<\/span><\/p>\n<h3><b>Nokia Flash Pro 2019: data de lan\u00e7amento e pre\u00e7o<\/b><\/h3>\n<p><span style=\"font-weight: 400;\">A data de lan\u00e7amento do Nokia Flash Pro pode cair em mar\u00e7o de 2019. Por outro lado, o pre\u00e7o do Nokia Flash Pro 2019 n\u00e3o deve ser superior a US$ 702 (~ R$ 2800). O que voc\u00ea mais gostou nesta nova m\u00e1quina da Nokia? Desempenho super poderoso? Bateria massiva ou c\u00e2meras impressionantes? Compartilhe sua opini\u00e3o na se\u00e7\u00e3o de coment\u00e1rios abaixo!<\/span><\/p>\n\n<div style=\"font-size: 0px; height: 0px; line-height: 0px; margin: 0; padding: 0; clear: both;\"><\/div>","protected":false},"excerpt":{"rendered":"<p>Est\u00e1 chegando agora um artigo cheio de informa\u00e7\u00f5es sobre o pr\u00f3ximo carro-chefe Nokia Flash Pro 2019, que vai chegar equipado com uma mem\u00f3ria RAM enorme de 10 GB e uma incr\u00edvel c\u00e2mera de 49 MP PureView. Saiba tudo sobre ele agora mesmo, s\u00f3 descer a p\u00e1gina! Novo carro-chefe Nokia Flash Pro 2019 Nos \u00faltimos dias, [&hellip;]<\/p>\n","protected":false},"author":1,"featured_media":21528,"comment_status":"open","ping_status":"open","sticky":false,"template":"","format":"standard","meta":[],"categories":[7],"tags":[1262],"yoast_head":"<!-- This site is optimized with the Yoast SEO plugin v16.0.2 - https:\/\/yoast.com\/wordpress\/plugins\/seo\/ -->\n<title>Novo carro-chefe Nokia Flash Pro 2019: enorme 10 GB de RAM e c\u00e2mera de 49 MP \u2026&gt;<\/title>\n<meta name=\"description\" content=\"Est\u00e1 chegando agora um artigo cheio de informa\u00e7\u00f5es sobre o pr\u00f3ximo carro-chefe Nokia Flash Pro 2019, que vai chegar equipado com...\" \/>\n<link rel=\"canonical\" href=\"https:\/\/www.pricepony.com.br\/blog\/novo-carro-chefe-nokia-flash-pro-2019\/\" \/>\n<meta property=\"og:locale\" content=\"pt_BR\" \/>\n<meta property=\"og:type\" content=\"article\" \/>\n<meta property=\"og:title\" content=\"Novo carro-chefe Nokia Flash Pro 2019: enorme 10 GB de RAM e c\u00e2mera de 49 MP \u2026&gt;\" \/>\n<meta property=\"og:description\" content=\"Est\u00e1 chegando agora um artigo cheio de informa\u00e7\u00f5es sobre o pr\u00f3ximo carro-chefe Nokia Flash Pro 2019, que vai chegar equipado com...\" \/>\n<meta property=\"og:url\" content=\"https:\/\/www.pricepony.com.br\/blog\/novo-carro-chefe-nokia-flash-pro-2019\/\" \/>\n<meta property=\"og:site_name\" content=\"Price Pony\" \/>\n<meta property=\"article:published_time\" content=\"2019-01-15T07:01:09+00:00\" \/>\n<meta property=\"og:image\" content=\"https:\/\/www.pricepony.com.br\/blog\/wp-content\/uploads\/2019\/01\/785e3739-a192-4f63-988e-98e1efd4f1e4-5.jpg\" \/>\n\t<meta property=\"og:image:width\" content=\"1024\" \/>\n\t<meta property=\"og:image:height\" content=\"536\" \/>\n<meta name=\"twitter:card\" content=\"summary\" \/>\n<meta name=\"twitter:label1\" content=\"Est. tempo de leitura\">\n\t<meta name=\"twitter:data1\" content=\"2 minutos\">\n<script type=\"application\/ld+json\" class=\"yoast-schema-graph\">{\"@context\":\"https:\/\/schema.org\",\"@graph\":[{\"@type\":\"WebSite\",\"@id\":\"https:\/\/www.pricepony.com.br\/blog\/#website\",\"url\":\"https:\/\/www.pricepony.com.br\/blog\/\",\"name\":\"Price Pony\",\"description\":\"www.pricepony.com.br\",\"potentialAction\":[{\"@type\":\"SearchAction\",\"target\":\"https:\/\/www.pricepony.com.br\/blog\/?s={search_term_string}\",\"query-input\":\"required name=search_term_string\"}],\"inLanguage\":\"pt-BR\"},{\"@type\":\"ImageObject\",\"@id\":\"https:\/\/www.pricepony.com.br\/blog\/novo-carro-chefe-nokia-flash-pro-2019\/#primaryimage\",\"inLanguage\":\"pt-BR\",\"url\":\"https:\/\/www.pricepony.com.br\/blog\/wp-content\/uploads\/2019\/01\/785e3739-a192-4f63-988e-98e1efd4f1e4-5.jpg\",\"width\":1024,\"height\":536},{\"@type\":\"WebPage\",\"@id\":\"https:\/\/www.pricepony.com.br\/blog\/novo-carro-chefe-nokia-flash-pro-2019\/#webpage\",\"url\":\"https:\/\/www.pricepony.com.br\/blog\/novo-carro-chefe-nokia-flash-pro-2019\/\",\"name\":\"Novo carro-chefe Nokia Flash Pro 2019: enorme 10 GB de RAM e c\\u00e2mera de 49 MP \\u2026>\",\"isPartOf\":{\"@id\":\"https:\/\/www.pricepony.com.br\/blog\/#website\"},\"primaryImageOfPage\":{\"@id\":\"https:\/\/www.pricepony.com.br\/blog\/novo-carro-chefe-nokia-flash-pro-2019\/#primaryimage\"},\"datePublished\":\"2019-01-15T07:01:09+00:00\",\"dateModified\":\"2019-01-15T07:01:09+00:00\",\"author\":{\"@id\":\"https:\/\/www.pricepony.com.br\/blog\/#\/schema\/person\/c338807e08d2e0642a2680633342a0b6\"},\"description\":\"Est\\u00e1 chegando agora um artigo cheio de informa\\u00e7\\u00f5es sobre o pr\\u00f3ximo carro-chefe Nokia Flash Pro 2019, que vai chegar equipado com...\",\"breadcrumb\":{\"@id\":\"https:\/\/www.pricepony.com.br\/blog\/novo-carro-chefe-nokia-flash-pro-2019\/#breadcrumb\"},\"inLanguage\":\"pt-BR\",\"potentialAction\":[{\"@type\":\"ReadAction\",\"target\":[\"https:\/\/www.pricepony.com.br\/blog\/novo-carro-chefe-nokia-flash-pro-2019\/\"]}]},{\"@type\":\"BreadcrumbList\",\"@id\":\"https:\/\/www.pricepony.com.br\/blog\/novo-carro-chefe-nokia-flash-pro-2019\/#breadcrumb\",\"itemListElement\":[{\"@type\":\"ListItem\",\"position\":1,\"item\":{\"@type\":\"WebPage\",\"@id\":\"https:\/\/www.pricepony.com.br\/blog\/\",\"url\":\"https:\/\/www.pricepony.com.br\/blog\/\",\"name\":\"In\\u00edcio\"}},{\"@type\":\"ListItem\",\"position\":2,\"item\":{\"@type\":\"WebPage\",\"@id\":\"https:\/\/www.pricepony.com.br\/blog\/novo-carro-chefe-nokia-flash-pro-2019\/\",\"url\":\"https:\/\/www.pricepony.com.br\/blog\/novo-carro-chefe-nokia-flash-pro-2019\/\",\"name\":\"Novo carro-chefe Nokia Flash Pro 2019: enorme 10 GB de RAM e c\\u00e2mera de 49 MP \\u2026>\"}}]},{\"@type\":\"Person\",\"@id\":\"https:\/\/www.pricepony.com.br\/blog\/#\/schema\/person\/c338807e08d2e0642a2680633342a0b6\",\"name\":\"Chris Eilers\",\"image\":{\"@type\":\"ImageObject\",\"@id\":\"https:\/\/www.pricepony.com.br\/blog\/#personlogo\",\"inLanguage\":\"pt-BR\",\"url\":\"https:\/\/secure.gravatar.com\/avatar\/83e51b46626e1e91aba06adcb3bf3473?s=96&d=mm&r=g\",\"caption\":\"Chris Eilers\"},\"description\":\"Chris is an experienced Digital Marketer and Growth Hacker with work experience in Mckinsey Germany and Rocket Internet Asia. He is the CEO of Oizoioi Malaysia and actively engaged in the Startup Scene in South East Asia.\"}]}<\/script>\n<!-- \/ Yoast SEO plugin. -->","_links":{"self":[{"href":"https:\/\/www.pricepony.com.br\/blog\/wp-json\/wp\/v2\/posts\/21527"}],"collection":[{"href":"https:\/\/www.pricepony.com.br\/blog\/wp-json\/wp\/v2\/posts"}],"about":[{"href":"https:\/\/www.pricepony.com.br\/blog\/wp-json\/wp\/v2\/types\/post"}],"author":[{"embeddable":true,"href":"https:\/\/www.pricepony.com.br\/blog\/wp-json\/wp\/v2\/users\/1"}],"replies":[{"embeddable":true,"href":"https:\/\/www.pricepony.com.br\/blog\/wp-json\/wp\/v2\/comments?post=21527"}],"version-history":[{"count":0,"href":"https:\/\/www.pricepony.com.br\/blog\/wp-json\/wp\/v2\/posts\/21527\/revisions"}],"wp:featuredmedia":[{"embeddable":true,"href":"https:\/\/www.pricepony.com.br\/blog\/wp-json\/wp\/v2\/media\/21528"}],"wp:attachment":[{"href":"https:\/\/www.pricepony.com.br\/blog\/wp-json\/wp\/v2\/media?parent=21527"}],"wp:term":[{"taxonomy":"category","embeddable":true,"href":"https:\/\/www.pricepony.com.br\/blog\/wp-json\/wp\/v2\/categories?post=21527"},{"taxonomy":"post_tag","embeddable":true,"href":"https:\/\/www.pricepony.com.br\/blog\/wp-json\/wp\/v2\/tags?post=21527"}],"curies":[{"name":"wp","href":"https:\/\/api.w.org\/{rel}","templated":true}]}}