{"id":21363,"date":"2018-12-26T09:56:27","date_gmt":"2018-12-26T09:56:27","guid":{"rendered":"https:\/\/www.pricepony.com.br\/blog\/?p=21363"},"modified":"2018-12-26T09:56:27","modified_gmt":"2018-12-26T09:56:27","slug":"nokia-mclaren-xtreme-pro-2019-monstro","status":"publish","type":"post","link":"https:\/\/www.pricepony.com.br\/blog\/nokia-mclaren-xtreme-pro-2019-monstro\/","title":{"rendered":"Nokia McLaren Xtreme Pro 2019 \u2013 monstro: 12 GB de RAM, c\u00e2meras duplas com 48 MP !"},"content":{"rendered":"<p><b>N\u00f3s estamos muito felizes em apresentar para voc\u00ea mais uma fera fant\u00e1stica da fam\u00edlia Nokia McLaren hoje. Vamos conhecer o poderoso carro chefe da Nokia McLaren Xtreme Pro 2019 com 12 GB de RAM e c\u00e2meras duplas de 48 MP!<\/b><\/p><div style=\"float: none; display: block; margin: 0 -10px; text-align: center;\"><!-- Top Banner PH NEW -->\n                        <ins class=\"adsbygoogle\"\n                             style=\"display:inline-block;width:728px;height:90px\"\n                             data-ad-client=\"ca-pub-4796993490224996\"\n                             data-ad-slot=\"9195989669\"><\/ins>\n                        <script>(adsbygoogle = window.adsbygoogle || []).push({});<\/script><\/div><\/p>\n<p><img decoding=\"async\" class=\"aligncenter size-full wp-image-21366\" src=\"data:image\/gif;base64,R0lGODlhAQABAIAAAAAAAP\/\/\/yH5BAEAAAAALAAAAAABAAEAAAIBRAA7\" data-src=\"https:\/\/www.pricepony.com.br\/blog\/wp-content\/uploads\/2018\/12\/Nokia-Maze-11-10-1-e1510309111954-2.jpg\" alt=\"\" width=\"478\" height=\"250\" \/ \/><\/p>\n<h3><b>Nokia McLaren Xtreme Pro 2019 \u2013 monstro! \u00a0<\/b><\/h3>\n<p><span style=\"font-weight: 400;\">Como mencionado acima, n\u00f3s temos \u00f3timas not\u00edcias para todos os f\u00e3s dedicados da Nokia! De acordo com o que aprendemos com os membros da Nokia, a HMD Global est\u00e1 se preparando para muitos smartphones Android da Nokia. Recentemente, n\u00f3s recebemos um relat\u00f3rio de seu plano em andamento para o carro chefe da Nokia McLaren Xtreme 2019. E, finalmente, h\u00e1 recursos muito mais interessantes que voc\u00ea gostaria de ver no pr\u00f3ximo McLaren Xtreme Pro.<\/span><\/p>\n<p><span style=\"font-weight: 400;\">Em detalhes, as especifica\u00e7\u00f5es do Nokia McLaren Xtreme Pro 2019 v\u00eam com uma enorme tela touch Super AMOLED de 6,48 polegadas juntamente com a resolu\u00e7\u00e3o Ultra HD. Al\u00e9m disso, chega a prote\u00e7\u00e3o do Corning Gorilla 6 e uma rela\u00e7\u00e3o de aspecto de 18: 9. Caso contr\u00e1rio, o monstro do McLaren Xtreme recebe energia do novo chipset <\/span><span style=\"font-weight: 400;\">Qualcomm Snapdragon 855<\/span><span style=\"font-weight: 400;\"> hexa core de 4 \u00d7 2,45 GHz. Al\u00e9m disso, o monstro da Nokia vai rodar na \u00faltima vers\u00e3o do <\/span><span style=\"font-weight: 400;\">Android 9.0 Pie<\/span><span style=\"font-weight: 400;\">.<\/span><\/p>\n<!-- Quick Adsense WordPress Plugin: http:\/\/quickadsense.com\/ -->\n<div class=\"715bb7587c5240ca50b41debac6fc6bc\" data-index=\"2\" style=\"float: none; margin:10px 0 10px 0; text-align:center;\">\n<!-- BR Middle -->\r\n<ins class=\"adsbygoogle\"\r\n     style=\"display:inline-block;width:336px;height:280px\"\r\n     data-ad-client=\"ca-pub-4796993490224996\"\r\n     data-ad-slot=\"2407662860\"><\/ins>\r\n<script>\r\n(adsbygoogle = window.adsbygoogle || []).push({});\r\n<\/script>\n<\/div>\n\n<p><img decoding=\"async\" class=\"aligncenter size-full wp-image-21365\" src=\"data:image\/gif;base64,R0lGODlhAQABAIAAAAAAAP\/\/\/yH5BAEAAAAALAAAAAABAAEAAAIBRAA7\" data-src=\"https:\/\/www.pricepony.com.br\/blog\/wp-content\/uploads\/2018\/12\/nokia-777x290.png\" alt=\"\" width=\"777\" height=\"290\" \/ \/><\/p>\n<p><span style=\"font-weight: 400;\">Mas e sobre o departamento de \u00f3ptica? Em rela\u00e7\u00e3o \u00e0 c\u00e2mera do Nokia McLaren Xtreme Pro 2019, o carro chefe equipa um sensor principal de 48 MP com lentes Carl Zeiss e resolu\u00e7\u00e3o PureView. Por outro lado, o monstro da Nokia tem outro sensor de 28 MP no painel frontal para selfies e chamadas de v\u00eddeo. Al\u00e9m disso, este telefone da Nokia consome uma enorme capacidade de 7900 mAh com o Quick Charge 5.0 e o suporte de carregamento sem fio Qi. Quanto \u00e0s op\u00e7\u00f5es de seguran\u00e7a, o Nokia McLaren Xtreme Pro tamb\u00e9m possui um scanner de impress\u00e3o digital sob a tela. Finalmente, o aparelho da Nokia oferece duas op\u00e7\u00f5es de cores: preto e branco.<\/span><\/p>\n<p><span style=\"font-weight: 400;\">(imagem 3)<\/span><\/p>\n<h3><b>Nokia McLaren Xtreme Pro \u2013 2019: data de lan\u00e7amento e pre\u00e7o<\/b><\/h3>\n<p><span style=\"font-weight: 400;\">Atualmente, a HMD Global ainda n\u00e3o revelou detalhes adicionais sobre a fera da Nokia, mas n\u00f3s esperamos encontrar o dispositivo no pr\u00f3ximo evento MWC 2019 o mais r\u00e1pido poss\u00edvel. Quanto ao pre\u00e7o do Nokia McLaren Xtreme Pro 2019, ele pode come\u00e7ar a partir de US $ 959 ~ 3701. Voc\u00ea est\u00e1 interessado neste pr\u00f3ximo aparelho da HMD Global? Deixe um coment\u00e1rio para nos informar e fique ligado para mais atualiza\u00e7\u00f5es da PricePony!!<\/span><\/p>\n\n<div style=\"font-size: 0px; height: 0px; line-height: 0px; margin: 0; padding: 0; clear: both;\"><\/div>","protected":false},"excerpt":{"rendered":"<p>N\u00f3s estamos muito felizes em apresentar para voc\u00ea mais uma fera fant\u00e1stica da fam\u00edlia Nokia McLaren hoje. Vamos conhecer o poderoso carro chefe da Nokia McLaren Xtreme Pro 2019 com 12 GB de RAM e c\u00e2meras duplas de 48 MP! Nokia McLaren Xtreme Pro 2019 \u2013 monstro! \u00a0 Como mencionado acima, n\u00f3s temos \u00f3timas not\u00edcias [&hellip;]<\/p>\n","protected":false},"author":1,"featured_media":21364,"comment_status":"open","ping_status":"open","sticky":false,"template":"","format":"standard","meta":[],"categories":[7],"tags":[1240],"yoast_head":"<!-- This site is optimized with the Yoast SEO plugin v16.0.2 - https:\/\/yoast.com\/wordpress\/plugins\/seo\/ -->\n<title>Nokia McLaren Xtreme Pro 2019 \u2013 monstro: 12 GB de RAM, c\u00e2meras duplas com 48 MP !<\/title>\n<meta name=\"description\" content=\"N\u00f3s estamos muito felizes em apresentar para voc\u00ea mais uma fera fant\u00e1stica da fam\u00edlia Nokia McLaren hoje. Vamos conhecer o poderoso carro chefe da....\" \/>\n<link rel=\"canonical\" href=\"https:\/\/www.pricepony.com.br\/blog\/nokia-mclaren-xtreme-pro-2019-monstro\/\" \/>\n<meta property=\"og:locale\" content=\"pt_BR\" \/>\n<meta property=\"og:type\" content=\"article\" \/>\n<meta property=\"og:title\" content=\"Nokia McLaren Xtreme Pro 2019 \u2013 monstro: 12 GB de RAM, c\u00e2meras duplas com 48 MP !\" \/>\n<meta property=\"og:description\" content=\"N\u00f3s estamos muito felizes em apresentar para voc\u00ea mais uma fera fant\u00e1stica da fam\u00edlia Nokia McLaren hoje. Vamos conhecer o poderoso carro chefe da....\" \/>\n<meta property=\"og:url\" content=\"https:\/\/www.pricepony.com.br\/blog\/nokia-mclaren-xtreme-pro-2019-monstro\/\" \/>\n<meta property=\"og:site_name\" content=\"Price Pony\" \/>\n<meta property=\"article:published_time\" content=\"2018-12-26T09:56:27+00:00\" \/>\n<meta property=\"og:image\" content=\"https:\/\/www.pricepony.com.br\/blog\/wp-content\/uploads\/2018\/12\/1-92.jpg\" \/>\n\t<meta property=\"og:image:width\" content=\"1024\" \/>\n\t<meta property=\"og:image:height\" content=\"536\" \/>\n<meta name=\"twitter:card\" content=\"summary\" \/>\n<meta name=\"twitter:label1\" content=\"Est. tempo de leitura\">\n\t<meta name=\"twitter:data1\" content=\"2 minutos\">\n<script type=\"application\/ld+json\" class=\"yoast-schema-graph\">{\"@context\":\"https:\/\/schema.org\",\"@graph\":[{\"@type\":\"WebSite\",\"@id\":\"https:\/\/www.pricepony.com.br\/blog\/#website\",\"url\":\"https:\/\/www.pricepony.com.br\/blog\/\",\"name\":\"Price Pony\",\"description\":\"www.pricepony.com.br\",\"potentialAction\":[{\"@type\":\"SearchAction\",\"target\":\"https:\/\/www.pricepony.com.br\/blog\/?s={search_term_string}\",\"query-input\":\"required name=search_term_string\"}],\"inLanguage\":\"pt-BR\"},{\"@type\":\"ImageObject\",\"@id\":\"https:\/\/www.pricepony.com.br\/blog\/nokia-mclaren-xtreme-pro-2019-monstro\/#primaryimage\",\"inLanguage\":\"pt-BR\",\"url\":\"https:\/\/www.pricepony.com.br\/blog\/wp-content\/uploads\/2018\/12\/1-92.jpg\",\"width\":1024,\"height\":536},{\"@type\":\"WebPage\",\"@id\":\"https:\/\/www.pricepony.com.br\/blog\/nokia-mclaren-xtreme-pro-2019-monstro\/#webpage\",\"url\":\"https:\/\/www.pricepony.com.br\/blog\/nokia-mclaren-xtreme-pro-2019-monstro\/\",\"name\":\"Nokia McLaren Xtreme Pro 2019 \\u2013 monstro: 12 GB de RAM, c\\u00e2meras duplas com 48 MP !\",\"isPartOf\":{\"@id\":\"https:\/\/www.pricepony.com.br\/blog\/#website\"},\"primaryImageOfPage\":{\"@id\":\"https:\/\/www.pricepony.com.br\/blog\/nokia-mclaren-xtreme-pro-2019-monstro\/#primaryimage\"},\"datePublished\":\"2018-12-26T09:56:27+00:00\",\"dateModified\":\"2018-12-26T09:56:27+00:00\",\"author\":{\"@id\":\"https:\/\/www.pricepony.com.br\/blog\/#\/schema\/person\/c338807e08d2e0642a2680633342a0b6\"},\"description\":\"N\\u00f3s estamos muito felizes em apresentar para voc\\u00ea mais uma fera fant\\u00e1stica da fam\\u00edlia Nokia McLaren hoje. Vamos conhecer o poderoso carro chefe da....\",\"breadcrumb\":{\"@id\":\"https:\/\/www.pricepony.com.br\/blog\/nokia-mclaren-xtreme-pro-2019-monstro\/#breadcrumb\"},\"inLanguage\":\"pt-BR\",\"potentialAction\":[{\"@type\":\"ReadAction\",\"target\":[\"https:\/\/www.pricepony.com.br\/blog\/nokia-mclaren-xtreme-pro-2019-monstro\/\"]}]},{\"@type\":\"BreadcrumbList\",\"@id\":\"https:\/\/www.pricepony.com.br\/blog\/nokia-mclaren-xtreme-pro-2019-monstro\/#breadcrumb\",\"itemListElement\":[{\"@type\":\"ListItem\",\"position\":1,\"item\":{\"@type\":\"WebPage\",\"@id\":\"https:\/\/www.pricepony.com.br\/blog\/\",\"url\":\"https:\/\/www.pricepony.com.br\/blog\/\",\"name\":\"In\\u00edcio\"}},{\"@type\":\"ListItem\",\"position\":2,\"item\":{\"@type\":\"WebPage\",\"@id\":\"https:\/\/www.pricepony.com.br\/blog\/nokia-mclaren-xtreme-pro-2019-monstro\/\",\"url\":\"https:\/\/www.pricepony.com.br\/blog\/nokia-mclaren-xtreme-pro-2019-monstro\/\",\"name\":\"Nokia McLaren Xtreme Pro 2019 \\u2013 monstro: 12 GB de RAM, c\\u00e2meras duplas com 48 MP !\"}}]},{\"@type\":\"Person\",\"@id\":\"https:\/\/www.pricepony.com.br\/blog\/#\/schema\/person\/c338807e08d2e0642a2680633342a0b6\",\"name\":\"Chris Eilers\",\"image\":{\"@type\":\"ImageObject\",\"@id\":\"https:\/\/www.pricepony.com.br\/blog\/#personlogo\",\"inLanguage\":\"pt-BR\",\"url\":\"https:\/\/secure.gravatar.com\/avatar\/83e51b46626e1e91aba06adcb3bf3473?s=96&d=mm&r=g\",\"caption\":\"Chris Eilers\"},\"description\":\"Chris is an experienced Digital Marketer and Growth Hacker with work experience in Mckinsey Germany and Rocket Internet Asia. He is the CEO of Oizoioi Malaysia and actively engaged in the Startup Scene in South East Asia.\"}]}<\/script>\n<!-- \/ Yoast SEO plugin. -->","_links":{"self":[{"href":"https:\/\/www.pricepony.com.br\/blog\/wp-json\/wp\/v2\/posts\/21363"}],"collection":[{"href":"https:\/\/www.pricepony.com.br\/blog\/wp-json\/wp\/v2\/posts"}],"about":[{"href":"https:\/\/www.pricepony.com.br\/blog\/wp-json\/wp\/v2\/types\/post"}],"author":[{"embeddable":true,"href":"https:\/\/www.pricepony.com.br\/blog\/wp-json\/wp\/v2\/users\/1"}],"replies":[{"embeddable":true,"href":"https:\/\/www.pricepony.com.br\/blog\/wp-json\/wp\/v2\/comments?post=21363"}],"version-history":[{"count":0,"href":"https:\/\/www.pricepony.com.br\/blog\/wp-json\/wp\/v2\/posts\/21363\/revisions"}],"wp:featuredmedia":[{"embeddable":true,"href":"https:\/\/www.pricepony.com.br\/blog\/wp-json\/wp\/v2\/media\/21364"}],"wp:attachment":[{"href":"https:\/\/www.pricepony.com.br\/blog\/wp-json\/wp\/v2\/media?parent=21363"}],"wp:term":[{"taxonomy":"category","embeddable":true,"href":"https:\/\/www.pricepony.com.br\/blog\/wp-json\/wp\/v2\/categories?post=21363"},{"taxonomy":"post_tag","embeddable":true,"href":"https:\/\/www.pricepony.com.br\/blog\/wp-json\/wp\/v2\/tags?post=21363"}],"curies":[{"name":"wp","href":"https:\/\/api.w.org\/{rel}","templated":true}]}}