{"id":20631,"date":"2018-09-28T15:47:11","date_gmt":"2018-09-28T15:47:11","guid":{"rendered":"http:\/\/www.pricepony.com.br\/blog\/?p=20631"},"modified":"2018-09-28T15:47:11","modified_gmt":"2018-09-28T15:47:11","slug":"nokia-vitech-pro-2018-carro-chefe","status":"publish","type":"post","link":"https:\/\/www.pricepony.com.br\/blog\/nokia-vitech-pro-2018-carro-chefe\/","title":{"rendered":"Nokia Vitech Pro 2018 \u2013 carro chefe: 8 GB de RAM, 6700 mAH de bateria e mais !"},"content":{"rendered":"<p><b>Um dos telefones da Nokia que mais esper\u00e1vamos \u00e9 a estreia que est\u00e1 aqui no dia de hoje. Com uma enorme mem\u00f3ria de 8 GB de RAM e 6700 mAh para a caixa de bateria, o Nokia Vitech Pro 2018 \u00e9, de fato, um monstro que muitas marcas precisam ficar atentas!<\/b><\/p><div style=\"float: none; display: block; margin: 0 -10px; text-align: center;\"><!-- Top Banner PH NEW -->\n                        <ins class=\"adsbygoogle\"\n                             style=\"display:inline-block;width:728px;height:90px\"\n                             data-ad-client=\"ca-pub-4796993490224996\"\n                             data-ad-slot=\"9195989669\"><\/ins>\n                        <script>(adsbygoogle = window.adsbygoogle || []).push({});<\/script><\/div><\/p>\n<p><img decoding=\"async\" class=\"aligncenter size-full wp-image-20634\" src=\"data:image\/gif;base64,R0lGODlhAQABAIAAAAAAAP\/\/\/yH5BAEAAAAALAAAAAABAAEAAAIBRAA7\" data-src=\"http:\/\/www.pricepony.com.br\/blog\/wp-content\/uploads\/2018\/09\/Nokia-edge-mini-26-9-1-e1506419241305.jpg\" alt=\"\" width=\"478\" height=\"250\" \/ \/><\/p>\n<h3><b>Nokia Vitech Pro 2018 \u2013 carro chefe<\/b><\/h3>\n<p><span style=\"font-weight: 400;\">Anteriormente, n\u00f3s lemos sobre o Nokia Edge 2018 com uma impressionante c\u00e2mera dupla de 24 MP. Al\u00e9m disso, n\u00f3s tamb\u00e9m temos o pr\u00f3ximo aparelho Nokia Maze 2018 com um design impressionante. Se voc\u00ea se lembra, n\u00f3s compartilhamos com voc\u00ea que haver\u00e1 um monstro ainda mais forte, o insano Nokia Vitech 2018! Mais surpreendentemente, o Nokia Vitech viria com outro grande irm\u00e3o, o incr\u00edvel Nokia Vitech Pro 2018 !<\/span><\/p>\n<p><span style=\"font-weight: 400;\">Em primeiro lugar, as especifica\u00e7\u00f5es do Nokia Vitech Pro 2018 ostentam uma tela Super OLED de 6,29 polegadas com as resolu\u00e7\u00f5es de 2990 x 3690 pixels. Enquanto isso, este telefone da Nokia vai rodar em um chipset Qualcomm Snapdragon 845. Al\u00e9m disso, o carro chefe da Nokia vem com um armazenamento de <\/span><span style=\"font-weight: 400;\">8 GB de RAM<\/span><span style=\"font-weight: 400;\"> e duas op\u00e7\u00f5es de ROM: 128 GB \/ 256 GB. Por outro lado, voc\u00ea tamb\u00e9m v\u00ea um slot para cart\u00e3o microSD que permite expandir esta mem\u00f3ria para at\u00e9 256 GB.<\/span><\/p>\n<!-- Quick Adsense WordPress Plugin: http:\/\/quickadsense.com\/ -->\n<div class=\"715bb7587c5240ca50b41debac6fc6bc\" data-index=\"2\" style=\"float: none; margin:10px 0 10px 0; text-align:center;\">\n<!-- BR Middle -->\r\n<ins class=\"adsbygoogle\"\r\n     style=\"display:inline-block;width:336px;height:280px\"\r\n     data-ad-client=\"ca-pub-4796993490224996\"\r\n     data-ad-slot=\"2407662860\"><\/ins>\r\n<script>\r\n(adsbygoogle = window.adsbygoogle || []).push({});\r\n<\/script>\n<\/div>\n\n<p><img decoding=\"async\" class=\"aligncenter size-full wp-image-20633\" src=\"data:image\/gif;base64,R0lGODlhAQABAIAAAAAAAP\/\/\/yH5BAEAAAAALAAAAAABAAEAAAIBRAA7\" data-src=\"http:\/\/www.pricepony.com.br\/blog\/wp-content\/uploads\/2018\/09\/Nokia-Vitech-1-e1505207431783.png\" alt=\"\" width=\"478\" height=\"250\" \/ \/><\/p>\n<p><span style=\"font-weight: 400;\">Al\u00e9m disso, o novo carro chefe da Nokia ser\u00e1 executado no sistema operacional <\/span><span style=\"font-weight: 400;\">Android 8.1 Oreo<\/span><span style=\"font-weight: 400;\">. Al\u00e9m disso, a c\u00e2mera do Nokia Vitech Pro 2018 possui dois sensores traseiros de 28 MP. Al\u00e9m disso, n\u00f3s podemos esperar para ver as fun\u00e7\u00f5es de Geo-tagging, foco por touch, detec\u00e7\u00e3o de rosto, HDR, panorama. Al\u00e9m disso, a lente principal tamb\u00e9m suporta 2160p a 30fps, grava\u00e7\u00e3o de v\u00eddeo de 1080p a 30fps. Al\u00e9m disso, este smartphone da Nokia tamb\u00e9m inclui o mesmo fant\u00e1stico sensor selfie de 38 MP. Por \u00faltimo, mas n\u00e3o menos importante, este incr\u00edvel monstro da Nokia det\u00e9m uma bateria n\u00e3o remov\u00edvel Li-Ion com 6700 mAh.<\/span><\/p>\n<h3><b>Nokia Vitech Pro 2018 \u2013 data de lan\u00e7amento e pre\u00e7o <\/b><\/h3>\n<p><span style=\"font-weight: 400;\">No geral, a nova vers\u00e3o do Nokia Vitech Pro vai chegar ao mercado no \u00faltimo trimestre deste ano com seus irm\u00e3os. Al\u00e9m disso, o pre\u00e7o do Nokia Vitech Pro 2018 \u00e9 estimado para a faixa de US $ 799 ~ algo em torno de R$ 3259. Voc\u00ea est\u00e1 interessado nessa nova vers\u00e3o da s\u00e9rie Vitech? Deixe um coment\u00e1rio para compartilhar a sua opini\u00e3o com a gente ! <\/span><\/p>\n\n<div style=\"font-size: 0px; height: 0px; line-height: 0px; margin: 0; padding: 0; clear: both;\"><\/div>","protected":false},"excerpt":{"rendered":"<p>Um dos telefones da Nokia que mais esper\u00e1vamos \u00e9 a estreia que est\u00e1 aqui no dia de hoje. Com uma enorme mem\u00f3ria de 8 GB de RAM e 6700 mAh para a caixa de bateria, o Nokia Vitech Pro 2018 \u00e9, de fato, um monstro que muitas marcas precisam ficar atentas! Nokia Vitech Pro 2018 [&hellip;]<\/p>\n","protected":false},"author":1,"featured_media":20632,"comment_status":"open","ping_status":"open","sticky":false,"template":"","format":"standard","meta":[],"categories":[7],"tags":[1157],"yoast_head":"<!-- This site is optimized with the Yoast SEO plugin v16.0.2 - https:\/\/yoast.com\/wordpress\/plugins\/seo\/ -->\n<title>Nokia Vitech Pro 2018 \u2013 carro chefe: 8 GB de RAM, 6700 mAH de bateria e mais !<\/title>\n<meta name=\"description\" content=\"Um dos telefones da Nokia que mais esper\u00e1vamos \u00e9 a estreia que est\u00e1 aqui no dia de hoje. Com uma enorme mem\u00f3ria de 8 GB de RAM e 6700 mAh para a caixa....\" \/>\n<link rel=\"canonical\" href=\"https:\/\/www.pricepony.com.br\/blog\/nokia-vitech-pro-2018-carro-chefe\/\" \/>\n<meta property=\"og:locale\" content=\"pt_BR\" \/>\n<meta property=\"og:type\" content=\"article\" \/>\n<meta property=\"og:title\" content=\"Nokia Vitech Pro 2018 \u2013 carro chefe: 8 GB de RAM, 6700 mAH de bateria e mais !\" \/>\n<meta property=\"og:description\" content=\"Um dos telefones da Nokia que mais esper\u00e1vamos \u00e9 a estreia que est\u00e1 aqui no dia de hoje. Com uma enorme mem\u00f3ria de 8 GB de RAM e 6700 mAh para a caixa....\" \/>\n<meta property=\"og:url\" content=\"https:\/\/www.pricepony.com.br\/blog\/nokia-vitech-pro-2018-carro-chefe\/\" \/>\n<meta property=\"og:site_name\" content=\"Price Pony\" \/>\n<meta property=\"article:published_time\" content=\"2018-09-28T15:47:11+00:00\" \/>\n<meta property=\"og:image\" content=\"https:\/\/www.pricepony.com.br\/blog\/wp-content\/uploads\/2018\/09\/1-51.jpg\" \/>\n\t<meta property=\"og:image:width\" content=\"1024\" \/>\n\t<meta property=\"og:image:height\" content=\"536\" \/>\n<meta name=\"twitter:card\" content=\"summary\" \/>\n<meta name=\"twitter:label1\" content=\"Est. tempo de leitura\">\n\t<meta name=\"twitter:data1\" content=\"2 minutos\">\n<script type=\"application\/ld+json\" class=\"yoast-schema-graph\">{\"@context\":\"https:\/\/schema.org\",\"@graph\":[{\"@type\":\"WebSite\",\"@id\":\"https:\/\/www.pricepony.com.br\/blog\/#website\",\"url\":\"https:\/\/www.pricepony.com.br\/blog\/\",\"name\":\"Price Pony\",\"description\":\"www.pricepony.com.br\",\"potentialAction\":[{\"@type\":\"SearchAction\",\"target\":\"https:\/\/www.pricepony.com.br\/blog\/?s={search_term_string}\",\"query-input\":\"required name=search_term_string\"}],\"inLanguage\":\"pt-BR\"},{\"@type\":\"ImageObject\",\"@id\":\"https:\/\/www.pricepony.com.br\/blog\/nokia-vitech-pro-2018-carro-chefe\/#primaryimage\",\"inLanguage\":\"pt-BR\",\"url\":\"https:\/\/www.pricepony.com.br\/blog\/wp-content\/uploads\/2018\/09\/1-51.jpg\",\"width\":1024,\"height\":536},{\"@type\":\"WebPage\",\"@id\":\"https:\/\/www.pricepony.com.br\/blog\/nokia-vitech-pro-2018-carro-chefe\/#webpage\",\"url\":\"https:\/\/www.pricepony.com.br\/blog\/nokia-vitech-pro-2018-carro-chefe\/\",\"name\":\"Nokia Vitech Pro 2018 \\u2013 carro chefe: 8 GB de RAM, 6700 mAH de bateria e mais !\",\"isPartOf\":{\"@id\":\"https:\/\/www.pricepony.com.br\/blog\/#website\"},\"primaryImageOfPage\":{\"@id\":\"https:\/\/www.pricepony.com.br\/blog\/nokia-vitech-pro-2018-carro-chefe\/#primaryimage\"},\"datePublished\":\"2018-09-28T15:47:11+00:00\",\"dateModified\":\"2018-09-28T15:47:11+00:00\",\"author\":{\"@id\":\"https:\/\/www.pricepony.com.br\/blog\/#\/schema\/person\/c338807e08d2e0642a2680633342a0b6\"},\"description\":\"Um dos telefones da Nokia que mais esper\\u00e1vamos \\u00e9 a estreia que est\\u00e1 aqui no dia de hoje. Com uma enorme mem\\u00f3ria de 8 GB de RAM e 6700 mAh para a caixa....\",\"breadcrumb\":{\"@id\":\"https:\/\/www.pricepony.com.br\/blog\/nokia-vitech-pro-2018-carro-chefe\/#breadcrumb\"},\"inLanguage\":\"pt-BR\",\"potentialAction\":[{\"@type\":\"ReadAction\",\"target\":[\"https:\/\/www.pricepony.com.br\/blog\/nokia-vitech-pro-2018-carro-chefe\/\"]}]},{\"@type\":\"BreadcrumbList\",\"@id\":\"https:\/\/www.pricepony.com.br\/blog\/nokia-vitech-pro-2018-carro-chefe\/#breadcrumb\",\"itemListElement\":[{\"@type\":\"ListItem\",\"position\":1,\"item\":{\"@type\":\"WebPage\",\"@id\":\"https:\/\/www.pricepony.com.br\/blog\/\",\"url\":\"https:\/\/www.pricepony.com.br\/blog\/\",\"name\":\"In\\u00edcio\"}},{\"@type\":\"ListItem\",\"position\":2,\"item\":{\"@type\":\"WebPage\",\"@id\":\"https:\/\/www.pricepony.com.br\/blog\/nokia-vitech-pro-2018-carro-chefe\/\",\"url\":\"https:\/\/www.pricepony.com.br\/blog\/nokia-vitech-pro-2018-carro-chefe\/\",\"name\":\"Nokia Vitech Pro 2018 \\u2013 carro chefe: 8 GB de RAM, 6700 mAH de bateria e mais !\"}}]},{\"@type\":\"Person\",\"@id\":\"https:\/\/www.pricepony.com.br\/blog\/#\/schema\/person\/c338807e08d2e0642a2680633342a0b6\",\"name\":\"Chris Eilers\",\"image\":{\"@type\":\"ImageObject\",\"@id\":\"https:\/\/www.pricepony.com.br\/blog\/#personlogo\",\"inLanguage\":\"pt-BR\",\"url\":\"https:\/\/secure.gravatar.com\/avatar\/83e51b46626e1e91aba06adcb3bf3473?s=96&d=mm&r=g\",\"caption\":\"Chris Eilers\"},\"description\":\"Chris is an experienced Digital Marketer and Growth Hacker with work experience in Mckinsey Germany and Rocket Internet Asia. He is the CEO of Oizoioi Malaysia and actively engaged in the Startup Scene in South East Asia.\"}]}<\/script>\n<!-- \/ Yoast SEO plugin. -->","_links":{"self":[{"href":"https:\/\/www.pricepony.com.br\/blog\/wp-json\/wp\/v2\/posts\/20631"}],"collection":[{"href":"https:\/\/www.pricepony.com.br\/blog\/wp-json\/wp\/v2\/posts"}],"about":[{"href":"https:\/\/www.pricepony.com.br\/blog\/wp-json\/wp\/v2\/types\/post"}],"author":[{"embeddable":true,"href":"https:\/\/www.pricepony.com.br\/blog\/wp-json\/wp\/v2\/users\/1"}],"replies":[{"embeddable":true,"href":"https:\/\/www.pricepony.com.br\/blog\/wp-json\/wp\/v2\/comments?post=20631"}],"version-history":[{"count":0,"href":"https:\/\/www.pricepony.com.br\/blog\/wp-json\/wp\/v2\/posts\/20631\/revisions"}],"wp:featuredmedia":[{"embeddable":true,"href":"https:\/\/www.pricepony.com.br\/blog\/wp-json\/wp\/v2\/media\/20632"}],"wp:attachment":[{"href":"https:\/\/www.pricepony.com.br\/blog\/wp-json\/wp\/v2\/media?parent=20631"}],"wp:term":[{"taxonomy":"category","embeddable":true,"href":"https:\/\/www.pricepony.com.br\/blog\/wp-json\/wp\/v2\/categories?post=20631"},{"taxonomy":"post_tag","embeddable":true,"href":"https:\/\/www.pricepony.com.br\/blog\/wp-json\/wp\/v2\/tags?post=20631"}],"curies":[{"name":"wp","href":"https:\/\/api.w.org\/{rel}","templated":true}]}}