{"id":20556,"date":"2018-09-19T16:05:16","date_gmt":"2018-09-19T16:05:16","guid":{"rendered":"http:\/\/www.pricepony.com.br\/blog\/?p=20556"},"modified":"2018-09-19T16:05:16","modified_gmt":"2018-09-19T16:05:16","slug":"oppo-f9-pro","status":"publish","type":"post","link":"https:\/\/www.pricepony.com.br\/blog\/oppo-f9-pro\/","title":{"rendered":"OPPO F9 Pro vai contar com VOOC Flash Charge: \u201c5 minutos de carga, 2 horas de conversa\u201d !!!"},"content":{"rendered":"<p><b>A OPPO divulgou um teaser que confirma que o pr\u00f3ximo exemplar da s\u00e9rie OPPO F vai ser um smartphone premium chamado OPPO F9 Pro. At\u00e9 onde sabemos, este novo carro-chefe OPPO vai ostentar o novo VOOC Flash Charge, e vai ter um lindo design. Leia tudo para saber os detalhes!<\/b><\/p><div style=\"float: none; display: block; margin: 0 -10px; text-align: center;\"><!-- Top Banner PH NEW -->\n                        <ins class=\"adsbygoogle\"\n                             style=\"display:inline-block;width:728px;height:90px\"\n                             data-ad-client=\"ca-pub-4796993490224996\"\n                             data-ad-slot=\"9195989669\"><\/ins>\n                        <script>(adsbygoogle = window.adsbygoogle || []).push({});<\/script><\/div><\/p>\n<p><img decoding=\"async\" class=\"aligncenter  wp-image-20559\" src=\"data:image\/gif;base64,R0lGODlhAQABAIAAAAAAAP\/\/\/yH5BAEAAAAALAAAAAABAAEAAAIBRAA7\" data-src=\"http:\/\/www.pricepony.com.br\/blog\/wp-content\/uploads\/2018\/09\/OPPO-F9-Pro-VOOC-640x400.jpg\" alt=\"\" width=\"411\" height=\"257\" \/ \/><\/p>\n<h3><b>OPPO F9 Pro: novidades<\/b><\/h3>\n<p><span style=\"font-weight: 400;\">De acordo com a nossa fonte, a imprensa estrangeira anunciou o cartaz da nova m\u00e1quina OPPO modelo F9 h\u00e1 poucos dias. Em detalhes, o contorno da figura mostra que a m\u00e1quina usa um novo design de tela em forma. Enquanto isso, como vimos no GSMarena, o cartaz do OPPO F9 Pro tamb\u00e9m foi exposto. Curiosamente, este F9 Pro usa uma tela semelhante a &#8220;linda&#8221; e parece uma tela maior do que Liu Haiping.<\/span><\/p>\n<p><span style=\"font-weight: 400;\">Por outro lado, a imagem mostra a apar\u00eancia frontal da m\u00e1quina e confirma que o dispositivo para suportar o carregamento VOOC Flash Charge. Al\u00e9m disso, o teaser afirma as palavras &#8220;5 minutos de carga, 2 horas de conversa&#8221;. Al\u00e9m disso, vemos que a parte traseira da fuselagem sai levemente para os lados. Enquanto isso, ele usa uma cor gradiente com o vermelho na parte superior, transitando at\u00e9 o roxo na parte inferior. Como n\u00e3o h\u00e1 bot\u00e3o de impress\u00e3o digital disposto na parte da frente, a m\u00e1quina talvez conte com esse recurso na parte traseira.<\/span><\/p>\n<!-- Quick Adsense WordPress Plugin: http:\/\/quickadsense.com\/ -->\n<div class=\"715bb7587c5240ca50b41debac6fc6bc\" data-index=\"2\" style=\"float: none; margin:10px 0 10px 0; text-align:center;\">\n<!-- BR Middle -->\r\n<ins class=\"adsbygoogle\"\r\n     style=\"display:inline-block;width:336px;height:280px\"\r\n     data-ad-client=\"ca-pub-4796993490224996\"\r\n     data-ad-slot=\"2407662860\"><\/ins>\r\n<script>\r\n(adsbygoogle = window.adsbygoogle || []).push({});\r\n<\/script>\n<\/div>\n\n<p><img decoding=\"async\" class=\"aligncenter  wp-image-20558\" src=\"data:image\/gif;base64,R0lGODlhAQABAIAAAAAAAP\/\/\/yH5BAEAAAAALAAAAAABAAEAAAIBRAA7\" data-src=\"http:\/\/www.pricepony.com.br\/blog\/wp-content\/uploads\/2018\/09\/OPPO-F9-Pro-696x435.jpg\" alt=\"\" width=\"468\" height=\"293\" \/ \/><\/p>\n<p><span style=\"font-weight: 400;\">Por enquanto, n\u00e3o h\u00e1 muita informa\u00e7\u00e3o sobre o carro-chefe OPPO F9, mas n\u00f3s o manteremos atualizado. Enquanto isso, vamos ver as especifica\u00e7\u00f5es que j\u00e1 sabemos do OPPO F9. Em detalhes, o telefone OPPO vai oferecer um display LCD IPS de 6,01 polegadas com uma resolu\u00e7\u00e3o de 1080 x 2280 pixels. Al\u00e9m disso, o telefone OPPO recebe energia do chipset MediaTek Helio P60, juntamente com 6 GB de RAM e 128 GB de ROM (at\u00e9 256 GB). O dispositivo ser\u00e1 executado no Android 8.1 Oreo baseado no ColorOS 5.0. Para fotografia, o sistema de c\u00e2mera do OPPO F9 equipa um sensor duplo de 13 MP na parte de tr\u00e1s e uma \u00fanica lente de selfie de 27 MP. Para a energia, a bateria n\u00e3o remov\u00edvel do novo OPPO F9 embala uma capacidade de 3500 mAh.<\/span><\/p>\n<h3><b>OPPO F9 Pro: data de la\u00e7amento e pre\u00e7o<\/b><\/h3>\n<p><span style=\"font-weight: 400;\">Foi relatado que o OPPO F9 ser\u00e1 oficialmente em breve, e o F9 Pro tamb\u00e9m deve ser lan\u00e7ado junto com ele. Al\u00e9m disso, o pre\u00e7o de OPPO F9 come\u00e7a de US$ 435 (~ R$ 1900), ent\u00e3o o pre\u00e7o do OPPO F9 Pro \u00e9 estimado em pelo menos US$ 250 (~ R$ 1100). Conta pra gente o que voc\u00ea achou desse novo dispositivo!<\/span><\/p>\n\n<div style=\"font-size: 0px; height: 0px; line-height: 0px; margin: 0; padding: 0; clear: both;\"><\/div>","protected":false},"excerpt":{"rendered":"<p>A OPPO divulgou um teaser que confirma que o pr\u00f3ximo exemplar da s\u00e9rie OPPO F vai ser um smartphone premium chamado OPPO F9 Pro. At\u00e9 onde sabemos, este novo carro-chefe OPPO vai ostentar o novo VOOC Flash Charge, e vai ter um lindo design. Leia tudo para saber os detalhes! OPPO F9 Pro: novidades De [&hellip;]<\/p>\n","protected":false},"author":1,"featured_media":20557,"comment_status":"open","ping_status":"open","sticky":false,"template":"","format":"standard","meta":[],"categories":[7],"tags":[1148],"yoast_head":"<!-- This site is optimized with the Yoast SEO plugin v16.0.2 - https:\/\/yoast.com\/wordpress\/plugins\/seo\/ -->\n<title>OPPO F9 Pro vai contar com VOOC Flash Charge: \u201c5 minutos de carga, 2 horas de conversa\u201d !!!<\/title>\n<meta name=\"description\" content=\"A OPPO divulgou um teaser que confirma que o pr\u00f3ximo exemplar da s\u00e9rie OPPO F vai ser um smartphone premium chamado OPPO F9 Pro. At\u00e9 onde sabemos, .....\" \/>\n<link rel=\"canonical\" href=\"https:\/\/www.pricepony.com.br\/blog\/oppo-f9-pro\/\" \/>\n<meta property=\"og:locale\" content=\"pt_BR\" \/>\n<meta property=\"og:type\" content=\"article\" \/>\n<meta property=\"og:title\" content=\"OPPO F9 Pro vai contar com VOOC Flash Charge: \u201c5 minutos de carga, 2 horas de conversa\u201d !!!\" \/>\n<meta property=\"og:description\" content=\"A OPPO divulgou um teaser que confirma que o pr\u00f3ximo exemplar da s\u00e9rie OPPO F vai ser um smartphone premium chamado OPPO F9 Pro. At\u00e9 onde sabemos, .....\" \/>\n<meta property=\"og:url\" content=\"https:\/\/www.pricepony.com.br\/blog\/oppo-f9-pro\/\" \/>\n<meta property=\"og:site_name\" content=\"Price Pony\" \/>\n<meta property=\"article:published_time\" content=\"2018-09-19T16:05:16+00:00\" \/>\n<meta property=\"og:image\" content=\"https:\/\/www.pricepony.com.br\/blog\/wp-content\/uploads\/2018\/09\/1-24-1.jpg\" \/>\n\t<meta property=\"og:image:width\" content=\"1024\" \/>\n\t<meta property=\"og:image:height\" content=\"576\" \/>\n<meta name=\"twitter:card\" content=\"summary\" \/>\n<meta name=\"twitter:label1\" content=\"Est. tempo de leitura\">\n\t<meta name=\"twitter:data1\" content=\"2 minutos\">\n<script type=\"application\/ld+json\" class=\"yoast-schema-graph\">{\"@context\":\"https:\/\/schema.org\",\"@graph\":[{\"@type\":\"WebSite\",\"@id\":\"https:\/\/www.pricepony.com.br\/blog\/#website\",\"url\":\"https:\/\/www.pricepony.com.br\/blog\/\",\"name\":\"Price Pony\",\"description\":\"www.pricepony.com.br\",\"potentialAction\":[{\"@type\":\"SearchAction\",\"target\":\"https:\/\/www.pricepony.com.br\/blog\/?s={search_term_string}\",\"query-input\":\"required name=search_term_string\"}],\"inLanguage\":\"pt-BR\"},{\"@type\":\"ImageObject\",\"@id\":\"https:\/\/www.pricepony.com.br\/blog\/oppo-f9-pro\/#primaryimage\",\"inLanguage\":\"pt-BR\",\"url\":\"https:\/\/www.pricepony.com.br\/blog\/wp-content\/uploads\/2018\/09\/1-24-1.jpg\",\"width\":1024,\"height\":576},{\"@type\":\"WebPage\",\"@id\":\"https:\/\/www.pricepony.com.br\/blog\/oppo-f9-pro\/#webpage\",\"url\":\"https:\/\/www.pricepony.com.br\/blog\/oppo-f9-pro\/\",\"name\":\"OPPO F9 Pro vai contar com VOOC Flash Charge: \\u201c5 minutos de carga, 2 horas de conversa\\u201d !!!\",\"isPartOf\":{\"@id\":\"https:\/\/www.pricepony.com.br\/blog\/#website\"},\"primaryImageOfPage\":{\"@id\":\"https:\/\/www.pricepony.com.br\/blog\/oppo-f9-pro\/#primaryimage\"},\"datePublished\":\"2018-09-19T16:05:16+00:00\",\"dateModified\":\"2018-09-19T16:05:16+00:00\",\"author\":{\"@id\":\"https:\/\/www.pricepony.com.br\/blog\/#\/schema\/person\/c338807e08d2e0642a2680633342a0b6\"},\"description\":\"A OPPO divulgou um teaser que confirma que o pr\\u00f3ximo exemplar da s\\u00e9rie OPPO F vai ser um smartphone premium chamado OPPO F9 Pro. At\\u00e9 onde sabemos, .....\",\"breadcrumb\":{\"@id\":\"https:\/\/www.pricepony.com.br\/blog\/oppo-f9-pro\/#breadcrumb\"},\"inLanguage\":\"pt-BR\",\"potentialAction\":[{\"@type\":\"ReadAction\",\"target\":[\"https:\/\/www.pricepony.com.br\/blog\/oppo-f9-pro\/\"]}]},{\"@type\":\"BreadcrumbList\",\"@id\":\"https:\/\/www.pricepony.com.br\/blog\/oppo-f9-pro\/#breadcrumb\",\"itemListElement\":[{\"@type\":\"ListItem\",\"position\":1,\"item\":{\"@type\":\"WebPage\",\"@id\":\"https:\/\/www.pricepony.com.br\/blog\/\",\"url\":\"https:\/\/www.pricepony.com.br\/blog\/\",\"name\":\"In\\u00edcio\"}},{\"@type\":\"ListItem\",\"position\":2,\"item\":{\"@type\":\"WebPage\",\"@id\":\"https:\/\/www.pricepony.com.br\/blog\/oppo-f9-pro\/\",\"url\":\"https:\/\/www.pricepony.com.br\/blog\/oppo-f9-pro\/\",\"name\":\"OPPO F9 Pro vai contar com VOOC Flash Charge: \\u201c5 minutos de carga, 2 horas de conversa\\u201d !!!\"}}]},{\"@type\":\"Person\",\"@id\":\"https:\/\/www.pricepony.com.br\/blog\/#\/schema\/person\/c338807e08d2e0642a2680633342a0b6\",\"name\":\"Chris Eilers\",\"image\":{\"@type\":\"ImageObject\",\"@id\":\"https:\/\/www.pricepony.com.br\/blog\/#personlogo\",\"inLanguage\":\"pt-BR\",\"url\":\"https:\/\/secure.gravatar.com\/avatar\/83e51b46626e1e91aba06adcb3bf3473?s=96&d=mm&r=g\",\"caption\":\"Chris Eilers\"},\"description\":\"Chris is an experienced Digital Marketer and Growth Hacker with work experience in Mckinsey Germany and Rocket Internet Asia. He is the CEO of Oizoioi Malaysia and actively engaged in the Startup Scene in South East Asia.\"}]}<\/script>\n<!-- \/ Yoast SEO plugin. -->","_links":{"self":[{"href":"https:\/\/www.pricepony.com.br\/blog\/wp-json\/wp\/v2\/posts\/20556"}],"collection":[{"href":"https:\/\/www.pricepony.com.br\/blog\/wp-json\/wp\/v2\/posts"}],"about":[{"href":"https:\/\/www.pricepony.com.br\/blog\/wp-json\/wp\/v2\/types\/post"}],"author":[{"embeddable":true,"href":"https:\/\/www.pricepony.com.br\/blog\/wp-json\/wp\/v2\/users\/1"}],"replies":[{"embeddable":true,"href":"https:\/\/www.pricepony.com.br\/blog\/wp-json\/wp\/v2\/comments?post=20556"}],"version-history":[{"count":0,"href":"https:\/\/www.pricepony.com.br\/blog\/wp-json\/wp\/v2\/posts\/20556\/revisions"}],"wp:featuredmedia":[{"embeddable":true,"href":"https:\/\/www.pricepony.com.br\/blog\/wp-json\/wp\/v2\/media\/20557"}],"wp:attachment":[{"href":"https:\/\/www.pricepony.com.br\/blog\/wp-json\/wp\/v2\/media?parent=20556"}],"wp:term":[{"taxonomy":"category","embeddable":true,"href":"https:\/\/www.pricepony.com.br\/blog\/wp-json\/wp\/v2\/categories?post=20556"},{"taxonomy":"post_tag","embeddable":true,"href":"https:\/\/www.pricepony.com.br\/blog\/wp-json\/wp\/v2\/tags?post=20556"}],"curies":[{"name":"wp","href":"https:\/\/api.w.org\/{rel}","templated":true}]}}