{"id":20219,"date":"2018-08-10T11:25:04","date_gmt":"2018-08-10T11:25:04","guid":{"rendered":"http:\/\/www.pricepony.com.br\/blog\/?p=20219"},"modified":"2018-08-10T11:26:07","modified_gmt":"2018-08-10T11:26:07","slug":"samsung-galaxy-f","status":"publish","type":"post","link":"https:\/\/www.pricepony.com.br\/blog\/samsung-galaxy-f\/","title":{"rendered":"Celular dobr\u00e1vel Samsung Galaxy F est\u00e1 para chegar com 6 GB de RAM, c\u00e2meras duplas de 32 MP!"},"content":{"rendered":"<p><b>Depois de muito tempo provocando, finalmente, h\u00e1 algumas novas informa\u00e7\u00f5es sobre o pr\u00f3ximo telefone dobr\u00e1vel da Samsung. Para ser espec\u00edfico, ele vai chegar sob o nome de Samsung Galaxy F e possui dois monitores. Continue lendo para mais detalhes! <\/b><\/p><div style=\"float: none; display: block; margin: 0 -10px; text-align: center;\"><!-- Top Banner PH NEW -->\n                        <ins class=\"adsbygoogle\"\n                             style=\"display:inline-block;width:728px;height:90px\"\n                             data-ad-client=\"ca-pub-4796993490224996\"\n                             data-ad-slot=\"9195989669\"><\/ins>\n                        <script>(adsbygoogle = window.adsbygoogle || []).push({});<\/script><\/div><\/p>\n<p><img decoding=\"async\" class=\"aligncenter wp-image-20222\" src=\"data:image\/gif;base64,R0lGODlhAQABAIAAAAAAAP\/\/\/yH5BAEAAAAALAAAAAABAAEAAAIBRAA7\" data-src=\"http:\/\/www.pricepony.com.br\/blog\/wp-content\/uploads\/2018\/08\/samsung-foldable-phone-1.jpg\" alt=\"\" width=\"510\" height=\"287\" \/ \/><\/p>\n<h3><b>Samsung Galaxy F<\/b><\/h3>\n<p><span style=\"font-weight: 400;\">Anteriormente, havia muitos relat\u00f3rios sugerindo a chegada do primeiro <\/span><span style=\"font-weight: 400;\">smartphone dobr\u00e1vel <\/span><span style=\"font-weight: 400;\">da Samsung. Notavelmente, a marca coreana se prepara para o lan\u00e7amento deste aparelho j\u00e1 faz um longo tempo. Desde o in\u00edcio de 2018, nos deparamos com muitos vazamentos e patentes relacionadas a este telefone. Hoje, enquanto nenhuma confirma\u00e7\u00e3o oficial da Samsung foi fornecida sobre o assunto, um informante revelou o que poderia ser o nome final &#8211; Samsung Galaxy F. O \u201cF\u201d possivelmente significa \u2018foldable\u2019 &#8211; dobr\u00e1vel, em portugu\u00eas, \u2018future\u2019 &#8211; futuro ou algo completamente diferente.<\/span><\/p>\n<p><span style=\"font-weight: 400;\">Al\u00e9m disso, quando perguntado em que tipo de s\u00e9rie o nome se relacionava, o informante em quest\u00e3o afirmou \u201ctop de linha\u201d. Assim, sugerindo que vai ser um carro chefe premium, at\u00e9 mesmo acima das linhas Galaxy S e<\/span><span style=\"font-weight: 400;\"> Galaxy Note<\/span><span style=\"font-weight: 400;\">. Afinal, relat\u00f3rios recentes tamb\u00e9m sugeriram que o dispositivo poderia custar at\u00e9 US $ 1.850 (algo em torno de R$ 6863) quando for lan\u00e7ado no in\u00edcio do ano que vem. Al\u00e9m disso, o prot\u00f3tipo da Samsung \u00e9 bastante espesso e abriga um fone de ouvido de 3,5 mm na parte inferior. No entanto, \u00e9 preciso lembrar que o design deste carro chefe da Samsung pode mudar depois dessa not\u00edcia com algumas corre\u00e7\u00f5es adicionais.<\/span><\/p>\n<!-- Quick Adsense WordPress Plugin: http:\/\/quickadsense.com\/ -->\n<div class=\"715bb7587c5240ca50b41debac6fc6bc\" data-index=\"2\" style=\"float: none; margin:10px 0 10px 0; text-align:center;\">\n<!-- BR Middle -->\r\n<ins class=\"adsbygoogle\"\r\n     style=\"display:inline-block;width:336px;height:280px\"\r\n     data-ad-client=\"ca-pub-4796993490224996\"\r\n     data-ad-slot=\"2407662860\"><\/ins>\r\n<script>\r\n(adsbygoogle = window.adsbygoogle || []).push({});\r\n<\/script>\n<\/div>\n\n<p><img decoding=\"async\" class=\"aligncenter wp-image-20221\" src=\"data:image\/gif;base64,R0lGODlhAQABAIAAAAAAAP\/\/\/yH5BAEAAAAALAAAAAABAAEAAAIBRAA7\" data-src=\"http:\/\/www.pricepony.com.br\/blog\/wp-content\/uploads\/2018\/08\/Samsung-foldable-phone-prototypes.jpg\" alt=\"\" width=\"448\" height=\"284\" \/ \/><\/p>\n<p><span style=\"font-weight: 400;\">Em seguida, n\u00f3s vamos falar sobre as especifica\u00e7\u00f5es do Samsung Galaxy F. No mais do que j\u00e1 vimos at\u00e9 agora, este telefone dobr\u00e1vel oferece uma grande tela OLED de 7,3 polegadas com resolu\u00e7\u00e3o 4K (3840 x 2160 pixels). Al\u00e9m disso, este aparelho da Samsung se abriria como um livro. Por outro lado, o dispositivo dobr\u00e1vel toma o poder do chipset Qualcomm Snapdragon 845 como processador. Al\u00e9m disso, o smartphone desfila com 6 GB de RAM com 128 GB ROM. Al\u00e9m disso, h\u00e1 um cart\u00e3o microSD que pode expandir este armazenamento para at\u00e9 128 GB. No mais, o aparelho da Samsung balan\u00e7a uma caixa de bateria n\u00e3o remov\u00edvel de 5000 mAh. Enquanto isso, este telefone \u00e9 executado no Android 8.0 Oreo como sistema operacional. Para o departamento de \u00f3ptica, o sistema de c\u00e2mera dobr\u00e1vel da Samsung inclui uma dupla com 32 MP + 12 MP para a c\u00e2mera traseira.<\/span><\/p>\n<h3><b>Samsung Galaxy F \u2013 data de lan\u00e7amento e pre\u00e7o<\/b><\/h3>\n<p><span style=\"font-weight: 400;\">Como mencionado acima, o Samsung Galaxy F provavelmente chegar\u00e1 em 2019 com um pre\u00e7o bem alto de US $ 1.850 (algo em torno de R$ 6863). Ent\u00e3o, seja paciente e fique ligado conosco para mais atualiza\u00e7\u00f5es sobre o aparelho! <\/span><\/p>\n\n<div style=\"font-size: 0px; height: 0px; line-height: 0px; margin: 0; padding: 0; clear: both;\"><\/div>","protected":false},"excerpt":{"rendered":"<p>Depois de muito tempo provocando, finalmente, h\u00e1 algumas novas informa\u00e7\u00f5es sobre o pr\u00f3ximo telefone dobr\u00e1vel da Samsung. Para ser espec\u00edfico, ele vai chegar sob o nome de Samsung Galaxy F e possui dois monitores. Continue lendo para mais detalhes! Samsung Galaxy F Anteriormente, havia muitos relat\u00f3rios sugerindo a chegada do primeiro smartphone dobr\u00e1vel da Samsung. [&hellip;]<\/p>\n","protected":false},"author":1,"featured_media":20220,"comment_status":"open","ping_status":"open","sticky":false,"template":"","format":"standard","meta":[],"categories":[7],"tags":[1106],"yoast_head":"<!-- This site is optimized with the Yoast SEO plugin v16.0.2 - https:\/\/yoast.com\/wordpress\/plugins\/seo\/ -->\n<title>Celular dobr\u00e1vel Samsung Galaxy F est\u00e1 para chegar com 6 GB de RAM, c\u00e2meras duplas de 32 MP!<\/title>\n<meta name=\"description\" content=\"Depois de muito tempo provocando, finalmente, h\u00e1 algumas novas informa\u00e7\u00f5es sobre o pr\u00f3ximo telefone dobr\u00e1vel da Samsung...\" \/>\n<link rel=\"canonical\" href=\"https:\/\/www.pricepony.com.br\/blog\/samsung-galaxy-f\/\" \/>\n<meta property=\"og:locale\" content=\"pt_BR\" \/>\n<meta property=\"og:type\" content=\"article\" \/>\n<meta property=\"og:title\" content=\"Celular dobr\u00e1vel Samsung Galaxy F est\u00e1 para chegar com 6 GB de RAM, c\u00e2meras duplas de 32 MP!\" \/>\n<meta property=\"og:description\" content=\"Depois de muito tempo provocando, finalmente, h\u00e1 algumas novas informa\u00e7\u00f5es sobre o pr\u00f3ximo telefone dobr\u00e1vel da Samsung...\" \/>\n<meta property=\"og:url\" content=\"https:\/\/www.pricepony.com.br\/blog\/samsung-galaxy-f\/\" \/>\n<meta property=\"og:site_name\" content=\"Price Pony\" \/>\n<meta property=\"article:published_time\" content=\"2018-08-10T11:25:04+00:00\" \/>\n<meta property=\"article:modified_time\" content=\"2018-08-10T11:26:07+00:00\" \/>\n<meta property=\"og:image\" content=\"https:\/\/www.pricepony.com.br\/blog\/wp-content\/uploads\/2018\/08\/1-4.jpg\" \/>\n\t<meta property=\"og:image:width\" content=\"1024\" \/>\n\t<meta property=\"og:image:height\" content=\"536\" \/>\n<meta name=\"twitter:card\" content=\"summary\" \/>\n<meta name=\"twitter:label1\" content=\"Est. tempo de leitura\">\n\t<meta name=\"twitter:data1\" content=\"2 minutos\">\n<script type=\"application\/ld+json\" class=\"yoast-schema-graph\">{\"@context\":\"https:\/\/schema.org\",\"@graph\":[{\"@type\":\"WebSite\",\"@id\":\"https:\/\/www.pricepony.com.br\/blog\/#website\",\"url\":\"https:\/\/www.pricepony.com.br\/blog\/\",\"name\":\"Price Pony\",\"description\":\"www.pricepony.com.br\",\"potentialAction\":[{\"@type\":\"SearchAction\",\"target\":\"https:\/\/www.pricepony.com.br\/blog\/?s={search_term_string}\",\"query-input\":\"required name=search_term_string\"}],\"inLanguage\":\"pt-BR\"},{\"@type\":\"ImageObject\",\"@id\":\"https:\/\/www.pricepony.com.br\/blog\/samsung-galaxy-f\/#primaryimage\",\"inLanguage\":\"pt-BR\",\"url\":\"https:\/\/www.pricepony.com.br\/blog\/wp-content\/uploads\/2018\/08\/1-4.jpg\",\"width\":1024,\"height\":536},{\"@type\":\"WebPage\",\"@id\":\"https:\/\/www.pricepony.com.br\/blog\/samsung-galaxy-f\/#webpage\",\"url\":\"https:\/\/www.pricepony.com.br\/blog\/samsung-galaxy-f\/\",\"name\":\"Celular dobr\\u00e1vel Samsung Galaxy F est\\u00e1 para chegar com 6 GB de RAM, c\\u00e2meras duplas de 32 MP!\",\"isPartOf\":{\"@id\":\"https:\/\/www.pricepony.com.br\/blog\/#website\"},\"primaryImageOfPage\":{\"@id\":\"https:\/\/www.pricepony.com.br\/blog\/samsung-galaxy-f\/#primaryimage\"},\"datePublished\":\"2018-08-10T11:25:04+00:00\",\"dateModified\":\"2018-08-10T11:26:07+00:00\",\"author\":{\"@id\":\"https:\/\/www.pricepony.com.br\/blog\/#\/schema\/person\/c338807e08d2e0642a2680633342a0b6\"},\"description\":\"Depois de muito tempo provocando, finalmente, h\\u00e1 algumas novas informa\\u00e7\\u00f5es sobre o pr\\u00f3ximo telefone dobr\\u00e1vel da Samsung...\",\"breadcrumb\":{\"@id\":\"https:\/\/www.pricepony.com.br\/blog\/samsung-galaxy-f\/#breadcrumb\"},\"inLanguage\":\"pt-BR\",\"potentialAction\":[{\"@type\":\"ReadAction\",\"target\":[\"https:\/\/www.pricepony.com.br\/blog\/samsung-galaxy-f\/\"]}]},{\"@type\":\"BreadcrumbList\",\"@id\":\"https:\/\/www.pricepony.com.br\/blog\/samsung-galaxy-f\/#breadcrumb\",\"itemListElement\":[{\"@type\":\"ListItem\",\"position\":1,\"item\":{\"@type\":\"WebPage\",\"@id\":\"https:\/\/www.pricepony.com.br\/blog\/\",\"url\":\"https:\/\/www.pricepony.com.br\/blog\/\",\"name\":\"In\\u00edcio\"}},{\"@type\":\"ListItem\",\"position\":2,\"item\":{\"@type\":\"WebPage\",\"@id\":\"https:\/\/www.pricepony.com.br\/blog\/samsung-galaxy-f\/\",\"url\":\"https:\/\/www.pricepony.com.br\/blog\/samsung-galaxy-f\/\",\"name\":\"Celular dobr\\u00e1vel Samsung Galaxy F est\\u00e1 para chegar com 6 GB de RAM, c\\u00e2meras duplas de 32 MP!\"}}]},{\"@type\":\"Person\",\"@id\":\"https:\/\/www.pricepony.com.br\/blog\/#\/schema\/person\/c338807e08d2e0642a2680633342a0b6\",\"name\":\"Chris Eilers\",\"image\":{\"@type\":\"ImageObject\",\"@id\":\"https:\/\/www.pricepony.com.br\/blog\/#personlogo\",\"inLanguage\":\"pt-BR\",\"url\":\"https:\/\/secure.gravatar.com\/avatar\/83e51b46626e1e91aba06adcb3bf3473?s=96&d=mm&r=g\",\"caption\":\"Chris Eilers\"},\"description\":\"Chris is an experienced Digital Marketer and Growth Hacker with work experience in Mckinsey Germany and Rocket Internet Asia. He is the CEO of Oizoioi Malaysia and actively engaged in the Startup Scene in South East Asia.\"}]}<\/script>\n<!-- \/ Yoast SEO plugin. -->","_links":{"self":[{"href":"https:\/\/www.pricepony.com.br\/blog\/wp-json\/wp\/v2\/posts\/20219"}],"collection":[{"href":"https:\/\/www.pricepony.com.br\/blog\/wp-json\/wp\/v2\/posts"}],"about":[{"href":"https:\/\/www.pricepony.com.br\/blog\/wp-json\/wp\/v2\/types\/post"}],"author":[{"embeddable":true,"href":"https:\/\/www.pricepony.com.br\/blog\/wp-json\/wp\/v2\/users\/1"}],"replies":[{"embeddable":true,"href":"https:\/\/www.pricepony.com.br\/blog\/wp-json\/wp\/v2\/comments?post=20219"}],"version-history":[{"count":0,"href":"https:\/\/www.pricepony.com.br\/blog\/wp-json\/wp\/v2\/posts\/20219\/revisions"}],"wp:featuredmedia":[{"embeddable":true,"href":"https:\/\/www.pricepony.com.br\/blog\/wp-json\/wp\/v2\/media\/20220"}],"wp:attachment":[{"href":"https:\/\/www.pricepony.com.br\/blog\/wp-json\/wp\/v2\/media?parent=20219"}],"wp:term":[{"taxonomy":"category","embeddable":true,"href":"https:\/\/www.pricepony.com.br\/blog\/wp-json\/wp\/v2\/categories?post=20219"},{"taxonomy":"post_tag","embeddable":true,"href":"https:\/\/www.pricepony.com.br\/blog\/wp-json\/wp\/v2\/tags?post=20219"}],"curies":[{"name":"wp","href":"https:\/\/api.w.org\/{rel}","templated":true}]}}