{"id":19834,"date":"2018-06-08T12:04:30","date_gmt":"2018-06-08T12:04:30","guid":{"rendered":"http:\/\/www.pricepony.com.br\/blog\/?p=19834"},"modified":"2018-07-10T12:10:48","modified_gmt":"2018-07-10T12:10:48","slug":"apple-iphone-se-2-vai-chegar-de-cara-nova-design-colorido-armacao-de-metal-e-camera-de-12-mp","status":"publish","type":"post","link":"https:\/\/www.pricepony.com.br\/blog\/apple-iphone-se-2-vai-chegar-de-cara-nova-design-colorido-armacao-de-metal-e-camera-de-12-mp\/","title":{"rendered":"Apple iPhone SE 2 vai chegar de cara nova: design colorido, arma\u00e7\u00e3o de metal e c\u00e2mera de 12 MP\u2026>"},"content":{"rendered":"<p><b>Hoje, nosso consultor de cria\u00e7\u00e3o veio nos contar sobre a nova apar\u00eancia do Apple iPhone SE 2! De forma not\u00e1vel, \u00a0novo dispositivo iPhone vai vir com op\u00e7\u00f5es de cores mais vibrantes e um corpo todo em metal. Des\u00e7a a p\u00e1gina e descubra todas as informa\u00e7\u00f5es sobre este novo dispositivo!<\/b><\/p><div style=\"float: none; display: block; margin: 0 -10px; text-align: center;\"><!-- Top Banner PH NEW -->\n                        <ins class=\"adsbygoogle\"\n                             style=\"display:inline-block;width:728px;height:90px\"\n                             data-ad-client=\"ca-pub-4796993490224996\"\n                             data-ad-slot=\"9195989669\"><\/ins>\n                        <script>(adsbygoogle = window.adsbygoogle || []).push({});<\/script><\/div><\/p>\n<p><img decoding=\"async\" class=\"aligncenter wp-image-19836\" src=\"data:image\/gif;base64,R0lGODlhAQABAIAAAAAAAP\/\/\/yH5BAEAAAAALAAAAAABAAEAAAIBRAA7\" data-src=\"http:\/\/www.pricepony.com.br\/blog\/wp-content\/uploads\/2018\/06\/dc-Cover-orhdloei2mauvvenepc9kdpig6-20180501090543.Medi_.jpeg\" alt=\"\" width=\"412\" height=\"231\" \/ \/><\/p>\n<p><b>Apple iPhone SE 2 aparece de cara nova, com um design mais colorido, arma\u00e7\u00e3o de metal e mais!<\/b><\/p>\n<p><span style=\"font-weight: 400;\">Recentemente, temos ouvido muitos rumores sobre o pr\u00f3ximo lan\u00e7amento da Apple para 2018. Muitos analistas afirmaram que o primeiro iPhone a chegar ao mercado este ano seria o sucessor do dispositivo iPhone SE. Al\u00e9m disso, eles tamb\u00e9m sugeriram que o novo iPhone SE 2 poderia chegar com o mesmo design do carro-chefe iPhone X. Isso significa um design com tela sem moldura, um entalhe para c\u00e2mera de selfie e arma\u00e7\u00e3o de metal. Hoje, n\u00f3s vamos dar uma espiada nos novos looks do Apple iPhone SE 2!<\/span><\/p>\n<p><span style=\"font-weight: 400;\">Com base na imagem, os novos visuais do Apple iPhone SE 2 mostram op\u00e7\u00f5es de aparelhos muito mais coloridos. Uma das raz\u00f5es para essa mudan\u00e7a pode ser porque a Apple quer que seu iPhone SE 2 se torne mais atraente para o p\u00fablico mais jovem. Al\u00e9m disso, o iPhone SE 2018 tamb\u00e9m est\u00e1 equipado com o novo sistema de seguran\u00e7a FaceID presente no iPhone X. Por outro lado, o iPhone SE 2018 possui o hardware interno atualizado. <\/span><\/p>\n<!-- Quick Adsense WordPress Plugin: http:\/\/quickadsense.com\/ -->\n<div class=\"715bb7587c5240ca50b41debac6fc6bc\" data-index=\"2\" style=\"float: none; margin:10px 0 10px 0; text-align:center;\">\n<!-- BR Middle -->\r\n<ins class=\"adsbygoogle\"\r\n     style=\"display:inline-block;width:336px;height:280px\"\r\n     data-ad-client=\"ca-pub-4796993490224996\"\r\n     data-ad-slot=\"2407662860\"><\/ins>\r\n<script>\r\n(adsbygoogle = window.adsbygoogle || []).push({});\r\n<\/script>\n<\/div>\n\n<p><iframe width=\"640\" height=\"360\" src=\"https:\/\/www.youtube.com\/embed\/Z4lBbQLhfLc?feature=oembed\" frameborder=\"0\" allow=\"autoplay; encrypted-media\" allowfullscreen><\/iframe><\/p>\n<p><span style=\"font-weight: 400;\">Em rela\u00e7\u00e3o \u00e0 tela, as especifica\u00e7\u00f5es do Apple iPhone SE 2 incluem uma tela de 4 polegadas com resolu\u00e7\u00e3o de 640 x 1136 pixels. O iPhone SE 2018 da Apple ser\u00e1 executado no chipset Apple A10 Bionic e com o sistema operacional iOS 11.3. Em rela\u00e7\u00e3o ao armazenamento, o aparelho da Apple vem com 2 GB de RAM e duas op\u00e7\u00f5es de armazenamento interno: 32 GB ou 128 GB de ROM (sem slot para cart\u00e3o). Al\u00e9m disso, a c\u00e2mera do Apple iPhone SE 2 ostenta um sensor prim\u00e1rio de 12 MP e um sensor de selfie de 1.2 MP. Al\u00e9m disso, a bateria do Apple iPhone SE 2 conta com uma pequena capacidade de 1700 mAh. Com base nas atualiza\u00e7\u00f5es mais recentes, h\u00e1 uma grande chance de a Apple remover o conector de fone de ouvido. Em substitui\u00e7\u00e3o, o Apple iPhone SE 2018 pode oferecer prote\u00e7\u00e3o de impermeabiliza\u00e7\u00e3o, um mecanismo de feedback t\u00e1til ou uma bateria maior. Mas pode deixar que viremos te contar assim que essas informa\u00e7\u00f5es forem divulgadas! <\/span><\/p>\n<p><b>Apple iPhone SE 2018: data de lan\u00e7amento e pre\u00e7o<\/b><\/p>\n<p><span style=\"font-weight: 400;\">De acordo com nossas fontes, o novo iPhone SE da Apple chegaria ao mercado, no mais tardar, em setembro deste ano. Al\u00e9m disso, o pre\u00e7o do Apple iPhone SE 2018 pode estar na faixa de US$ 385 a US$ 450, que equivale a algo entre R$ 2200 e R$ 2600. O que voc\u00ea achou dessa nova vers\u00e3o no mini iPhone? Acha que ele deveria equipar mais alguma coisa? Conta pra gente em um coment\u00e1rio!<\/span><\/p>\n\n<div style=\"font-size: 0px; height: 0px; line-height: 0px; margin: 0; padding: 0; clear: both;\"><\/div>","protected":false},"excerpt":{"rendered":"<p>Hoje, nosso consultor de cria\u00e7\u00e3o veio nos contar sobre a nova apar\u00eancia do Apple iPhone SE 2! De forma not\u00e1vel, \u00a0novo dispositivo iPhone vai vir com op\u00e7\u00f5es de cores mais vibrantes e um corpo todo em metal. Des\u00e7a a p\u00e1gina e descubra todas as informa\u00e7\u00f5es sobre este novo dispositivo! Apple iPhone SE 2 aparece de [&hellip;]<\/p>\n","protected":false},"author":1,"featured_media":19835,"comment_status":"open","ping_status":"open","sticky":false,"template":"","format":"standard","meta":[],"categories":[7],"tags":[952],"yoast_head":"<!-- This site is optimized with the Yoast SEO plugin v16.0.2 - https:\/\/yoast.com\/wordpress\/plugins\/seo\/ -->\n<title>Apple iPhone SE 2 vai chegar de cara nova: design colorido, arma\u00e7\u00e3o de metal e c\u00e2mera de 12 MP\u2026&gt;<\/title>\n<meta name=\"description\" content=\"Hoje, nosso consultor de cria\u00e7\u00e3o veio nos contar sobre a nova apar\u00eancia do Apple iPhone SE 2! De forma not\u00e1vel, novo dispositivo iPhone vai vir com ....\" \/>\n<link rel=\"canonical\" href=\"https:\/\/www.pricepony.com.br\/blog\/apple-iphone-se-2-vai-chegar-de-cara-nova-design-colorido-armacao-de-metal-e-camera-de-12-mp\/\" \/>\n<meta property=\"og:locale\" content=\"pt_BR\" \/>\n<meta property=\"og:type\" content=\"article\" \/>\n<meta property=\"og:title\" content=\"Apple iPhone SE 2 vai chegar de cara nova: design colorido, arma\u00e7\u00e3o de metal e c\u00e2mera de 12 MP\u2026&gt;\" \/>\n<meta property=\"og:description\" content=\"Hoje, nosso consultor de cria\u00e7\u00e3o veio nos contar sobre a nova apar\u00eancia do Apple iPhone SE 2! De forma not\u00e1vel, novo dispositivo iPhone vai vir com ....\" \/>\n<meta property=\"og:url\" content=\"https:\/\/www.pricepony.com.br\/blog\/apple-iphone-se-2-vai-chegar-de-cara-nova-design-colorido-armacao-de-metal-e-camera-de-12-mp\/\" \/>\n<meta property=\"og:site_name\" content=\"Price Pony\" \/>\n<meta property=\"article:published_time\" content=\"2018-06-08T12:04:30+00:00\" \/>\n<meta property=\"article:modified_time\" content=\"2018-07-10T12:10:48+00:00\" \/>\n<meta property=\"og:image\" content=\"https:\/\/www.pricepony.com.br\/blog\/wp-content\/uploads\/2018\/06\/4287417_Cover.png\" \/>\n\t<meta property=\"og:image:width\" content=\"1986\" \/>\n\t<meta property=\"og:image:height\" content=\"1039\" \/>\n<meta name=\"twitter:card\" content=\"summary\" \/>\n<meta name=\"twitter:label1\" content=\"Est. tempo de leitura\">\n\t<meta name=\"twitter:data1\" content=\"3 minutos\">\n<script type=\"application\/ld+json\" class=\"yoast-schema-graph\">{\"@context\":\"https:\/\/schema.org\",\"@graph\":[{\"@type\":\"WebSite\",\"@id\":\"https:\/\/www.pricepony.com.br\/blog\/#website\",\"url\":\"https:\/\/www.pricepony.com.br\/blog\/\",\"name\":\"Price Pony\",\"description\":\"www.pricepony.com.br\",\"potentialAction\":[{\"@type\":\"SearchAction\",\"target\":\"https:\/\/www.pricepony.com.br\/blog\/?s={search_term_string}\",\"query-input\":\"required name=search_term_string\"}],\"inLanguage\":\"pt-BR\"},{\"@type\":\"ImageObject\",\"@id\":\"https:\/\/www.pricepony.com.br\/blog\/apple-iphone-se-2-vai-chegar-de-cara-nova-design-colorido-armacao-de-metal-e-camera-de-12-mp\/#primaryimage\",\"inLanguage\":\"pt-BR\",\"url\":\"https:\/\/www.pricepony.com.br\/blog\/wp-content\/uploads\/2018\/06\/4287417_Cover.png\",\"width\":1986,\"height\":1039},{\"@type\":\"WebPage\",\"@id\":\"https:\/\/www.pricepony.com.br\/blog\/apple-iphone-se-2-vai-chegar-de-cara-nova-design-colorido-armacao-de-metal-e-camera-de-12-mp\/#webpage\",\"url\":\"https:\/\/www.pricepony.com.br\/blog\/apple-iphone-se-2-vai-chegar-de-cara-nova-design-colorido-armacao-de-metal-e-camera-de-12-mp\/\",\"name\":\"Apple iPhone SE 2 vai chegar de cara nova: design colorido, arma\\u00e7\\u00e3o de metal e c\\u00e2mera de 12 MP\\u2026>\",\"isPartOf\":{\"@id\":\"https:\/\/www.pricepony.com.br\/blog\/#website\"},\"primaryImageOfPage\":{\"@id\":\"https:\/\/www.pricepony.com.br\/blog\/apple-iphone-se-2-vai-chegar-de-cara-nova-design-colorido-armacao-de-metal-e-camera-de-12-mp\/#primaryimage\"},\"datePublished\":\"2018-06-08T12:04:30+00:00\",\"dateModified\":\"2018-07-10T12:10:48+00:00\",\"author\":{\"@id\":\"https:\/\/www.pricepony.com.br\/blog\/#\/schema\/person\/c338807e08d2e0642a2680633342a0b6\"},\"description\":\"Hoje, nosso consultor de cria\\u00e7\\u00e3o veio nos contar sobre a nova apar\\u00eancia do Apple iPhone SE 2! De forma not\\u00e1vel, novo dispositivo iPhone vai vir com ....\",\"breadcrumb\":{\"@id\":\"https:\/\/www.pricepony.com.br\/blog\/apple-iphone-se-2-vai-chegar-de-cara-nova-design-colorido-armacao-de-metal-e-camera-de-12-mp\/#breadcrumb\"},\"inLanguage\":\"pt-BR\",\"potentialAction\":[{\"@type\":\"ReadAction\",\"target\":[\"https:\/\/www.pricepony.com.br\/blog\/apple-iphone-se-2-vai-chegar-de-cara-nova-design-colorido-armacao-de-metal-e-camera-de-12-mp\/\"]}]},{\"@type\":\"BreadcrumbList\",\"@id\":\"https:\/\/www.pricepony.com.br\/blog\/apple-iphone-se-2-vai-chegar-de-cara-nova-design-colorido-armacao-de-metal-e-camera-de-12-mp\/#breadcrumb\",\"itemListElement\":[{\"@type\":\"ListItem\",\"position\":1,\"item\":{\"@type\":\"WebPage\",\"@id\":\"https:\/\/www.pricepony.com.br\/blog\/\",\"url\":\"https:\/\/www.pricepony.com.br\/blog\/\",\"name\":\"In\\u00edcio\"}},{\"@type\":\"ListItem\",\"position\":2,\"item\":{\"@type\":\"WebPage\",\"@id\":\"https:\/\/www.pricepony.com.br\/blog\/apple-iphone-se-2-vai-chegar-de-cara-nova-design-colorido-armacao-de-metal-e-camera-de-12-mp\/\",\"url\":\"https:\/\/www.pricepony.com.br\/blog\/apple-iphone-se-2-vai-chegar-de-cara-nova-design-colorido-armacao-de-metal-e-camera-de-12-mp\/\",\"name\":\"Apple iPhone SE 2 vai chegar de cara nova: design colorido, arma\\u00e7\\u00e3o de metal e c\\u00e2mera de 12 MP\\u2026>\"}}]},{\"@type\":\"Person\",\"@id\":\"https:\/\/www.pricepony.com.br\/blog\/#\/schema\/person\/c338807e08d2e0642a2680633342a0b6\",\"name\":\"Chris Eilers\",\"image\":{\"@type\":\"ImageObject\",\"@id\":\"https:\/\/www.pricepony.com.br\/blog\/#personlogo\",\"inLanguage\":\"pt-BR\",\"url\":\"https:\/\/secure.gravatar.com\/avatar\/83e51b46626e1e91aba06adcb3bf3473?s=96&d=mm&r=g\",\"caption\":\"Chris Eilers\"},\"description\":\"Chris is an experienced Digital Marketer and Growth Hacker with work experience in Mckinsey Germany and Rocket Internet Asia. He is the CEO of Oizoioi Malaysia and actively engaged in the Startup Scene in South East Asia.\"}]}<\/script>\n<!-- \/ Yoast SEO plugin. -->","_links":{"self":[{"href":"https:\/\/www.pricepony.com.br\/blog\/wp-json\/wp\/v2\/posts\/19834"}],"collection":[{"href":"https:\/\/www.pricepony.com.br\/blog\/wp-json\/wp\/v2\/posts"}],"about":[{"href":"https:\/\/www.pricepony.com.br\/blog\/wp-json\/wp\/v2\/types\/post"}],"author":[{"embeddable":true,"href":"https:\/\/www.pricepony.com.br\/blog\/wp-json\/wp\/v2\/users\/1"}],"replies":[{"embeddable":true,"href":"https:\/\/www.pricepony.com.br\/blog\/wp-json\/wp\/v2\/comments?post=19834"}],"version-history":[{"count":0,"href":"https:\/\/www.pricepony.com.br\/blog\/wp-json\/wp\/v2\/posts\/19834\/revisions"}],"wp:featuredmedia":[{"embeddable":true,"href":"https:\/\/www.pricepony.com.br\/blog\/wp-json\/wp\/v2\/media\/19835"}],"wp:attachment":[{"href":"https:\/\/www.pricepony.com.br\/blog\/wp-json\/wp\/v2\/media?parent=19834"}],"wp:term":[{"taxonomy":"category","embeddable":true,"href":"https:\/\/www.pricepony.com.br\/blog\/wp-json\/wp\/v2\/categories?post=19834"},{"taxonomy":"post_tag","embeddable":true,"href":"https:\/\/www.pricepony.com.br\/blog\/wp-json\/wp\/v2\/tags?post=19834"}],"curies":[{"name":"wp","href":"https:\/\/api.w.org\/{rel}","templated":true}]}}