{"id":19178,"date":"2018-03-06T14:54:37","date_gmt":"2018-03-06T14:54:37","guid":{"rendered":"http:\/\/www.pricepony.com.br\/blog\/?p=19178"},"modified":"2018-03-06T14:54:37","modified_gmt":"2018-03-06T14:54:37","slug":"huawei-p20-e-huawei-p20-pro-chegando-em-marco-8-gb-de-ram-4000-mah","status":"publish","type":"post","link":"https:\/\/www.pricepony.com.br\/blog\/huawei-p20-e-huawei-p20-pro-chegando-em-marco-8-gb-de-ram-4000-mah\/","title":{"rendered":"Huawei P20 e Huawei P20 Pro chegando em mar\u00e7o: 8 GB de RAM, 4000 mAH .. >"},"content":{"rendered":"<p><strong>Com base nas atualiza\u00e7\u00f5es mais recentes, a dupla de carros chefes Huawei P20 e o Huawei P20 Pro devem chegar em mar\u00e7o com 8 GB de RAM, bateria de 4000 mAh e muito mais. Continue lendo para saber mais! <\/strong><\/p><div style=\"float: none; display: block; margin: 0 -10px; text-align: center;\"><!-- Top Banner PH NEW -->\n                        <ins class=\"adsbygoogle\"\n                             style=\"display:inline-block;width:728px;height:90px\"\n                             data-ad-client=\"ca-pub-4796993490224996\"\n                             data-ad-slot=\"9195989669\"><\/ins>\n                        <script>(adsbygoogle = window.adsbygoogle || []).push({});<\/script><\/div><\/p>\n<p><img decoding=\"async\" class=\"aligncenter wp-image-73966\" src=\"data:image\/gif;base64,R0lGODlhAQABAIAAAAAAAP\/\/\/yH5BAEAAAAALAAAAAABAAEAAAIBRAA7\" data-src=\"http:\/\/www.pricepony.com.ph\/blog\/wp-content\/uploads\/2018\/02\/Huawei-Honor-7X-5.jpg\" alt=\"Huawei Honor 7X\" width=\"476\" height=\"250\" \/ \/><\/p>\n<h3><strong>Huawei P20 e Huawei P20 Pro \u2013 chegam em mar\u00e7o \u00a0<\/strong><\/h3>\n<p>At\u00e9 agora, n\u00f3s s\u00f3 estamos sabendo dessa novidade h\u00e1 algumas semanas. No entanto, tem havido uma certa confus\u00e3o sobre exatamente quais os modelos que v\u00e3o chegar a ser revelados. Uma vez que o P20 e o P20 Lite vazaram tanto, eles s\u00e3o bastante seguros. No entanto, os rumores do terceiro dispositivo de vir com tr\u00eas c\u00e2meras na parte traseira continua sendo um mist\u00e9rio. At\u00e9 agora, n\u00f3s trabalhamos sob o pressuposto de que este ser\u00e1 o P20 Plus, mas, ao inv\u00e9s disso, parece que vai ser o P20 Pro.<\/p>\n<p>A pr\u00f3pria Huawei revelou as not\u00edcias atrav\u00e9s de um outdoor em Barcelona. A cidade n\u00e3o \u00e9 coincid\u00eancia, porque a MWC 2018 foi realizada l\u00e1 esta semana. O quadro de avisos diz &#8220;o renascimento da fotografia est\u00e1 se aproximando&#8221;, enquanto destaca &#8220;IA&#8221; (iniciais espanholas para AI). Al\u00e9m disso, o P20 Pro pode j\u00e1 ter exibido em um vazamento na imprensa n\u00e3o faz muito tempo, embora o seu nome tenha sido P20 Plus na \u00e9poca.<\/p>\n<!-- Quick Adsense WordPress Plugin: http:\/\/quickadsense.com\/ -->\n<div class=\"715bb7587c5240ca50b41debac6fc6bc\" data-index=\"2\" style=\"float: none; margin:10px 0 10px 0; text-align:center;\">\n<!-- BR Middle -->\r\n<ins class=\"adsbygoogle\"\r\n     style=\"display:inline-block;width:336px;height:280px\"\r\n     data-ad-client=\"ca-pub-4796993490224996\"\r\n     data-ad-slot=\"2407662860\"><\/ins>\r\n<script>\r\n(adsbygoogle = window.adsbygoogle || []).push({});\r\n<\/script>\n<\/div>\n\n<p><img decoding=\"async\" class=\"aligncenter wp-image-74480\" src=\"data:image\/gif;base64,R0lGODlhAQABAIAAAAAAAP\/\/\/yH5BAEAAAAALAAAAAABAAEAAAIBRAA7\" data-src=\"http:\/\/www.pricepony.com.ph\/blog\/wp-content\/uploads\/2018\/03\/gsmarena_002-1.jpg\" alt=\"Huawei P20 e Huawei P20 Pro\" width=\"295\" height=\"250\" \/ \/><\/p>\n<p>Em rela\u00e7\u00e3o \u00e0s especifica\u00e7\u00f5es do Huawei P20 Pro, ele inclui uma c\u00e2mera traseira tripla com um sensor prim\u00e1rio com forte nas cores de 12 MP, um sensor preto e branco de 16 MP e uma lente de 16 MP. Al\u00e9m disso, a abertura obt\u00e9m f \/ 1.8. Para as selfies, voc\u00ea ter\u00e1 um sensor de 8 MP com abertura f \/ 2.0, enquanto as op\u00e7\u00f5es de RAM \/ ROM ser\u00e3o t\u00e3o altas quanto 8 GB \/ 256 GB. No leme, devemos encontrar o chipset Kirin 970 e uma bateria de 4,000 mAh. A tela de exibi\u00e7\u00e3o do P20 Pro pode ser de 6 polegadas com\u00a0 a resolu\u00e7\u00e3o de 2,160 \u00d7 1,080 pixels. De forma controversa, mas n\u00e3o inesperada, o P20 Pro ter\u00e1 um entalhe de tela e o sensor de impress\u00e3o digital ser\u00e1 movido para o painel traseiro. Saiba mais sobre as especifica\u00e7\u00f5es do seu irm\u00e3o Huawei P20 aqui.<\/p>\n<h3><strong>Huawei P20 e Huawei P20 Pro \u2013 data de lan\u00e7amento e pre\u00e7o <\/strong><\/h3>\n<p>No que diz respeito \u00e0 data de lan\u00e7amento do Huawei P20 Pro e do Huawei P20, a Huawei deve anunciar esses membros da fam\u00edlia do Huawei P20 em um evento em Paris no dia 27 de mar\u00e7o. Al\u00e9m disso, o pre\u00e7o do Huawei P20 Pro come\u00e7a em US $ 800 ~ algo na faixa de R$ 4160, e o pre\u00e7o do Huawei P20 pode come\u00e7ar em torno de US $ 589 ~ algo na faixa de R$ 3062. O que voc\u00ea acha dessa s\u00e9rie do Huawei P20? Deixe um coment\u00e1rio abaixo e fique atento!<\/p>\n\n<div style=\"font-size: 0px; height: 0px; line-height: 0px; margin: 0; padding: 0; clear: both;\"><\/div>","protected":false},"excerpt":{"rendered":"<p>Com base nas atualiza\u00e7\u00f5es mais recentes, a dupla de carros chefes Huawei P20 e o Huawei P20 Pro devem chegar em mar\u00e7o com 8 GB de RAM, bateria de 4000 mAh e muito mais. Continue lendo para saber mais! Huawei P20 e Huawei P20 Pro \u2013 chegam em mar\u00e7o \u00a0 At\u00e9 agora, n\u00f3s s\u00f3 estamos [&hellip;]<\/p>\n","protected":false},"author":1,"featured_media":19179,"comment_status":"open","ping_status":"open","sticky":false,"template":"","format":"standard","meta":[],"categories":[7],"tags":[55],"yoast_head":"<!-- This site is optimized with the Yoast SEO plugin v16.0.2 - https:\/\/yoast.com\/wordpress\/plugins\/seo\/ -->\n<title>Huawei P20 e Huawei P20 Pro chegando em mar\u00e7o: 8 GB de RAM, 4000 mAH .. &gt;<\/title>\n<meta name=\"description\" content=\"Com base nas atualiza\u00e7\u00f5es mais recentes, a dupla de carros chefes Huawei P20 e o Huawei P20 Pro devem chegar em mar\u00e7o com 8 GB de RAM, bateria de 4000...\" \/>\n<link rel=\"canonical\" href=\"https:\/\/www.pricepony.com.br\/blog\/huawei-p20-e-huawei-p20-pro-chegando-em-marco-8-gb-de-ram-4000-mah\/\" \/>\n<meta property=\"og:locale\" content=\"pt_BR\" \/>\n<meta property=\"og:type\" content=\"article\" \/>\n<meta property=\"og:title\" content=\"Huawei P20 e Huawei P20 Pro chegando em mar\u00e7o: 8 GB de RAM, 4000 mAH .. &gt;\" \/>\n<meta property=\"og:description\" content=\"Com base nas atualiza\u00e7\u00f5es mais recentes, a dupla de carros chefes Huawei P20 e o Huawei P20 Pro devem chegar em mar\u00e7o com 8 GB de RAM, bateria de 4000...\" \/>\n<meta property=\"og:url\" content=\"https:\/\/www.pricepony.com.br\/blog\/huawei-p20-e-huawei-p20-pro-chegando-em-marco-8-gb-de-ram-4000-mah\/\" \/>\n<meta property=\"og:site_name\" content=\"Price Pony\" \/>\n<meta property=\"article:published_time\" content=\"2018-03-06T14:54:37+00:00\" \/>\n<meta property=\"og:image\" content=\"https:\/\/www.pricepony.com.br\/blog\/wp-content\/uploads\/2018\/03\/huawei-p20-1.jpg\" \/>\n\t<meta property=\"og:image:width\" content=\"700\" \/>\n\t<meta property=\"og:image:height\" content=\"422\" \/>\n<meta name=\"twitter:card\" content=\"summary\" \/>\n<meta name=\"twitter:label1\" content=\"Est. tempo de leitura\">\n\t<meta name=\"twitter:data1\" content=\"2 minutos\">\n<script type=\"application\/ld+json\" class=\"yoast-schema-graph\">{\"@context\":\"https:\/\/schema.org\",\"@graph\":[{\"@type\":\"WebSite\",\"@id\":\"https:\/\/www.pricepony.com.br\/blog\/#website\",\"url\":\"https:\/\/www.pricepony.com.br\/blog\/\",\"name\":\"Price Pony\",\"description\":\"www.pricepony.com.br\",\"potentialAction\":[{\"@type\":\"SearchAction\",\"target\":\"https:\/\/www.pricepony.com.br\/blog\/?s={search_term_string}\",\"query-input\":\"required name=search_term_string\"}],\"inLanguage\":\"pt-BR\"},{\"@type\":\"ImageObject\",\"@id\":\"https:\/\/www.pricepony.com.br\/blog\/huawei-p20-e-huawei-p20-pro-chegando-em-marco-8-gb-de-ram-4000-mah\/#primaryimage\",\"inLanguage\":\"pt-BR\",\"url\":\"https:\/\/www.pricepony.com.br\/blog\/wp-content\/uploads\/2018\/03\/huawei-p20-1.jpg\",\"width\":700,\"height\":422},{\"@type\":\"WebPage\",\"@id\":\"https:\/\/www.pricepony.com.br\/blog\/huawei-p20-e-huawei-p20-pro-chegando-em-marco-8-gb-de-ram-4000-mah\/#webpage\",\"url\":\"https:\/\/www.pricepony.com.br\/blog\/huawei-p20-e-huawei-p20-pro-chegando-em-marco-8-gb-de-ram-4000-mah\/\",\"name\":\"Huawei P20 e Huawei P20 Pro chegando em mar\\u00e7o: 8 GB de RAM, 4000 mAH .. >\",\"isPartOf\":{\"@id\":\"https:\/\/www.pricepony.com.br\/blog\/#website\"},\"primaryImageOfPage\":{\"@id\":\"https:\/\/www.pricepony.com.br\/blog\/huawei-p20-e-huawei-p20-pro-chegando-em-marco-8-gb-de-ram-4000-mah\/#primaryimage\"},\"datePublished\":\"2018-03-06T14:54:37+00:00\",\"dateModified\":\"2018-03-06T14:54:37+00:00\",\"author\":{\"@id\":\"https:\/\/www.pricepony.com.br\/blog\/#\/schema\/person\/c338807e08d2e0642a2680633342a0b6\"},\"description\":\"Com base nas atualiza\\u00e7\\u00f5es mais recentes, a dupla de carros chefes Huawei P20 e o Huawei P20 Pro devem chegar em mar\\u00e7o com 8 GB de RAM, bateria de 4000...\",\"breadcrumb\":{\"@id\":\"https:\/\/www.pricepony.com.br\/blog\/huawei-p20-e-huawei-p20-pro-chegando-em-marco-8-gb-de-ram-4000-mah\/#breadcrumb\"},\"inLanguage\":\"pt-BR\",\"potentialAction\":[{\"@type\":\"ReadAction\",\"target\":[\"https:\/\/www.pricepony.com.br\/blog\/huawei-p20-e-huawei-p20-pro-chegando-em-marco-8-gb-de-ram-4000-mah\/\"]}]},{\"@type\":\"BreadcrumbList\",\"@id\":\"https:\/\/www.pricepony.com.br\/blog\/huawei-p20-e-huawei-p20-pro-chegando-em-marco-8-gb-de-ram-4000-mah\/#breadcrumb\",\"itemListElement\":[{\"@type\":\"ListItem\",\"position\":1,\"item\":{\"@type\":\"WebPage\",\"@id\":\"https:\/\/www.pricepony.com.br\/blog\/\",\"url\":\"https:\/\/www.pricepony.com.br\/blog\/\",\"name\":\"In\\u00edcio\"}},{\"@type\":\"ListItem\",\"position\":2,\"item\":{\"@type\":\"WebPage\",\"@id\":\"https:\/\/www.pricepony.com.br\/blog\/huawei-p20-e-huawei-p20-pro-chegando-em-marco-8-gb-de-ram-4000-mah\/\",\"url\":\"https:\/\/www.pricepony.com.br\/blog\/huawei-p20-e-huawei-p20-pro-chegando-em-marco-8-gb-de-ram-4000-mah\/\",\"name\":\"Huawei P20 e Huawei P20 Pro chegando em mar\\u00e7o: 8 GB de RAM, 4000 mAH .. >\"}}]},{\"@type\":\"Person\",\"@id\":\"https:\/\/www.pricepony.com.br\/blog\/#\/schema\/person\/c338807e08d2e0642a2680633342a0b6\",\"name\":\"Chris Eilers\",\"image\":{\"@type\":\"ImageObject\",\"@id\":\"https:\/\/www.pricepony.com.br\/blog\/#personlogo\",\"inLanguage\":\"pt-BR\",\"url\":\"https:\/\/secure.gravatar.com\/avatar\/83e51b46626e1e91aba06adcb3bf3473?s=96&d=mm&r=g\",\"caption\":\"Chris Eilers\"},\"description\":\"Chris is an experienced Digital Marketer and Growth Hacker with work experience in Mckinsey Germany and Rocket Internet Asia. He is the CEO of Oizoioi Malaysia and actively engaged in the Startup Scene in South East Asia.\"}]}<\/script>\n<!-- \/ Yoast SEO plugin. -->","_links":{"self":[{"href":"https:\/\/www.pricepony.com.br\/blog\/wp-json\/wp\/v2\/posts\/19178"}],"collection":[{"href":"https:\/\/www.pricepony.com.br\/blog\/wp-json\/wp\/v2\/posts"}],"about":[{"href":"https:\/\/www.pricepony.com.br\/blog\/wp-json\/wp\/v2\/types\/post"}],"author":[{"embeddable":true,"href":"https:\/\/www.pricepony.com.br\/blog\/wp-json\/wp\/v2\/users\/1"}],"replies":[{"embeddable":true,"href":"https:\/\/www.pricepony.com.br\/blog\/wp-json\/wp\/v2\/comments?post=19178"}],"version-history":[{"count":0,"href":"https:\/\/www.pricepony.com.br\/blog\/wp-json\/wp\/v2\/posts\/19178\/revisions"}],"wp:featuredmedia":[{"embeddable":true,"href":"https:\/\/www.pricepony.com.br\/blog\/wp-json\/wp\/v2\/media\/19179"}],"wp:attachment":[{"href":"https:\/\/www.pricepony.com.br\/blog\/wp-json\/wp\/v2\/media?parent=19178"}],"wp:term":[{"taxonomy":"category","embeddable":true,"href":"https:\/\/www.pricepony.com.br\/blog\/wp-json\/wp\/v2\/categories?post=19178"},{"taxonomy":"post_tag","embeddable":true,"href":"https:\/\/www.pricepony.com.br\/blog\/wp-json\/wp\/v2\/tags?post=19178"}],"curies":[{"name":"wp","href":"https:\/\/api.w.org\/{rel}","templated":true}]}}