{"id":19055,"date":"2018-01-25T17:14:16","date_gmt":"2018-01-25T17:14:16","guid":{"rendered":"http:\/\/www.pricepony.com.br\/blog\/?p=19055"},"modified":"2018-01-25T17:14:16","modified_gmt":"2018-01-25T17:14:16","slug":"apple-iphone-se-2-vidro-nas-costas-carregador-sem-fio-e-camera-de-12-mp","status":"publish","type":"post","link":"https:\/\/www.pricepony.com.br\/blog\/apple-iphone-se-2-vidro-nas-costas-carregador-sem-fio-e-camera-de-12-mp\/","title":{"rendered":"Apple iPhone SE 2: vidro nas costas, carregador sem fio e c\u00e2mera de 12 MP"},"content":{"rendered":"<p><strong>De acordo com o novo relat\u00f3rio divulgado, a Apple pretende lan\u00e7ar o novo iPhone SE 2 com especifica\u00e7\u00f5es incr\u00edveis. Al\u00e9m disso, seu design oferece a face traseira em vidro e carregamento da bateria sem fio. Role pra baixo e saiba tudo sobre essa m\u00e1quina!<\/strong><\/p><div style=\"float: none; display: block; margin: 0 -10px; text-align: center;\"><!-- Top Banner PH NEW -->\n                        <ins class=\"adsbygoogle\"\n                             style=\"display:inline-block;width:728px;height:90px\"\n                             data-ad-client=\"ca-pub-4796993490224996\"\n                             data-ad-slot=\"9195989669\"><\/ins>\n                        <script>(adsbygoogle = window.adsbygoogle || []).push({});<\/script><\/div><\/p>\n<p><img decoding=\"async\" class=\"aligncenter wp-image-69783\" src=\"data:image\/gif;base64,R0lGODlhAQABAIAAAAAAAP\/\/\/yH5BAEAAAAALAAAAAABAAEAAAIBRAA7\" data-src=\"http:\/\/www.pricepony.com.ph\/blog\/wp-content\/uploads\/2018\/01\/se-2.jpg\" alt=\"Apple iPhone SE 2\" width=\"500\" height=\"250\" \/ \/><\/p>\n<h3><strong>Apple iPhone SE 2: especifica\u00e7\u00f5es<\/strong><\/h3>\n<p>De acordo com a imagem vazada, o novo iPhone SE deve conter os recursos populares do iPhone 8 e do iPhone X. Al\u00e9m disso, o iPhone SE 2 ter\u00e1 sua face traseira toda em vidro, diferente do seu antecessor iPhone SE. E a outra novidade \u00e9 que este smartphone da Apple suportar\u00e1 o carregamento sem fio. Agora, vamos falar sobre as outras especifica\u00e7\u00f5es. A Apple equipou seu novo iPhone SE 2 com uma tela de 4 a 4,2 polegadas com uma resolu\u00e7\u00e3o de 640 x 1136 pixels.<\/p>\n<!-- Quick Adsense WordPress Plugin: http:\/\/quickadsense.com\/ -->\n<div class=\"715bb7587c5240ca50b41debac6fc6bc\" data-index=\"2\" style=\"float: none; margin:10px 0 10px 0; text-align:center;\">\n<!-- BR Middle -->\r\n<ins class=\"adsbygoogle\"\r\n     style=\"display:inline-block;width:336px;height:280px\"\r\n     data-ad-client=\"ca-pub-4796993490224996\"\r\n     data-ad-slot=\"2407662860\"><\/ins>\r\n<script>\r\n(adsbygoogle = window.adsbygoogle || []).push({});\r\n<\/script>\n<\/div>\n\n<p>Sob o cap\u00f4, o novo iPhone SE conta com o poder do chipset A10 Fusion SoC com uma CPU quad-core como processador. Al\u00e9m disso, o Apple iPhone SE 2 vem com 2 GB de RAM e com 128 GB de armazenamento interno (sem slot para cart\u00e3o). O novo aparelho da Apple, iPhone SE 2, possui uma capacidade de bateria de 1700mAh, n\u00e3o remov\u00edvel. O sistema operacional desse telefone ser\u00e1 o iOS 11.<\/p>\n<p><img decoding=\"async\" class=\"aligncenter wp-image-69784\" src=\"data:image\/gif;base64,R0lGODlhAQABAIAAAAAAAP\/\/\/yH5BAEAAAAALAAAAAABAAEAAAIBRAA7\" data-src=\"http:\/\/www.pricepony.com.ph\/blog\/wp-content\/uploads\/2018\/01\/se2.png\" alt=\"Apple iPhone SE 2\" width=\"439\" height=\"250\" \/ \/><\/p>\n<p>E a fotografia? O sistema de c\u00e2meras que a Apple colocou no iPhone SE 2 consiste em uma \u00fanica c\u00e2mera principal de 12 MP nas costas com flash LED e foco autom\u00e1tico. Enquanto isso, a c\u00e2mera frontal \u00e9 de 5 MP para tirar selfies. Al\u00e9m disso, a c\u00e2mera tamb\u00e9m oferece modo anti-estouro e modo HDR (High Dynamic Range).<\/p>\n<h3><strong>Apple iPhone SE 2 release date and price<\/strong><\/h3>\n<p>A data de lan\u00e7amento do iPhone SE 2 provavelmente cair\u00e1 em torno de abril ou maio de 2018. Para o custo, o pre\u00e7o do iPhone SE 2 come\u00e7a em US$ 400 (~ R$ 2000), que \u00e9 um pouco maior que o pre\u00e7o do seu antecessor, iPhone SE (US$ 349, ou cerca de R$ 1700). O que voc\u00ea acha deste novo iPhone SE? Deixa um coment\u00e1rio contando pra gente! E fique ligado para saber todas as novidades do mundo dos smartphones!<\/p>\n\n<div style=\"font-size: 0px; height: 0px; line-height: 0px; margin: 0; padding: 0; clear: both;\"><\/div>","protected":false},"excerpt":{"rendered":"<p>De acordo com o novo relat\u00f3rio divulgado, a Apple pretende lan\u00e7ar o novo iPhone SE 2 com especifica\u00e7\u00f5es incr\u00edveis. Al\u00e9m disso, seu design oferece a face traseira em vidro e carregamento da bateria sem fio. Role pra baixo e saiba tudo sobre essa m\u00e1quina! Apple iPhone SE 2: especifica\u00e7\u00f5es De acordo com a imagem vazada, [&hellip;]<\/p>\n","protected":false},"author":1,"featured_media":19056,"comment_status":"open","ping_status":"open","sticky":false,"template":"","format":"standard","meta":[],"categories":[7],"tags":[952],"yoast_head":"<!-- This site is optimized with the Yoast SEO plugin v16.0.2 - https:\/\/yoast.com\/wordpress\/plugins\/seo\/ -->\n<title>Apple iPhone SE 2: vidro nas costas, carregador sem fio e c\u00e2mera de 12 MP<\/title>\n<meta name=\"description\" content=\"De acordo com o novo relat\u00f3rio divulgado, a Apple pretende lan\u00e7ar o novo iPhone SE 2 com especifica\u00e7\u00f5es incr\u00edveis. Al\u00e9m disso, seu design oferece a...\" \/>\n<link rel=\"canonical\" href=\"https:\/\/www.pricepony.com.br\/blog\/apple-iphone-se-2-vidro-nas-costas-carregador-sem-fio-e-camera-de-12-mp\/\" \/>\n<meta property=\"og:locale\" content=\"pt_BR\" \/>\n<meta property=\"og:type\" content=\"article\" \/>\n<meta property=\"og:title\" content=\"Apple iPhone SE 2: vidro nas costas, carregador sem fio e c\u00e2mera de 12 MP\" \/>\n<meta property=\"og:description\" content=\"De acordo com o novo relat\u00f3rio divulgado, a Apple pretende lan\u00e7ar o novo iPhone SE 2 com especifica\u00e7\u00f5es incr\u00edveis. Al\u00e9m disso, seu design oferece a...\" \/>\n<meta property=\"og:url\" content=\"https:\/\/www.pricepony.com.br\/blog\/apple-iphone-se-2-vidro-nas-costas-carregador-sem-fio-e-camera-de-12-mp\/\" \/>\n<meta property=\"og:site_name\" content=\"Price Pony\" \/>\n<meta property=\"article:published_time\" content=\"2018-01-25T17:14:16+00:00\" \/>\n<meta property=\"og:image\" content=\"https:\/\/www.pricepony.com.br\/blog\/wp-content\/uploads\/2018\/01\/apple-iphone-8-and-iphone-8-plus-and-iphone-x-space-gray-3d-model-max-obj-3ds-fbx-c4d-lwo-lw-lws.png\" \/>\n\t<meta property=\"og:image:width\" content=\"2243\" \/>\n\t<meta property=\"og:image:height\" content=\"1174\" \/>\n<meta name=\"twitter:card\" content=\"summary\" \/>\n<meta name=\"twitter:label1\" content=\"Est. tempo de leitura\">\n\t<meta name=\"twitter:data1\" content=\"2 minutos\">\n<script type=\"application\/ld+json\" class=\"yoast-schema-graph\">{\"@context\":\"https:\/\/schema.org\",\"@graph\":[{\"@type\":\"WebSite\",\"@id\":\"https:\/\/www.pricepony.com.br\/blog\/#website\",\"url\":\"https:\/\/www.pricepony.com.br\/blog\/\",\"name\":\"Price Pony\",\"description\":\"www.pricepony.com.br\",\"potentialAction\":[{\"@type\":\"SearchAction\",\"target\":\"https:\/\/www.pricepony.com.br\/blog\/?s={search_term_string}\",\"query-input\":\"required name=search_term_string\"}],\"inLanguage\":\"pt-BR\"},{\"@type\":\"ImageObject\",\"@id\":\"https:\/\/www.pricepony.com.br\/blog\/apple-iphone-se-2-vidro-nas-costas-carregador-sem-fio-e-camera-de-12-mp\/#primaryimage\",\"inLanguage\":\"pt-BR\",\"url\":\"https:\/\/www.pricepony.com.br\/blog\/wp-content\/uploads\/2018\/01\/apple-iphone-8-and-iphone-8-plus-and-iphone-x-space-gray-3d-model-max-obj-3ds-fbx-c4d-lwo-lw-lws.png\",\"width\":2243,\"height\":1174},{\"@type\":\"WebPage\",\"@id\":\"https:\/\/www.pricepony.com.br\/blog\/apple-iphone-se-2-vidro-nas-costas-carregador-sem-fio-e-camera-de-12-mp\/#webpage\",\"url\":\"https:\/\/www.pricepony.com.br\/blog\/apple-iphone-se-2-vidro-nas-costas-carregador-sem-fio-e-camera-de-12-mp\/\",\"name\":\"Apple iPhone SE 2: vidro nas costas, carregador sem fio e c\\u00e2mera de 12 MP\",\"isPartOf\":{\"@id\":\"https:\/\/www.pricepony.com.br\/blog\/#website\"},\"primaryImageOfPage\":{\"@id\":\"https:\/\/www.pricepony.com.br\/blog\/apple-iphone-se-2-vidro-nas-costas-carregador-sem-fio-e-camera-de-12-mp\/#primaryimage\"},\"datePublished\":\"2018-01-25T17:14:16+00:00\",\"dateModified\":\"2018-01-25T17:14:16+00:00\",\"author\":{\"@id\":\"https:\/\/www.pricepony.com.br\/blog\/#\/schema\/person\/c338807e08d2e0642a2680633342a0b6\"},\"description\":\"De acordo com o novo relat\\u00f3rio divulgado, a Apple pretende lan\\u00e7ar o novo iPhone SE 2 com especifica\\u00e7\\u00f5es incr\\u00edveis. Al\\u00e9m disso, seu design oferece a...\",\"breadcrumb\":{\"@id\":\"https:\/\/www.pricepony.com.br\/blog\/apple-iphone-se-2-vidro-nas-costas-carregador-sem-fio-e-camera-de-12-mp\/#breadcrumb\"},\"inLanguage\":\"pt-BR\",\"potentialAction\":[{\"@type\":\"ReadAction\",\"target\":[\"https:\/\/www.pricepony.com.br\/blog\/apple-iphone-se-2-vidro-nas-costas-carregador-sem-fio-e-camera-de-12-mp\/\"]}]},{\"@type\":\"BreadcrumbList\",\"@id\":\"https:\/\/www.pricepony.com.br\/blog\/apple-iphone-se-2-vidro-nas-costas-carregador-sem-fio-e-camera-de-12-mp\/#breadcrumb\",\"itemListElement\":[{\"@type\":\"ListItem\",\"position\":1,\"item\":{\"@type\":\"WebPage\",\"@id\":\"https:\/\/www.pricepony.com.br\/blog\/\",\"url\":\"https:\/\/www.pricepony.com.br\/blog\/\",\"name\":\"In\\u00edcio\"}},{\"@type\":\"ListItem\",\"position\":2,\"item\":{\"@type\":\"WebPage\",\"@id\":\"https:\/\/www.pricepony.com.br\/blog\/apple-iphone-se-2-vidro-nas-costas-carregador-sem-fio-e-camera-de-12-mp\/\",\"url\":\"https:\/\/www.pricepony.com.br\/blog\/apple-iphone-se-2-vidro-nas-costas-carregador-sem-fio-e-camera-de-12-mp\/\",\"name\":\"Apple iPhone SE 2: vidro nas costas, carregador sem fio e c\\u00e2mera de 12 MP\"}}]},{\"@type\":\"Person\",\"@id\":\"https:\/\/www.pricepony.com.br\/blog\/#\/schema\/person\/c338807e08d2e0642a2680633342a0b6\",\"name\":\"Chris Eilers\",\"image\":{\"@type\":\"ImageObject\",\"@id\":\"https:\/\/www.pricepony.com.br\/blog\/#personlogo\",\"inLanguage\":\"pt-BR\",\"url\":\"https:\/\/secure.gravatar.com\/avatar\/83e51b46626e1e91aba06adcb3bf3473?s=96&d=mm&r=g\",\"caption\":\"Chris Eilers\"},\"description\":\"Chris is an experienced Digital Marketer and Growth Hacker with work experience in Mckinsey Germany and Rocket Internet Asia. He is the CEO of Oizoioi Malaysia and actively engaged in the Startup Scene in South East Asia.\"}]}<\/script>\n<!-- \/ Yoast SEO plugin. -->","_links":{"self":[{"href":"https:\/\/www.pricepony.com.br\/blog\/wp-json\/wp\/v2\/posts\/19055"}],"collection":[{"href":"https:\/\/www.pricepony.com.br\/blog\/wp-json\/wp\/v2\/posts"}],"about":[{"href":"https:\/\/www.pricepony.com.br\/blog\/wp-json\/wp\/v2\/types\/post"}],"author":[{"embeddable":true,"href":"https:\/\/www.pricepony.com.br\/blog\/wp-json\/wp\/v2\/users\/1"}],"replies":[{"embeddable":true,"href":"https:\/\/www.pricepony.com.br\/blog\/wp-json\/wp\/v2\/comments?post=19055"}],"version-history":[{"count":0,"href":"https:\/\/www.pricepony.com.br\/blog\/wp-json\/wp\/v2\/posts\/19055\/revisions"}],"wp:featuredmedia":[{"embeddable":true,"href":"https:\/\/www.pricepony.com.br\/blog\/wp-json\/wp\/v2\/media\/19056"}],"wp:attachment":[{"href":"https:\/\/www.pricepony.com.br\/blog\/wp-json\/wp\/v2\/media?parent=19055"}],"wp:term":[{"taxonomy":"category","embeddable":true,"href":"https:\/\/www.pricepony.com.br\/blog\/wp-json\/wp\/v2\/categories?post=19055"},{"taxonomy":"post_tag","embeddable":true,"href":"https:\/\/www.pricepony.com.br\/blog\/wp-json\/wp\/v2\/tags?post=19055"}],"curies":[{"name":"wp","href":"https:\/\/api.w.org\/{rel}","templated":true}]}}