{"id":19046,"date":"2018-01-18T17:42:07","date_gmt":"2018-01-18T17:42:07","guid":{"rendered":"http:\/\/www.pricepony.com.br\/blog\/?p=19046"},"modified":"2018-01-18T17:42:07","modified_gmt":"2018-01-18T17:42:07","slug":"vivo-v8-e-vivo-v8-plus-estao-chegando-8-gb-de-ram-camera-dupla-de-28-mp-e-slim","status":"publish","type":"post","link":"https:\/\/www.pricepony.com.br\/blog\/vivo-v8-e-vivo-v8-plus-estao-chegando-8-gb-de-ram-camera-dupla-de-28-mp-e-slim\/","title":{"rendered":"Vivo V8 e Vivo V8 Plus est\u00e3o chegando: 8 GB de RAM, c\u00e2mera dupla de 28 MP e slim &#8230; >"},"content":{"rendered":"<p><strong>Neste ano de 2018, o Vivo V8 e Vivo V8 Plus est\u00e3o a caminho do lan\u00e7amento oficial na \u00cdndia em breve. No que diz respeito \u00e0s especifica\u00e7\u00f5es e caracter\u00edsticas, esses telefones apresentam 8 GB de RAM e duas c\u00e2meras duplas de 28 MP. Des\u00e7a para o artigo para saber mais.<\/strong><\/p><div style=\"float: none; display: block; margin: 0 -10px; text-align: center;\"><!-- Top Banner PH NEW -->\n                        <ins class=\"adsbygoogle\"\n                             style=\"display:inline-block;width:728px;height:90px\"\n                             data-ad-client=\"ca-pub-4796993490224996\"\n                             data-ad-slot=\"9195989669\"><\/ins>\n                        <script>(adsbygoogle = window.adsbygoogle || []).push({});<\/script><\/div><\/p>\n<h3><img decoding=\"async\" class=\"aligncenter wp-image-69883\" src=\"data:image\/gif;base64,R0lGODlhAQABAIAAAAAAAP\/\/\/yH5BAEAAAAALAAAAAABAAEAAAIBRAA7\" data-src=\"http:\/\/www.pricepony.com.ph\/blog\/wp-content\/uploads\/2018\/01\/201712270939556635.jpg\" alt=\"Vivo V8 Plus\" width=\"309\" height=\"250\" \/ \/><\/h3>\n<h3><strong>Vivo V8 \/ Vivo V8 Plus \u2013 novidade a caminho<\/strong><\/h3>\n<p>Al\u00e9m desse lan\u00e7amento, o pr\u00f3ximo Vivo X20 Plus, Vivo V8 e Vivo V8 + tamb\u00e9m s\u00e3o os primeiros smartphones a possuir um scanner de impress\u00e3o digital sub-tela entre as s\u00e9ries V da marca. Em detalhes, ambos o Vivo V8 \/ V8 + possui uma tela LCD IPS de 6 polegadas sem molduras com resolu\u00e7\u00f5es FHD de 1440 x 720 pixels. Embora ambos os aparelhos tenham o sensor na tela inferior, o Vivo V8 Plus tamb\u00e9m embala a fun\u00e7\u00e3o de Desbloqueio Facial apostando em uma maior qualidade da c\u00e2mera e em um chipset melhor.<\/p>\n<p>Sob o cap\u00f4, as especifica\u00e7\u00f5es do Vivo V8 incluem um chipset octa core Qualcomm Snapdragon 626 e 6 GB de RAM. Enquanto isso, o Vivo V8 + possui um chipset octa core Qualcomm Snapdragon 630 e uma maci\u00e7a RAM de 8 GB. Ambos os aparelhos v\u00eam com uma ROM de 64 GB, que pode ser expandida para at\u00e9 256 GB via um slot de cart\u00e3o microSD. A bateria do Vivo V8 \u00e9 de 3500 mAh, enquanto que a bateria Vivo V8 Plus fornece 3800 mAh. Al\u00e9m disso, ambos os aparelhos executam o Android Oreo 8.0 como sistema operacional.<\/p>\n<!-- Quick Adsense WordPress Plugin: http:\/\/quickadsense.com\/ -->\n<div class=\"715bb7587c5240ca50b41debac6fc6bc\" data-index=\"2\" style=\"float: none; margin:10px 0 10px 0; text-align:center;\">\n<!-- BR Middle -->\r\n<ins class=\"adsbygoogle\"\r\n     style=\"display:inline-block;width:336px;height:280px\"\r\n     data-ad-client=\"ca-pub-4796993490224996\"\r\n     data-ad-slot=\"2407662860\"><\/ins>\r\n<script>\r\n(adsbygoogle = window.adsbygoogle || []).push({});\r\n<\/script>\n<\/div>\n\n<p><iframe width=\"640\" height=\"360\" src=\"https:\/\/www.youtube.com\/embed\/P8Vr0aXb-0I?feature=oembed\" frameborder=\"0\" allow=\"autoplay; encrypted-media\" allowfullscreen><\/iframe><\/p>\n<p>Em rela\u00e7\u00e3o \u00e0s c\u00e2meras, o Vivo V8 possui duas c\u00e2meras traseiras de 24 MP + 16 MP com uma abertura de f \/ 1.7. Por outro lado, o Vivo V8 Plus possui duas c\u00e2mera prim\u00e1rias de 28 MP + 16 MP com uma abertura de f \/ 1.7. Al\u00e9m disso, ambos os aparelhos oferecem uma c\u00e2mera voltada para as selfies com 28 MP com uma abertura de f \/ 1.8. Essas c\u00e2meras selfie de ambos os aparelhos possuem Moonlight Selfie e Face Beauty ao fazer uma chamada de v\u00eddeo enquanto suporta a fun\u00e7\u00e3o de Desbloqueio da Face no Vivo V8 +.<\/p>\n<h3><strong>Vivo V8 e Vivo V8 Plus \u2013 data de lan\u00e7amento e pre\u00e7o<\/strong><\/h3>\n<p>O Vivo V8 Plus e Vivo V8 devem ser anunciados e lan\u00e7ados em setembro de 2018. Al\u00e9m disso, o pre\u00e7o estimado para o Vivo V8 \u00e9 por US $ 310 ~ algo em torno de R$ 1592, o pre\u00e7o estimado para o Vivo V8 Plus come\u00e7a a partir de US $ 325 ~ algo na faixa de R$ 1669. Quando forem lan\u00e7ados neste ano de 2018, eles devem se tornar os melhores carros chefes com pre\u00e7o acess\u00edvel. O que voc\u00ea acha sobre este Vivo V8 e Vivo V8 Plus que est\u00e3o para chegar? \u00a0Compartilhe a sua opini\u00e3o deixando um coment\u00e1rio aqui embaixo e fique atento na nossa p\u00e1gina para mais novidades !<\/p>\n\n<div style=\"font-size: 0px; height: 0px; line-height: 0px; margin: 0; padding: 0; clear: both;\"><\/div>","protected":false},"excerpt":{"rendered":"<p>Neste ano de 2018, o Vivo V8 e Vivo V8 Plus est\u00e3o a caminho do lan\u00e7amento oficial na \u00cdndia em breve. No que diz respeito \u00e0s especifica\u00e7\u00f5es e caracter\u00edsticas, esses telefones apresentam 8 GB de RAM e duas c\u00e2meras duplas de 28 MP. Des\u00e7a para o artigo para saber mais. Vivo V8 \/ Vivo V8 [&hellip;]<\/p>\n","protected":false},"author":1,"featured_media":19047,"comment_status":"open","ping_status":"open","sticky":false,"template":"","format":"standard","meta":[],"categories":[7],"tags":[945,946],"yoast_head":"<!-- This site is optimized with the Yoast SEO plugin v16.0.2 - https:\/\/yoast.com\/wordpress\/plugins\/seo\/ -->\n<title>Vivo V8 e Vivo V8 Plus est\u00e3o chegando: 8 GB de RAM, c\u00e2mera dupla de 28 MP e slim ... &gt;<\/title>\n<meta name=\"description\" content=\"Neste ano de 2018, o Vivo V8 e Vivo V8 Plus est\u00e3o a caminho do lan\u00e7amento oficial na \u00cdndia em breve. No que diz respeito \u00e0s especifica\u00e7\u00f5es e...\" \/>\n<link rel=\"canonical\" href=\"https:\/\/www.pricepony.com.br\/blog\/vivo-v8-e-vivo-v8-plus-estao-chegando-8-gb-de-ram-camera-dupla-de-28-mp-e-slim\/\" \/>\n<meta property=\"og:locale\" content=\"pt_BR\" \/>\n<meta property=\"og:type\" content=\"article\" \/>\n<meta property=\"og:title\" content=\"Vivo V8 e Vivo V8 Plus est\u00e3o chegando: 8 GB de RAM, c\u00e2mera dupla de 28 MP e slim ... &gt;\" \/>\n<meta property=\"og:description\" content=\"Neste ano de 2018, o Vivo V8 e Vivo V8 Plus est\u00e3o a caminho do lan\u00e7amento oficial na \u00cdndia em breve. No que diz respeito \u00e0s especifica\u00e7\u00f5es e...\" \/>\n<meta property=\"og:url\" content=\"https:\/\/www.pricepony.com.br\/blog\/vivo-v8-e-vivo-v8-plus-estao-chegando-8-gb-de-ram-camera-dupla-de-28-mp-e-slim\/\" \/>\n<meta property=\"og:site_name\" content=\"Price Pony\" \/>\n<meta property=\"article:published_time\" content=\"2018-01-18T17:42:07+00:00\" \/>\n<meta property=\"og:image\" content=\"https:\/\/www.pricepony.com.br\/blog\/wp-content\/uploads\/2018\/01\/Vivo-Y69-Will-Be-Available-In-Stores-From-Friday-Price-Of-Vivo-Y69-techinfoBiT-Buy-Vivo-Y69-Online.png\" \/>\n\t<meta property=\"og:image:width\" content=\"1147\" \/>\n\t<meta property=\"og:image:height\" content=\"600\" \/>\n<meta name=\"twitter:card\" content=\"summary\" \/>\n<meta name=\"twitter:label1\" content=\"Est. tempo de leitura\">\n\t<meta name=\"twitter:data1\" content=\"2 minutos\">\n<script type=\"application\/ld+json\" class=\"yoast-schema-graph\">{\"@context\":\"https:\/\/schema.org\",\"@graph\":[{\"@type\":\"WebSite\",\"@id\":\"https:\/\/www.pricepony.com.br\/blog\/#website\",\"url\":\"https:\/\/www.pricepony.com.br\/blog\/\",\"name\":\"Price Pony\",\"description\":\"www.pricepony.com.br\",\"potentialAction\":[{\"@type\":\"SearchAction\",\"target\":\"https:\/\/www.pricepony.com.br\/blog\/?s={search_term_string}\",\"query-input\":\"required name=search_term_string\"}],\"inLanguage\":\"pt-BR\"},{\"@type\":\"ImageObject\",\"@id\":\"https:\/\/www.pricepony.com.br\/blog\/vivo-v8-e-vivo-v8-plus-estao-chegando-8-gb-de-ram-camera-dupla-de-28-mp-e-slim\/#primaryimage\",\"inLanguage\":\"pt-BR\",\"url\":\"https:\/\/www.pricepony.com.br\/blog\/wp-content\/uploads\/2018\/01\/Vivo-Y69-Will-Be-Available-In-Stores-From-Friday-Price-Of-Vivo-Y69-techinfoBiT-Buy-Vivo-Y69-Online.png\",\"width\":1147,\"height\":600},{\"@type\":\"WebPage\",\"@id\":\"https:\/\/www.pricepony.com.br\/blog\/vivo-v8-e-vivo-v8-plus-estao-chegando-8-gb-de-ram-camera-dupla-de-28-mp-e-slim\/#webpage\",\"url\":\"https:\/\/www.pricepony.com.br\/blog\/vivo-v8-e-vivo-v8-plus-estao-chegando-8-gb-de-ram-camera-dupla-de-28-mp-e-slim\/\",\"name\":\"Vivo V8 e Vivo V8 Plus est\\u00e3o chegando: 8 GB de RAM, c\\u00e2mera dupla de 28 MP e slim ... >\",\"isPartOf\":{\"@id\":\"https:\/\/www.pricepony.com.br\/blog\/#website\"},\"primaryImageOfPage\":{\"@id\":\"https:\/\/www.pricepony.com.br\/blog\/vivo-v8-e-vivo-v8-plus-estao-chegando-8-gb-de-ram-camera-dupla-de-28-mp-e-slim\/#primaryimage\"},\"datePublished\":\"2018-01-18T17:42:07+00:00\",\"dateModified\":\"2018-01-18T17:42:07+00:00\",\"author\":{\"@id\":\"https:\/\/www.pricepony.com.br\/blog\/#\/schema\/person\/c338807e08d2e0642a2680633342a0b6\"},\"description\":\"Neste ano de 2018, o Vivo V8 e Vivo V8 Plus est\\u00e3o a caminho do lan\\u00e7amento oficial na \\u00cdndia em breve. No que diz respeito \\u00e0s especifica\\u00e7\\u00f5es e...\",\"breadcrumb\":{\"@id\":\"https:\/\/www.pricepony.com.br\/blog\/vivo-v8-e-vivo-v8-plus-estao-chegando-8-gb-de-ram-camera-dupla-de-28-mp-e-slim\/#breadcrumb\"},\"inLanguage\":\"pt-BR\",\"potentialAction\":[{\"@type\":\"ReadAction\",\"target\":[\"https:\/\/www.pricepony.com.br\/blog\/vivo-v8-e-vivo-v8-plus-estao-chegando-8-gb-de-ram-camera-dupla-de-28-mp-e-slim\/\"]}]},{\"@type\":\"BreadcrumbList\",\"@id\":\"https:\/\/www.pricepony.com.br\/blog\/vivo-v8-e-vivo-v8-plus-estao-chegando-8-gb-de-ram-camera-dupla-de-28-mp-e-slim\/#breadcrumb\",\"itemListElement\":[{\"@type\":\"ListItem\",\"position\":1,\"item\":{\"@type\":\"WebPage\",\"@id\":\"https:\/\/www.pricepony.com.br\/blog\/\",\"url\":\"https:\/\/www.pricepony.com.br\/blog\/\",\"name\":\"In\\u00edcio\"}},{\"@type\":\"ListItem\",\"position\":2,\"item\":{\"@type\":\"WebPage\",\"@id\":\"https:\/\/www.pricepony.com.br\/blog\/vivo-v8-e-vivo-v8-plus-estao-chegando-8-gb-de-ram-camera-dupla-de-28-mp-e-slim\/\",\"url\":\"https:\/\/www.pricepony.com.br\/blog\/vivo-v8-e-vivo-v8-plus-estao-chegando-8-gb-de-ram-camera-dupla-de-28-mp-e-slim\/\",\"name\":\"Vivo V8 e Vivo V8 Plus est\\u00e3o chegando: 8 GB de RAM, c\\u00e2mera dupla de 28 MP e slim &#8230; >\"}}]},{\"@type\":\"Person\",\"@id\":\"https:\/\/www.pricepony.com.br\/blog\/#\/schema\/person\/c338807e08d2e0642a2680633342a0b6\",\"name\":\"Chris Eilers\",\"image\":{\"@type\":\"ImageObject\",\"@id\":\"https:\/\/www.pricepony.com.br\/blog\/#personlogo\",\"inLanguage\":\"pt-BR\",\"url\":\"https:\/\/secure.gravatar.com\/avatar\/83e51b46626e1e91aba06adcb3bf3473?s=96&d=mm&r=g\",\"caption\":\"Chris Eilers\"},\"description\":\"Chris is an experienced Digital Marketer and Growth Hacker with work experience in Mckinsey Germany and Rocket Internet Asia. He is the CEO of Oizoioi Malaysia and actively engaged in the Startup Scene in South East Asia.\"}]}<\/script>\n<!-- \/ Yoast SEO plugin. -->","_links":{"self":[{"href":"https:\/\/www.pricepony.com.br\/blog\/wp-json\/wp\/v2\/posts\/19046"}],"collection":[{"href":"https:\/\/www.pricepony.com.br\/blog\/wp-json\/wp\/v2\/posts"}],"about":[{"href":"https:\/\/www.pricepony.com.br\/blog\/wp-json\/wp\/v2\/types\/post"}],"author":[{"embeddable":true,"href":"https:\/\/www.pricepony.com.br\/blog\/wp-json\/wp\/v2\/users\/1"}],"replies":[{"embeddable":true,"href":"https:\/\/www.pricepony.com.br\/blog\/wp-json\/wp\/v2\/comments?post=19046"}],"version-history":[{"count":0,"href":"https:\/\/www.pricepony.com.br\/blog\/wp-json\/wp\/v2\/posts\/19046\/revisions"}],"wp:featuredmedia":[{"embeddable":true,"href":"https:\/\/www.pricepony.com.br\/blog\/wp-json\/wp\/v2\/media\/19047"}],"wp:attachment":[{"href":"https:\/\/www.pricepony.com.br\/blog\/wp-json\/wp\/v2\/media?parent=19046"}],"wp:term":[{"taxonomy":"category","embeddable":true,"href":"https:\/\/www.pricepony.com.br\/blog\/wp-json\/wp\/v2\/categories?post=19046"},{"taxonomy":"post_tag","embeddable":true,"href":"https:\/\/www.pricepony.com.br\/blog\/wp-json\/wp\/v2\/tags?post=19046"}],"curies":[{"name":"wp","href":"https:\/\/api.w.org\/{rel}","templated":true}]}}