{"id":17592,"date":"2017-03-20T11:23:09","date_gmt":"2017-03-20T11:23:09","guid":{"rendered":"http:\/\/www.pricepony.com.br\/blog\/?p=17592"},"modified":"2017-03-20T11:23:09","modified_gmt":"2017-03-20T11:23:09","slug":"e-revelado-o-preco-do-samsung-galaxy-s8-e-ele-vem-com-um-novo-modelo-violeta","status":"publish","type":"post","link":"https:\/\/www.pricepony.com.br\/blog\/e-revelado-o-preco-do-samsung-galaxy-s8-e-ele-vem-com-um-novo-modelo-violeta\/","title":{"rendered":"\u00c9 revelado o pre\u00e7o do Samsung Galaxy S8, e ele vem com um novo modelo violeta!"},"content":{"rendered":"<p><strong>A Samsung est\u00e1 prestes a lan\u00e7ar m\u00e3o de sua mais podersa arma, a dupla Samsung Galaxy S8 e S8 Plus. Esta dupla de irm\u00e3os s\u00e3o a grande esperan\u00e7a da Samsung para retomar sua boa fama depois do desastre do Note 7. E parece que o pre\u00e7o do Samsung Galaxy S8, bem como o do S8 Plus, foi revelado recentemente! <\/strong><\/p><div style=\"float: none; display: block; margin: 0 -10px; text-align: center;\"><!-- Top Banner PH NEW -->\n                        <ins class=\"adsbygoogle\"\n                             style=\"display:inline-block;width:728px;height:90px\"\n                             data-ad-client=\"ca-pub-4796993490224996\"\n                             data-ad-slot=\"9195989669\"><\/ins>\n                        <script>(adsbygoogle = window.adsbygoogle || []).push({});<\/script><\/div><\/p>\n<p><img decoding=\"async\" class=\"aligncenter wp-image-40924 size-full\" src=\"data:image\/gif;base64,R0lGODlhAQABAIAAAAAAAP\/\/\/yH5BAEAAAAALAAAAAABAAEAAAIBRAA7\" data-src=\"http:\/\/www.pricepony.com.ph\/blog\/wp-content\/uploads\/2017\/03\/58987ce2407b0-e1489054865979.png\" alt=\"pre\u00e7o do Samsung Galaxy S8\" width=\"476\" height=\"250\" \/ \/><\/p>\n<h3><strong>Samsung Galaxy S8 tem o pre\u00e7o revelado, e ainda vir\u00e1 com um novo modelo violeta!<\/strong><\/h3>\n<p>Roland Quandt, que tem sido uma fonte confi\u00e1vel de informa\u00e7\u00f5es n\u00e3o oficiais, recentemente tuitou que o suposto pre\u00e7o dos dispositivos Samsung Galaxy S8 e S8 Plus estaria previsto para ser anunciado no final deste m\u00eas. Segundo ele, o pre\u00e7o do Galaxy S8 come\u00e7aria em \u20ac 800 (US$ 845 ou ~ R$ 4100), enquanto o S8 Plus custaria \u20ac 899 ($ 950 ou ~ R$ 4700). Esta dupla ser\u00e1 mais cara do que o Galaxy S7 e S7 Edge quando foram lan\u00e7ados. H\u00e1 tamb\u00e9m boatos de uma nova variante de cor: violeta. Esta ser\u00e1 a primeira vez que um smartphone Samsung ter\u00e1 essa cor, por isso \u00e9 interessante ver como a Samsung vai executar essa ideia.<\/p>\n<!-- Quick Adsense WordPress Plugin: http:\/\/quickadsense.com\/ -->\n<div class=\"715bb7587c5240ca50b41debac6fc6bc\" data-index=\"2\" style=\"float: none; margin:10px 0 10px 0; text-align:center;\">\n<!-- BR Middle -->\r\n<ins class=\"adsbygoogle\"\r\n     style=\"display:inline-block;width:336px;height:280px\"\r\n     data-ad-client=\"ca-pub-4796993490224996\"\r\n     data-ad-slot=\"2407662860\"><\/ins>\r\n<script>\r\n(adsbygoogle = window.adsbygoogle || []).push({});\r\n<\/script>\n<\/div>\n\n<p>Vamos lembr\u00e1-lo sobre as especifica\u00e7\u00f5es do Samsung Galaxy S8 e S8 Plus. Para as especifica\u00e7\u00f5es do Galaxy S8, ele vem com um processador octa-core SND 835, com 4 GB de RAM. Seu armazenamento vem em duas vers\u00f5es, 64 ou 128 GB de ROM, ambas expans\u00edveis at\u00e9 256 GB. Ele tem uma capacidade de bateria de 3000mAh. No exterior, ele apresenta uma tela de 5,8 polegadas com resolu\u00e7\u00e3o 2K. H\u00e1 uma c\u00e2mera de 12 MP na parte de tr\u00e1s, bem como uma de 8 MP na parte da frente. Este telefone vem com o Android 7.0 Nougat OS.<\/p>\n<blockquote class=\"twitter-tweet\" data-width=\"550\">\n<p lang=\"en\" dir=\"ltr\">Samsung Galaxy S8 and S8+ will be out in Black, Silver and Violet (!) colors, retail listings show. S8 priced at 799, S8+ at 899 Euro.<\/p>\n<p>&mdash; Roland Quandt (@rquandt) <a href=\"https:\/\/twitter.com\/rquandt\/status\/839154286848245760\">March 7, 2017<\/a><\/p><\/blockquote>\n<p><script async src=\"\/\/platform.twitter.com\/widgets.js\" charset=\"utf-8\"><\/script><\/p>\n<p>Quanto \u00e0s especifica\u00e7\u00f5es do Galaxy S8 Plus, s\u00e3o semelhantes \u00e0s do S8, tamb\u00e9m possui um processador SND 835 octa-core em seu interior, juntamente com 4 GB de RAM. Haver\u00e1 tamb\u00e9m as op\u00e7\u00f5es de 64 ou 128 GB para armazenamento interno, expans\u00edveis at\u00e9 256 GB. O S8 Plus tem uma bateria maior, de 3500 mAh. Sua tela tamb\u00e9m \u00e9 maior, com 6.2 polegadas, mas com a mesma resolu\u00e7\u00e3o 2K. Na parte traseira, ele conta com uma c\u00e2mera dupla de 12 MP, enquanto na frente h\u00e1 uma c\u00e2mera de 8 MP. Este telefone tamb\u00e9m vir\u00e1 com Android 7.0 Nougat.<\/p>\n<h3><strong>Samsung Galaxy S8 &amp; S8 Plus: o marketing continua<\/strong><\/h3>\n<p>N\u00e3o falta muito para o lan\u00e7amento dos mais esperados smartphones Samsung do ano. Uma coisa a se notar, o pre\u00e7o do Samsung Galaxy S8 e do S8 Plus podem variar de acordo com a regi\u00e3o. E voc\u00ea, est\u00e1 animado com estes dois novos telefones?<\/p>\n\n<div style=\"font-size: 0px; height: 0px; line-height: 0px; margin: 0; padding: 0; clear: both;\"><\/div>","protected":false},"excerpt":{"rendered":"<p>A Samsung est\u00e1 prestes a lan\u00e7ar m\u00e3o de sua mais podersa arma, a dupla Samsung Galaxy S8 e S8 Plus. Esta dupla de irm\u00e3os s\u00e3o a grande esperan\u00e7a da Samsung para retomar sua boa fama depois do desastre do Note 7. E parece que o pre\u00e7o do Samsung Galaxy S8, bem como o do S8 [&hellip;]<\/p>\n","protected":false},"author":1,"featured_media":17593,"comment_status":"open","ping_status":"open","sticky":false,"template":"","format":"standard","meta":[],"categories":[7],"tags":[276],"yoast_head":"<!-- This site is optimized with the Yoast SEO plugin v16.0.2 - https:\/\/yoast.com\/wordpress\/plugins\/seo\/ -->\n<title>\u00c9 revelado o pre\u00e7o do Samsung Galaxy S8, e ele vem com um novo modelo violeta! - Price Pony<\/title>\n<meta name=\"description\" content=\"A Samsung est\u00e1 prestes a lan\u00e7ar m\u00e3o de sua mais podersa arma, a dupla Samsung Galaxy S8 e S8 Plus. Esta dupla de irm\u00e3os s\u00e3o a grande esperan\u00e7a da Samsung...\" \/>\n<link rel=\"canonical\" href=\"https:\/\/www.pricepony.com.br\/blog\/e-revelado-o-preco-do-samsung-galaxy-s8-e-ele-vem-com-um-novo-modelo-violeta\/\" \/>\n<meta property=\"og:locale\" content=\"pt_BR\" \/>\n<meta property=\"og:type\" content=\"article\" \/>\n<meta property=\"og:title\" content=\"\u00c9 revelado o pre\u00e7o do Samsung Galaxy S8, e ele vem com um novo modelo violeta! - Price Pony\" \/>\n<meta property=\"og:description\" content=\"A Samsung est\u00e1 prestes a lan\u00e7ar m\u00e3o de sua mais podersa arma, a dupla Samsung Galaxy S8 e S8 Plus. Esta dupla de irm\u00e3os s\u00e3o a grande esperan\u00e7a da Samsung...\" \/>\n<meta property=\"og:url\" content=\"https:\/\/www.pricepony.com.br\/blog\/e-revelado-o-preco-do-samsung-galaxy-s8-e-ele-vem-com-um-novo-modelo-violeta\/\" \/>\n<meta property=\"og:site_name\" content=\"Price Pony\" \/>\n<meta property=\"article:published_time\" content=\"2017-03-20T11:23:09+00:00\" \/>\n<meta property=\"og:image\" content=\"https:\/\/www.pricepony.com.br\/blog\/wp-content\/uploads\/2017\/03\/58987ce2407b0-e1489054865979.png\" \/>\n\t<meta property=\"og:image:width\" content=\"476\" \/>\n\t<meta property=\"og:image:height\" content=\"250\" \/>\n<meta name=\"twitter:card\" content=\"summary\" \/>\n<meta name=\"twitter:label1\" content=\"Est. tempo de leitura\">\n\t<meta name=\"twitter:data1\" content=\"2 minutos\">\n<script type=\"application\/ld+json\" class=\"yoast-schema-graph\">{\"@context\":\"https:\/\/schema.org\",\"@graph\":[{\"@type\":\"WebSite\",\"@id\":\"https:\/\/www.pricepony.com.br\/blog\/#website\",\"url\":\"https:\/\/www.pricepony.com.br\/blog\/\",\"name\":\"Price Pony\",\"description\":\"www.pricepony.com.br\",\"potentialAction\":[{\"@type\":\"SearchAction\",\"target\":\"https:\/\/www.pricepony.com.br\/blog\/?s={search_term_string}\",\"query-input\":\"required name=search_term_string\"}],\"inLanguage\":\"pt-BR\"},{\"@type\":\"ImageObject\",\"@id\":\"https:\/\/www.pricepony.com.br\/blog\/e-revelado-o-preco-do-samsung-galaxy-s8-e-ele-vem-com-um-novo-modelo-violeta\/#primaryimage\",\"inLanguage\":\"pt-BR\",\"url\":\"https:\/\/www.pricepony.com.br\/blog\/wp-content\/uploads\/2017\/03\/58987ce2407b0-e1489054865979.png\",\"width\":476,\"height\":250},{\"@type\":\"WebPage\",\"@id\":\"https:\/\/www.pricepony.com.br\/blog\/e-revelado-o-preco-do-samsung-galaxy-s8-e-ele-vem-com-um-novo-modelo-violeta\/#webpage\",\"url\":\"https:\/\/www.pricepony.com.br\/blog\/e-revelado-o-preco-do-samsung-galaxy-s8-e-ele-vem-com-um-novo-modelo-violeta\/\",\"name\":\"\\u00c9 revelado o pre\\u00e7o do Samsung Galaxy S8, e ele vem com um novo modelo violeta! - Price Pony\",\"isPartOf\":{\"@id\":\"https:\/\/www.pricepony.com.br\/blog\/#website\"},\"primaryImageOfPage\":{\"@id\":\"https:\/\/www.pricepony.com.br\/blog\/e-revelado-o-preco-do-samsung-galaxy-s8-e-ele-vem-com-um-novo-modelo-violeta\/#primaryimage\"},\"datePublished\":\"2017-03-20T11:23:09+00:00\",\"dateModified\":\"2017-03-20T11:23:09+00:00\",\"author\":{\"@id\":\"https:\/\/www.pricepony.com.br\/blog\/#\/schema\/person\/c338807e08d2e0642a2680633342a0b6\"},\"description\":\"A Samsung est\\u00e1 prestes a lan\\u00e7ar m\\u00e3o de sua mais podersa arma, a dupla Samsung Galaxy S8 e S8 Plus. Esta dupla de irm\\u00e3os s\\u00e3o a grande esperan\\u00e7a da Samsung...\",\"breadcrumb\":{\"@id\":\"https:\/\/www.pricepony.com.br\/blog\/e-revelado-o-preco-do-samsung-galaxy-s8-e-ele-vem-com-um-novo-modelo-violeta\/#breadcrumb\"},\"inLanguage\":\"pt-BR\",\"potentialAction\":[{\"@type\":\"ReadAction\",\"target\":[\"https:\/\/www.pricepony.com.br\/blog\/e-revelado-o-preco-do-samsung-galaxy-s8-e-ele-vem-com-um-novo-modelo-violeta\/\"]}]},{\"@type\":\"BreadcrumbList\",\"@id\":\"https:\/\/www.pricepony.com.br\/blog\/e-revelado-o-preco-do-samsung-galaxy-s8-e-ele-vem-com-um-novo-modelo-violeta\/#breadcrumb\",\"itemListElement\":[{\"@type\":\"ListItem\",\"position\":1,\"item\":{\"@type\":\"WebPage\",\"@id\":\"https:\/\/www.pricepony.com.br\/blog\/\",\"url\":\"https:\/\/www.pricepony.com.br\/blog\/\",\"name\":\"In\\u00edcio\"}},{\"@type\":\"ListItem\",\"position\":2,\"item\":{\"@type\":\"WebPage\",\"@id\":\"https:\/\/www.pricepony.com.br\/blog\/e-revelado-o-preco-do-samsung-galaxy-s8-e-ele-vem-com-um-novo-modelo-violeta\/\",\"url\":\"https:\/\/www.pricepony.com.br\/blog\/e-revelado-o-preco-do-samsung-galaxy-s8-e-ele-vem-com-um-novo-modelo-violeta\/\",\"name\":\"\\u00c9 revelado o pre\\u00e7o do Samsung Galaxy S8, e ele vem com um novo modelo violeta!\"}}]},{\"@type\":\"Person\",\"@id\":\"https:\/\/www.pricepony.com.br\/blog\/#\/schema\/person\/c338807e08d2e0642a2680633342a0b6\",\"name\":\"Chris Eilers\",\"image\":{\"@type\":\"ImageObject\",\"@id\":\"https:\/\/www.pricepony.com.br\/blog\/#personlogo\",\"inLanguage\":\"pt-BR\",\"url\":\"https:\/\/secure.gravatar.com\/avatar\/83e51b46626e1e91aba06adcb3bf3473?s=96&d=mm&r=g\",\"caption\":\"Chris Eilers\"},\"description\":\"Chris is an experienced Digital Marketer and Growth Hacker with work experience in Mckinsey Germany and Rocket Internet Asia. He is the CEO of Oizoioi Malaysia and actively engaged in the Startup Scene in South East Asia.\"}]}<\/script>\n<!-- \/ Yoast SEO plugin. -->","_links":{"self":[{"href":"https:\/\/www.pricepony.com.br\/blog\/wp-json\/wp\/v2\/posts\/17592"}],"collection":[{"href":"https:\/\/www.pricepony.com.br\/blog\/wp-json\/wp\/v2\/posts"}],"about":[{"href":"https:\/\/www.pricepony.com.br\/blog\/wp-json\/wp\/v2\/types\/post"}],"author":[{"embeddable":true,"href":"https:\/\/www.pricepony.com.br\/blog\/wp-json\/wp\/v2\/users\/1"}],"replies":[{"embeddable":true,"href":"https:\/\/www.pricepony.com.br\/blog\/wp-json\/wp\/v2\/comments?post=17592"}],"version-history":[{"count":0,"href":"https:\/\/www.pricepony.com.br\/blog\/wp-json\/wp\/v2\/posts\/17592\/revisions"}],"wp:featuredmedia":[{"embeddable":true,"href":"https:\/\/www.pricepony.com.br\/blog\/wp-json\/wp\/v2\/media\/17593"}],"wp:attachment":[{"href":"https:\/\/www.pricepony.com.br\/blog\/wp-json\/wp\/v2\/media?parent=17592"}],"wp:term":[{"taxonomy":"category","embeddable":true,"href":"https:\/\/www.pricepony.com.br\/blog\/wp-json\/wp\/v2\/categories?post=17592"},{"taxonomy":"post_tag","embeddable":true,"href":"https:\/\/www.pricepony.com.br\/blog\/wp-json\/wp\/v2\/tags?post=17592"}],"curies":[{"name":"wp","href":"https:\/\/api.w.org\/{rel}","templated":true}]}}