{"id":17360,"date":"2017-01-26T19:16:26","date_gmt":"2017-01-26T19:16:26","guid":{"rendered":"http:\/\/www.pricepony.com.br\/blog\/?p=17360"},"modified":"2017-01-26T19:16:26","modified_gmt":"2017-01-26T19:16:26","slug":"galaxy-s8-vazou-pela-primeira-vez-8-gb-de-ram-2k","status":"publish","type":"post","link":"https:\/\/www.pricepony.com.br\/blog\/galaxy-s8-vazou-pela-primeira-vez-8-gb-de-ram-2k\/","title":{"rendered":"Galaxy S8 vazou pela primeira vez: 8 GB de RAM, 2K"},"content":{"rendered":"<p><strong>2016 foi um ano dif\u00edcil para a Samsung e a marca espera se recuperar no mercado este ano, com a sua s\u00e9rie de carros chefes da linha Galaxy. Hoje, muitas imagens reais do Galaxy S8 vazaram pela primeira vez! <\/strong><\/p><div style=\"float: none; display: block; margin: 0 -10px; text-align: center;\"><!-- Top Banner PH NEW -->\n                        <ins class=\"adsbygoogle\"\n                             style=\"display:inline-block;width:728px;height:90px\"\n                             data-ad-client=\"ca-pub-4796993490224996\"\n                             data-ad-slot=\"9195989669\"><\/ins>\n                        <script>(adsbygoogle = window.adsbygoogle || []).push({});<\/script><\/div><\/p>\n<p><img decoding=\"async\" class=\"aligncenter wp-image-38396\" src=\"data:image\/gif;base64,R0lGODlhAQABAIAAAAAAAP\/\/\/yH5BAEAAAAALAAAAAABAAEAAAIBRAA7\" data-src=\"http:\/\/www.pricepony.com.ph\/blog\/wp-content\/uploads\/2017\/01\/Galaxy-S8.jpg\" alt=\"Galaxy S8 leaked the first time: 8GB RAM, 2K\" width=\"386\" height=\"250\" \/ \/><\/p>\n<h3><strong>Galaxy S8 vazou: 8 GB de RAM, 2K <\/strong><\/h3>\n<p>O Samsung Galaxy S8 \u00e9 esperado para ser anunciado no MWC 2017 neste m\u00eas de fevereiro. H\u00e1 poucos dias, muitas imagens reais em render do telefone foram lan\u00e7adas na internet. Em rela\u00e7\u00e3o ao design, o Galaxy S8 ir\u00e1 manter a maior parte do design do seu antecessor, o Galaxy S7. Em termos de especifica\u00e7\u00f5es do Samsung Galaxy S8, ele ter\u00e1 uma tela de 5.7 polegadas 2K, protegida com o Corning Gorilla Glass 5. A tela parece ser revestida com vidro 2.5D, dando a apar\u00eancia de ser ligeiramente curvado.<\/p>\n<p>O Samsung Galaxy S8 ser\u00e1 equipado com Snapdragon 835 octa core (4 x 2.45 GHz + 4 x 1.9 GHz), Adreno 540 GPU, juntamente com 6 GB \/ 8 GB de RAM e 64 GB \/ 128 GB de ROM (expans\u00edvel at\u00e9 256 GB) sob o cap\u00f4. N\u00e3o h\u00e1 detalhes oficiais sobre as c\u00e2meras do Samsung Galaxy S8, mas suspeitamos que ele vir\u00e1 com uma c\u00e2mera dupla de 12 MP na parte traseira, capaz de fazer v\u00eddeos em 2K @ 60fps.<\/p>\n<!-- Quick Adsense WordPress Plugin: http:\/\/quickadsense.com\/ -->\n<div class=\"715bb7587c5240ca50b41debac6fc6bc\" data-index=\"2\" style=\"float: none; margin:10px 0 10px 0; text-align:center;\">\n<!-- BR Middle -->\r\n<ins class=\"adsbygoogle\"\r\n     style=\"display:inline-block;width:336px;height:280px\"\r\n     data-ad-client=\"ca-pub-4796993490224996\"\r\n     data-ad-slot=\"2407662860\"><\/ins>\r\n<script>\r\n(adsbygoogle = window.adsbygoogle || []).push({});\r\n<\/script>\n<\/div>\n\n<p><img decoding=\"async\" class=\"aligncenter wp-image-38397\" src=\"data:image\/gif;base64,R0lGODlhAQABAIAAAAAAAP\/\/\/yH5BAEAAAAALAAAAAABAAEAAAIBRAA7\" data-src=\"http:\/\/www.pricepony.com.ph\/blog\/wp-content\/uploads\/2017\/01\/Galaxy-S8-2.jpg\" alt=\"Galaxy S8 leaked the first time: 8GB RAM, 2K\" width=\"500\" height=\"250\" \/ \/><\/p>\n<p>Outras caracter\u00edsticas confirmadas em rela\u00e7\u00e3o as imagens que foram vazadas do Galaxy S8 incluem um sensor de \u00edris na frente e uma nova tecnologia de scanner de impress\u00f5es digitais. O dispositivo ser\u00e1 alimentado por uma bateria n\u00e3o remov\u00edvel com capacidade desconhecida e com a tecnologia de carregamento r\u00e1pido para a bateria. O telefone tamb\u00e9m suporta uma porta USB Type-C, Samsung Desktop Experience e comando de voz S-Voice com idioma natural.<\/p>\n<h3><strong>Galaxy S8 vazou: pre\u00e7o e disponibilidade<\/strong><\/h3>\n<p>De acordo com muitas fontes, a data de lan\u00e7amento do Samsung Galaxy S8 \u00e9 esperada para ser anunciada em fevereiro. Se isso for verdade, o dispositivo provavelmente estar\u00e1 \u00e0 venda em mar\u00e7o. Quanto ao pre\u00e7o do Samsung Galaxy S8, o telefone dever\u00e1 ser vendido em torno de US $ 700 (cerca de R$ 3550), bem como o seu antecessor. Ent\u00e3o, qual \u00e9 a sua opini\u00e3o em rela\u00e7\u00e3o ao Samsung Galaxy S8? Voc\u00ea acha que este dispositivo pode compensar o problema causado pelo Note 7?<\/p>\n\n<div style=\"font-size: 0px; height: 0px; line-height: 0px; margin: 0; padding: 0; clear: both;\"><\/div>","protected":false},"excerpt":{"rendered":"<p>2016 foi um ano dif\u00edcil para a Samsung e a marca espera se recuperar no mercado este ano, com a sua s\u00e9rie de carros chefes da linha Galaxy. Hoje, muitas imagens reais do Galaxy S8 vazaram pela primeira vez! Galaxy S8 vazou: 8 GB de RAM, 2K O Samsung Galaxy S8 \u00e9 esperado para ser [&hellip;]<\/p>\n","protected":false},"author":1,"featured_media":17361,"comment_status":"open","ping_status":"open","sticky":false,"template":"","format":"standard","meta":[],"categories":[7],"tags":[104,183,10],"yoast_head":"<!-- This site is optimized with the Yoast SEO plugin v16.0.2 - https:\/\/yoast.com\/wordpress\/plugins\/seo\/ -->\n<title>Galaxy S8 vazou pela primeira vez: 8 GB de RAM, 2K - Price Pony<\/title>\n<meta name=\"description\" content=\"2016 foi um ano dif\u00edcil para a Samsung e a marca espera se recuperar no mercado este ano, com a sua s\u00e9rie de carros chefes da linha Galaxy. Hoje, muitas ...\" \/>\n<link rel=\"canonical\" href=\"https:\/\/www.pricepony.com.br\/blog\/galaxy-s8-vazou-pela-primeira-vez-8-gb-de-ram-2k\/\" \/>\n<meta property=\"og:locale\" content=\"pt_BR\" \/>\n<meta property=\"og:type\" content=\"article\" \/>\n<meta property=\"og:title\" content=\"Galaxy S8 vazou pela primeira vez: 8 GB de RAM, 2K - Price Pony\" \/>\n<meta property=\"og:description\" content=\"2016 foi um ano dif\u00edcil para a Samsung e a marca espera se recuperar no mercado este ano, com a sua s\u00e9rie de carros chefes da linha Galaxy. Hoje, muitas ...\" \/>\n<meta property=\"og:url\" content=\"https:\/\/www.pricepony.com.br\/blog\/galaxy-s8-vazou-pela-primeira-vez-8-gb-de-ram-2k\/\" \/>\n<meta property=\"og:site_name\" content=\"Price Pony\" \/>\n<meta property=\"article:published_time\" content=\"2017-01-26T19:16:26+00:00\" \/>\n<meta property=\"og:image\" content=\"https:\/\/www.pricepony.com.br\/blog\/wp-content\/uploads\/2017\/01\/Galaxy-S8.jpg\" \/>\n\t<meta property=\"og:image:width\" content=\"1200\" \/>\n\t<meta property=\"og:image:height\" content=\"778\" \/>\n<meta name=\"twitter:card\" content=\"summary\" \/>\n<meta name=\"twitter:label1\" content=\"Est. tempo de leitura\">\n\t<meta name=\"twitter:data1\" content=\"2 minutos\">\n<script type=\"application\/ld+json\" class=\"yoast-schema-graph\">{\"@context\":\"https:\/\/schema.org\",\"@graph\":[{\"@type\":\"WebSite\",\"@id\":\"https:\/\/www.pricepony.com.br\/blog\/#website\",\"url\":\"https:\/\/www.pricepony.com.br\/blog\/\",\"name\":\"Price Pony\",\"description\":\"www.pricepony.com.br\",\"potentialAction\":[{\"@type\":\"SearchAction\",\"target\":\"https:\/\/www.pricepony.com.br\/blog\/?s={search_term_string}\",\"query-input\":\"required name=search_term_string\"}],\"inLanguage\":\"pt-BR\"},{\"@type\":\"ImageObject\",\"@id\":\"https:\/\/www.pricepony.com.br\/blog\/galaxy-s8-vazou-pela-primeira-vez-8-gb-de-ram-2k\/#primaryimage\",\"inLanguage\":\"pt-BR\",\"url\":\"https:\/\/www.pricepony.com.br\/blog\/wp-content\/uploads\/2017\/01\/Galaxy-S8.jpg\",\"width\":1200,\"height\":778},{\"@type\":\"WebPage\",\"@id\":\"https:\/\/www.pricepony.com.br\/blog\/galaxy-s8-vazou-pela-primeira-vez-8-gb-de-ram-2k\/#webpage\",\"url\":\"https:\/\/www.pricepony.com.br\/blog\/galaxy-s8-vazou-pela-primeira-vez-8-gb-de-ram-2k\/\",\"name\":\"Galaxy S8 vazou pela primeira vez: 8 GB de RAM, 2K - Price Pony\",\"isPartOf\":{\"@id\":\"https:\/\/www.pricepony.com.br\/blog\/#website\"},\"primaryImageOfPage\":{\"@id\":\"https:\/\/www.pricepony.com.br\/blog\/galaxy-s8-vazou-pela-primeira-vez-8-gb-de-ram-2k\/#primaryimage\"},\"datePublished\":\"2017-01-26T19:16:26+00:00\",\"dateModified\":\"2017-01-26T19:16:26+00:00\",\"author\":{\"@id\":\"https:\/\/www.pricepony.com.br\/blog\/#\/schema\/person\/c338807e08d2e0642a2680633342a0b6\"},\"description\":\"2016 foi um ano dif\\u00edcil para a Samsung e a marca espera se recuperar no mercado este ano, com a sua s\\u00e9rie de carros chefes da linha Galaxy. Hoje, muitas ...\",\"breadcrumb\":{\"@id\":\"https:\/\/www.pricepony.com.br\/blog\/galaxy-s8-vazou-pela-primeira-vez-8-gb-de-ram-2k\/#breadcrumb\"},\"inLanguage\":\"pt-BR\",\"potentialAction\":[{\"@type\":\"ReadAction\",\"target\":[\"https:\/\/www.pricepony.com.br\/blog\/galaxy-s8-vazou-pela-primeira-vez-8-gb-de-ram-2k\/\"]}]},{\"@type\":\"BreadcrumbList\",\"@id\":\"https:\/\/www.pricepony.com.br\/blog\/galaxy-s8-vazou-pela-primeira-vez-8-gb-de-ram-2k\/#breadcrumb\",\"itemListElement\":[{\"@type\":\"ListItem\",\"position\":1,\"item\":{\"@type\":\"WebPage\",\"@id\":\"https:\/\/www.pricepony.com.br\/blog\/\",\"url\":\"https:\/\/www.pricepony.com.br\/blog\/\",\"name\":\"In\\u00edcio\"}},{\"@type\":\"ListItem\",\"position\":2,\"item\":{\"@type\":\"WebPage\",\"@id\":\"https:\/\/www.pricepony.com.br\/blog\/galaxy-s8-vazou-pela-primeira-vez-8-gb-de-ram-2k\/\",\"url\":\"https:\/\/www.pricepony.com.br\/blog\/galaxy-s8-vazou-pela-primeira-vez-8-gb-de-ram-2k\/\",\"name\":\"Galaxy S8 vazou pela primeira vez: 8 GB de RAM, 2K\"}}]},{\"@type\":\"Person\",\"@id\":\"https:\/\/www.pricepony.com.br\/blog\/#\/schema\/person\/c338807e08d2e0642a2680633342a0b6\",\"name\":\"Chris Eilers\",\"image\":{\"@type\":\"ImageObject\",\"@id\":\"https:\/\/www.pricepony.com.br\/blog\/#personlogo\",\"inLanguage\":\"pt-BR\",\"url\":\"https:\/\/secure.gravatar.com\/avatar\/83e51b46626e1e91aba06adcb3bf3473?s=96&d=mm&r=g\",\"caption\":\"Chris Eilers\"},\"description\":\"Chris is an experienced Digital Marketer and Growth Hacker with work experience in Mckinsey Germany and Rocket Internet Asia. He is the CEO of Oizoioi Malaysia and actively engaged in the Startup Scene in South East Asia.\"}]}<\/script>\n<!-- \/ Yoast SEO plugin. -->","_links":{"self":[{"href":"https:\/\/www.pricepony.com.br\/blog\/wp-json\/wp\/v2\/posts\/17360"}],"collection":[{"href":"https:\/\/www.pricepony.com.br\/blog\/wp-json\/wp\/v2\/posts"}],"about":[{"href":"https:\/\/www.pricepony.com.br\/blog\/wp-json\/wp\/v2\/types\/post"}],"author":[{"embeddable":true,"href":"https:\/\/www.pricepony.com.br\/blog\/wp-json\/wp\/v2\/users\/1"}],"replies":[{"embeddable":true,"href":"https:\/\/www.pricepony.com.br\/blog\/wp-json\/wp\/v2\/comments?post=17360"}],"version-history":[{"count":0,"href":"https:\/\/www.pricepony.com.br\/blog\/wp-json\/wp\/v2\/posts\/17360\/revisions"}],"wp:featuredmedia":[{"embeddable":true,"href":"https:\/\/www.pricepony.com.br\/blog\/wp-json\/wp\/v2\/media\/17361"}],"wp:attachment":[{"href":"https:\/\/www.pricepony.com.br\/blog\/wp-json\/wp\/v2\/media?parent=17360"}],"wp:term":[{"taxonomy":"category","embeddable":true,"href":"https:\/\/www.pricepony.com.br\/blog\/wp-json\/wp\/v2\/categories?post=17360"},{"taxonomy":"post_tag","embeddable":true,"href":"https:\/\/www.pricepony.com.br\/blog\/wp-json\/wp\/v2\/tags?post=17360"}],"curies":[{"name":"wp","href":"https:\/\/api.w.org\/{rel}","templated":true}]}}