{"id":17341,"date":"2017-01-24T12:02:37","date_gmt":"2017-01-24T12:02:37","guid":{"rendered":"http:\/\/www.pricepony.com.br\/blog\/?p=17341"},"modified":"2017-01-24T12:02:37","modified_gmt":"2017-01-24T12:02:37","slug":"sony-g3221-vazou-4-gb-de-ram-camera-principal-de-23-mp","status":"publish","type":"post","link":"https:\/\/www.pricepony.com.br\/blog\/sony-g3221-vazou-4-gb-de-ram-camera-principal-de-23-mp\/","title":{"rendered":"Sony G3221 vazou: 4 GB de RAM, c\u00e2mera principal de 23 MP"},"content":{"rendered":"<p><strong>No final, a Sony decide adicionar mais RAM ao seu produto com o Sony G3221. Este telefone acabou de vazar na Antutu com 4 GB de RAM e uma c\u00e2mera de 23 MP.<\/strong><\/p><div style=\"float: none; display: block; margin: 0 -10px; text-align: center;\"><!-- Top Banner PH NEW -->\n                        <ins class=\"adsbygoogle\"\n                             style=\"display:inline-block;width:728px;height:90px\"\n                             data-ad-client=\"ca-pub-4796993490224996\"\n                             data-ad-slot=\"9195989669\"><\/ins>\n                        <script>(adsbygoogle = window.adsbygoogle || []).push({});<\/script><\/div><\/p>\n<p><img decoding=\"async\" class=\"aligncenter wp-image-37915\" src=\"data:image\/gif;base64,R0lGODlhAQABAIAAAAAAAP\/\/\/yH5BAEAAAAALAAAAAABAAEAAAIBRAA7\" data-src=\"http:\/\/www.pricepony.com.ph\/blog\/wp-content\/uploads\/2017\/01\/Sony-G3221j-2.jpg\" alt=\"Sony G3221\" width=\"480\" height=\"250\" \/ \/><\/p>\n<h3><strong>Sony G3221: o primeiro celular da Sony com 4 GB de RAM<\/strong><\/h3>\n<p>H\u00e1 mais e mais smartphones com uma quantidade de RAM enorme. 6 GB de RAM ou at\u00e9 mesmo telefones com 8 GB de RAM, que j\u00e1 n\u00e3o s\u00e3o estranhos para n\u00f3s. Muitas marcas de telefones equipam os seus produtos com uma quantidade de RAM bolada, menos a Sony. A Sony \u00e9 uma marca popular no mercado com telefones que possuem c\u00e2meras incr\u00edveis e tamb\u00e9m \u00e0 prova d&#8217;\u00e1gua. No entanto, seus aparelhos v\u00eam com mem\u00f3ria RAM bastante humilde, 3 GB \u00e9 a mais alta. Agora, tudo est\u00e1 prestes a mudar.<\/p>\n<p>Depois de um longo tempo, a Sony finalmente vai adicionar 4 GB de RAM para o seu produto &#8211; o Sony G3221. O telefone \u00e9 um dos dois pr\u00f3ximos membros da fam\u00edlia Sony. Este telefone acabou de ser visto no benchmark da Antutu recentemente. Agora, vamos dar uma olhada nas especifica\u00e7\u00f5es deste Sony G3221. Sob o cap\u00f4, o telefone ser\u00e1 alimentado por um processador octa core Helio P20 e executado no mais recente sistema operacional Android 7.0.<\/p>\n<!-- Quick Adsense WordPress Plugin: http:\/\/quickadsense.com\/ -->\n<div class=\"715bb7587c5240ca50b41debac6fc6bc\" data-index=\"2\" style=\"float: none; margin:10px 0 10px 0; text-align:center;\">\n<!-- BR Middle -->\r\n<ins class=\"adsbygoogle\"\r\n     style=\"display:inline-block;width:336px;height:280px\"\r\n     data-ad-client=\"ca-pub-4796993490224996\"\r\n     data-ad-slot=\"2407662860\"><\/ins>\r\n<script>\r\n(adsbygoogle = window.adsbygoogle || []).push({});\r\n<\/script>\n<\/div>\n\n<p><img decoding=\"async\" class=\"aligncenter wp-image-37907\" src=\"data:image\/gif;base64,R0lGODlhAQABAIAAAAAAAP\/\/\/yH5BAEAAAAALAAAAAABAAEAAAIBRAA7\" data-src=\"http:\/\/www.pricepony.com.ph\/blog\/wp-content\/uploads\/2017\/01\/Sony-G3221j.jpg\" alt=\"Sony G3221\" width=\"531\" height=\"250\" \/ \/><\/p>\n<p>Este Sony G3221 ser\u00e1 o primeiro telefone da Sony a embalar 4 GB de RAM. Haver\u00e1 tamb\u00e9m 64 GB de armazenamento interno que pode ser expandido. Para a fotografia, a empresa ir\u00e1 adicionar uma c\u00e2mera selfie de 16 MP e uma c\u00e2mera de 23 MP na parte de tr\u00e1s. Ele vir\u00e1 com uma tela Full HD. Al\u00e9m disso, este novo telefone Sony tamb\u00e9m ser\u00e1 imperme\u00e1vel.<\/p>\n<h3><strong>Sony G3221: pre\u00e7o e disponibilidade<\/strong><\/h3>\n<p>Chegando com 4 GB de RAM e c\u00e2meras incr\u00edveis como este, este novo telefone da Sony ser\u00e1 um rival dif\u00edcil para os outros telefones, tais como o HTC U Play. Ser\u00e1 um dos dispositivos mais aguardados deste ano. Teremos a chance de ver este telefone, bem como o Sony G3112, no dia 27 de fevereiro no MWC 2017. Ent\u00e3o, basta esperar at\u00e9 l\u00e1 e ver o que a Sony vai nos trazer. Se voc\u00ea est\u00e1 interessado neste telefone, continue acompanhando com a gente!<\/p>\n\n<div style=\"font-size: 0px; height: 0px; line-height: 0px; margin: 0; padding: 0; clear: both;\"><\/div>","protected":false},"excerpt":{"rendered":"<p>No final, a Sony decide adicionar mais RAM ao seu produto com o Sony G3221. Este telefone acabou de vazar na Antutu com 4 GB de RAM e uma c\u00e2mera de 23 MP. Sony G3221: o primeiro celular da Sony com 4 GB de RAM H\u00e1 mais e mais smartphones com uma quantidade de RAM [&hellip;]<\/p>\n","protected":false},"author":1,"featured_media":17342,"comment_status":"open","ping_status":"open","sticky":false,"template":"","format":"standard","meta":[],"categories":[7],"tags":[20,50],"yoast_head":"<!-- This site is optimized with the Yoast SEO plugin v16.0.2 - https:\/\/yoast.com\/wordpress\/plugins\/seo\/ -->\n<title>Sony G3221 vazou: 4 GB de RAM, c\u00e2mera principal de 23 MP - Price Pony<\/title>\n<meta name=\"description\" content=\"No final, a Sony decide adicionar mais RAM ao seu produto com o Sony G3221. Este telefone acabou de vazar na Antutu com 4 GB de RAM e uma c\u00e2mera de 23 MP.\" \/>\n<link rel=\"canonical\" href=\"https:\/\/www.pricepony.com.br\/blog\/sony-g3221-vazou-4-gb-de-ram-camera-principal-de-23-mp\/\" \/>\n<meta property=\"og:locale\" content=\"pt_BR\" \/>\n<meta property=\"og:type\" content=\"article\" \/>\n<meta property=\"og:title\" content=\"Sony G3221 vazou: 4 GB de RAM, c\u00e2mera principal de 23 MP - Price Pony\" \/>\n<meta property=\"og:description\" content=\"No final, a Sony decide adicionar mais RAM ao seu produto com o Sony G3221. Este telefone acabou de vazar na Antutu com 4 GB de RAM e uma c\u00e2mera de 23 MP.\" \/>\n<meta property=\"og:url\" content=\"https:\/\/www.pricepony.com.br\/blog\/sony-g3221-vazou-4-gb-de-ram-camera-principal-de-23-mp\/\" \/>\n<meta property=\"og:site_name\" content=\"Price Pony\" \/>\n<meta property=\"article:published_time\" content=\"2017-01-24T12:02:37+00:00\" \/>\n<meta property=\"og:image\" content=\"https:\/\/www.pricepony.com.br\/blog\/wp-content\/uploads\/2017\/01\/sony-xperia-z6-concept.png\" \/>\n\t<meta property=\"og:image:width\" content=\"639\" \/>\n\t<meta property=\"og:image:height\" content=\"392\" \/>\n<meta name=\"twitter:card\" content=\"summary\" \/>\n<meta name=\"twitter:label1\" content=\"Est. tempo de leitura\">\n\t<meta name=\"twitter:data1\" content=\"2 minutos\">\n<script type=\"application\/ld+json\" class=\"yoast-schema-graph\">{\"@context\":\"https:\/\/schema.org\",\"@graph\":[{\"@type\":\"WebSite\",\"@id\":\"https:\/\/www.pricepony.com.br\/blog\/#website\",\"url\":\"https:\/\/www.pricepony.com.br\/blog\/\",\"name\":\"Price Pony\",\"description\":\"www.pricepony.com.br\",\"potentialAction\":[{\"@type\":\"SearchAction\",\"target\":\"https:\/\/www.pricepony.com.br\/blog\/?s={search_term_string}\",\"query-input\":\"required name=search_term_string\"}],\"inLanguage\":\"pt-BR\"},{\"@type\":\"ImageObject\",\"@id\":\"https:\/\/www.pricepony.com.br\/blog\/sony-g3221-vazou-4-gb-de-ram-camera-principal-de-23-mp\/#primaryimage\",\"inLanguage\":\"pt-BR\",\"url\":\"https:\/\/www.pricepony.com.br\/blog\/wp-content\/uploads\/2017\/01\/sony-xperia-z6-concept.png\",\"width\":639,\"height\":392},{\"@type\":\"WebPage\",\"@id\":\"https:\/\/www.pricepony.com.br\/blog\/sony-g3221-vazou-4-gb-de-ram-camera-principal-de-23-mp\/#webpage\",\"url\":\"https:\/\/www.pricepony.com.br\/blog\/sony-g3221-vazou-4-gb-de-ram-camera-principal-de-23-mp\/\",\"name\":\"Sony G3221 vazou: 4 GB de RAM, c\\u00e2mera principal de 23 MP - Price Pony\",\"isPartOf\":{\"@id\":\"https:\/\/www.pricepony.com.br\/blog\/#website\"},\"primaryImageOfPage\":{\"@id\":\"https:\/\/www.pricepony.com.br\/blog\/sony-g3221-vazou-4-gb-de-ram-camera-principal-de-23-mp\/#primaryimage\"},\"datePublished\":\"2017-01-24T12:02:37+00:00\",\"dateModified\":\"2017-01-24T12:02:37+00:00\",\"author\":{\"@id\":\"https:\/\/www.pricepony.com.br\/blog\/#\/schema\/person\/c338807e08d2e0642a2680633342a0b6\"},\"description\":\"No final, a Sony decide adicionar mais RAM ao seu produto com o Sony G3221. Este telefone acabou de vazar na Antutu com 4 GB de RAM e uma c\\u00e2mera de 23 MP.\",\"breadcrumb\":{\"@id\":\"https:\/\/www.pricepony.com.br\/blog\/sony-g3221-vazou-4-gb-de-ram-camera-principal-de-23-mp\/#breadcrumb\"},\"inLanguage\":\"pt-BR\",\"potentialAction\":[{\"@type\":\"ReadAction\",\"target\":[\"https:\/\/www.pricepony.com.br\/blog\/sony-g3221-vazou-4-gb-de-ram-camera-principal-de-23-mp\/\"]}]},{\"@type\":\"BreadcrumbList\",\"@id\":\"https:\/\/www.pricepony.com.br\/blog\/sony-g3221-vazou-4-gb-de-ram-camera-principal-de-23-mp\/#breadcrumb\",\"itemListElement\":[{\"@type\":\"ListItem\",\"position\":1,\"item\":{\"@type\":\"WebPage\",\"@id\":\"https:\/\/www.pricepony.com.br\/blog\/\",\"url\":\"https:\/\/www.pricepony.com.br\/blog\/\",\"name\":\"In\\u00edcio\"}},{\"@type\":\"ListItem\",\"position\":2,\"item\":{\"@type\":\"WebPage\",\"@id\":\"https:\/\/www.pricepony.com.br\/blog\/sony-g3221-vazou-4-gb-de-ram-camera-principal-de-23-mp\/\",\"url\":\"https:\/\/www.pricepony.com.br\/blog\/sony-g3221-vazou-4-gb-de-ram-camera-principal-de-23-mp\/\",\"name\":\"Sony G3221 vazou: 4 GB de RAM, c\\u00e2mera principal de 23 MP\"}}]},{\"@type\":\"Person\",\"@id\":\"https:\/\/www.pricepony.com.br\/blog\/#\/schema\/person\/c338807e08d2e0642a2680633342a0b6\",\"name\":\"Chris Eilers\",\"image\":{\"@type\":\"ImageObject\",\"@id\":\"https:\/\/www.pricepony.com.br\/blog\/#personlogo\",\"inLanguage\":\"pt-BR\",\"url\":\"https:\/\/secure.gravatar.com\/avatar\/83e51b46626e1e91aba06adcb3bf3473?s=96&d=mm&r=g\",\"caption\":\"Chris Eilers\"},\"description\":\"Chris is an experienced Digital Marketer and Growth Hacker with work experience in Mckinsey Germany and Rocket Internet Asia. He is the CEO of Oizoioi Malaysia and actively engaged in the Startup Scene in South East Asia.\"}]}<\/script>\n<!-- \/ Yoast SEO plugin. -->","_links":{"self":[{"href":"https:\/\/www.pricepony.com.br\/blog\/wp-json\/wp\/v2\/posts\/17341"}],"collection":[{"href":"https:\/\/www.pricepony.com.br\/blog\/wp-json\/wp\/v2\/posts"}],"about":[{"href":"https:\/\/www.pricepony.com.br\/blog\/wp-json\/wp\/v2\/types\/post"}],"author":[{"embeddable":true,"href":"https:\/\/www.pricepony.com.br\/blog\/wp-json\/wp\/v2\/users\/1"}],"replies":[{"embeddable":true,"href":"https:\/\/www.pricepony.com.br\/blog\/wp-json\/wp\/v2\/comments?post=17341"}],"version-history":[{"count":0,"href":"https:\/\/www.pricepony.com.br\/blog\/wp-json\/wp\/v2\/posts\/17341\/revisions"}],"wp:featuredmedia":[{"embeddable":true,"href":"https:\/\/www.pricepony.com.br\/blog\/wp-json\/wp\/v2\/media\/17342"}],"wp:attachment":[{"href":"https:\/\/www.pricepony.com.br\/blog\/wp-json\/wp\/v2\/media?parent=17341"}],"wp:term":[{"taxonomy":"category","embeddable":true,"href":"https:\/\/www.pricepony.com.br\/blog\/wp-json\/wp\/v2\/categories?post=17341"},{"taxonomy":"post_tag","embeddable":true,"href":"https:\/\/www.pricepony.com.br\/blog\/wp-json\/wp\/v2\/tags?post=17341"}],"curies":[{"name":"wp","href":"https:\/\/api.w.org\/{rel}","templated":true}]}}