{"id":17307,"date":"2017-01-18T15:46:25","date_gmt":"2017-01-18T15:46:25","guid":{"rendered":"http:\/\/www.pricepony.com.br\/blog\/?p=17307"},"modified":"2017-01-18T16:25:41","modified_gmt":"2017-01-18T16:25:41","slug":"iphone-7s-foi-reportado-5-polegadas-camera-vertical-dupla","status":"publish","type":"post","link":"https:\/\/www.pricepony.com.br\/blog\/iphone-7s-foi-reportado-5-polegadas-camera-vertical-dupla\/","title":{"rendered":"IPhone 7s foi reportado: 5 polegadas, c\u00e2mera vertical dupla"},"content":{"rendered":"<p><strong>O iPhone no pr\u00f3ximo ano vai vir com uma nova vers\u00e3o de tamanho de tela. O iPhone 7s \u00e9 relatado para apresentar uma tela de 5 polegadas OLED, bem como uma c\u00e2mera dupla vertical. <\/strong><\/p><div style=\"float: none; display: block; margin: 0 -10px; text-align: center;\"><!-- Top Banner PH NEW -->\n                        <ins class=\"adsbygoogle\"\n                             style=\"display:inline-block;width:728px;height:90px\"\n                             data-ad-client=\"ca-pub-4796993490224996\"\n                             data-ad-slot=\"9195989669\"><\/ins>\n                        <script>(adsbygoogle = window.adsbygoogle || []).push({});<\/script><\/div><\/p>\n<p><img decoding=\"async\" class=\"aligncenter wp-image-34284 size-full\" src=\"data:image\/gif;base64,R0lGODlhAQABAIAAAAAAAP\/\/\/yH5BAEAAAAALAAAAAABAAEAAAIBRAA7\" data-src=\"http:\/\/www.pricepony.com.ph\/blog\/wp-content\/uploads\/2016\/12\/iPhone-8-1-e1481276796489.jpg\" alt=\"iPhone 7s\" width=\"444\" height=\"250\" \/ \/><\/p>\n<h3><strong>iPhone 7s: tela de 5 polegadas, c\u00e2mera vertical dupla<\/strong><\/h3>\n<p>No pr\u00f3ximo ano, o iPhone \u00e9 um dos dispositivos mais esperados no mercado de smartphones. Uma vez em que 2017 \u00e9 o anivers\u00e1rio de 10 anos da Apple, o iPhone 2017 \u00e9 esperado para surpreender a todos com seu novo visual e seus novos recursos. De acordo com a \u00faltima fonte, a Apple trar\u00e1 para o mercado pelo menos 3 novos iPhones com o nome de c\u00f3digo de D20, D21 e D22.<\/p>\n<p>Os dois primeiros dispositivos s\u00e3o considerados para serem o iPhone 7s e iPhone 7s Plus. O terceiro ainda est\u00e1 desconhecido. No entanto, \u00e9 relatado para ser um smartphone de alta demanda que \u00e9 feito especialmente para o anivers\u00e1rio do pr\u00f3ximo ano. Sobre o iPhone 7s, este telefone \u00e9 dito para vir com uma tela de 5 polegadas. Este tamanho de tela do iPhone \u00e9 meio estranho em compara\u00e7\u00e3o com o seu outro antecessor anterior. A Apple normalmente equipa os seus produtos com tela de 4,7 ou 5,5 polegadas.<\/p>\n<!-- Quick Adsense WordPress Plugin: http:\/\/quickadsense.com\/ -->\n<div class=\"715bb7587c5240ca50b41debac6fc6bc\" data-index=\"2\" style=\"float: none; margin:10px 0 10px 0; text-align:center;\">\n<!-- BR Middle -->\r\n<ins class=\"adsbygoogle\"\r\n     style=\"display:inline-block;width:336px;height:280px\"\r\n     data-ad-client=\"ca-pub-4796993490224996\"\r\n     data-ad-slot=\"2407662860\"><\/ins>\r\n<script>\r\n(adsbygoogle = window.adsbygoogle || []).push({});\r\n<\/script>\n<\/div>\n\n<p><img decoding=\"async\" class=\"aligncenter wp-image-35813\" src=\"data:image\/gif;base64,R0lGODlhAQABAIAAAAAAAP\/\/\/yH5BAEAAAAALAAAAAABAAEAAAIBRAA7\" data-src=\"http:\/\/www.pricepony.com.ph\/blog\/wp-content\/uploads\/2016\/12\/ip7s.jpg\" alt=\"iPhone 7s\" width=\"446\" height=\"250\" \/ \/><\/p>\n<p>Este iPhone 7s vir\u00e1 com um display de 5 polegadas OLED, um corpo de alum\u00ednio revestido com vidro. Al\u00e9m disso, assim como o iPhone 7 Plus, o iPhone 7s tamb\u00e9m ser\u00e1 equipado com uma c\u00e2mera dupla na parte de tr\u00e1s. No entanto, esta ser\u00e1 uma c\u00e2mera dupla vertical, e n\u00e3o horizontal. Al\u00e9m do novo tamanho da tela, o iPhone no pr\u00f3ximo ano tamb\u00e9m \u00e9 esperado para vir com IP68, uma bateria maior, e tecnologia de carregamento sem fio &#8211; wireless.<\/p>\n<h3><strong>iPhone no pr\u00f3ximo ano: novo monstro de 2017<\/strong><\/h3>\n<p>Chegando com com uma tela de 5 polegadas, o iPhone agora tem mais uma vers\u00e3o para os usu\u00e1rios escolherem, especialmente para aqueles que amam os smartphones pr\u00e1ticos. Com uma c\u00e2mera dupla, o iPhone no pr\u00f3ximo ano ser\u00e1 um dos melhores telefones com c\u00e2meras do mercado. 2017 \u00e9 prometido para ser um ano din\u00e2mico para o mercado de telefones, uma vez em que a gigante Samsung e a Apple vai anunciar seus monstros, a Nokia estar\u00e1 de volta com muitos novos dispositivos. Ent\u00e3o, fique atento e n\u00f3s continuaremos atualizando para voc\u00eas.<\/p>\n\n<div style=\"font-size: 0px; height: 0px; line-height: 0px; margin: 0; padding: 0; clear: both;\"><\/div>","protected":false},"excerpt":{"rendered":"<p>O iPhone no pr\u00f3ximo ano vai vir com uma nova vers\u00e3o de tamanho de tela. O iPhone 7s \u00e9 relatado para apresentar uma tela de 5 polegadas OLED, bem como uma c\u00e2mera dupla vertical. iPhone 7s: tela de 5 polegadas, c\u00e2mera vertical dupla No pr\u00f3ximo ano, o iPhone \u00e9 um dos dispositivos mais esperados no [&hellip;]<\/p>\n","protected":false},"author":1,"featured_media":17309,"comment_status":"open","ping_status":"open","sticky":false,"template":"","format":"standard","meta":[],"categories":[7],"tags":[56],"yoast_head":"<!-- This site is optimized with the Yoast SEO plugin v16.0.2 - https:\/\/yoast.com\/wordpress\/plugins\/seo\/ -->\n<title>IPhone 7s foi reportado: 5 polegadas, c\u00e2mera vertical dupla - Price Pony<\/title>\n<meta name=\"description\" content=\"O iPhone no pr\u00f3ximo ano vai vir com uma nova vers\u00e3o de tamanho de tela. O iPhone 7s \u00e9 relatado para apresentar uma tela de 5 polegadas OLED, bem como uma...\" \/>\n<link rel=\"canonical\" href=\"https:\/\/www.pricepony.com.br\/blog\/iphone-7s-foi-reportado-5-polegadas-camera-vertical-dupla\/\" \/>\n<meta property=\"og:locale\" content=\"pt_BR\" \/>\n<meta property=\"og:type\" content=\"article\" \/>\n<meta property=\"og:title\" content=\"IPhone 7s foi reportado: 5 polegadas, c\u00e2mera vertical dupla - Price Pony\" \/>\n<meta property=\"og:description\" content=\"O iPhone no pr\u00f3ximo ano vai vir com uma nova vers\u00e3o de tamanho de tela. O iPhone 7s \u00e9 relatado para apresentar uma tela de 5 polegadas OLED, bem como uma...\" \/>\n<meta property=\"og:url\" content=\"https:\/\/www.pricepony.com.br\/blog\/iphone-7s-foi-reportado-5-polegadas-camera-vertical-dupla\/\" \/>\n<meta property=\"og:site_name\" content=\"Price Pony\" \/>\n<meta property=\"article:published_time\" content=\"2017-01-18T15:46:25+00:00\" \/>\n<meta property=\"article:modified_time\" content=\"2017-01-18T16:25:41+00:00\" \/>\n<meta property=\"og:image\" content=\"https:\/\/www.pricepony.com.br\/blog\/wp-content\/uploads\/2017\/01\/iPhone-7-Pro-Tutorial.png\" \/>\n\t<meta property=\"og:image:width\" content=\"1600\" \/>\n\t<meta property=\"og:image:height\" content=\"800\" \/>\n<meta name=\"twitter:card\" content=\"summary\" \/>\n<meta name=\"twitter:label1\" content=\"Est. tempo de leitura\">\n\t<meta name=\"twitter:data1\" content=\"2 minutos\">\n<script type=\"application\/ld+json\" class=\"yoast-schema-graph\">{\"@context\":\"https:\/\/schema.org\",\"@graph\":[{\"@type\":\"WebSite\",\"@id\":\"https:\/\/www.pricepony.com.br\/blog\/#website\",\"url\":\"https:\/\/www.pricepony.com.br\/blog\/\",\"name\":\"Price Pony\",\"description\":\"www.pricepony.com.br\",\"potentialAction\":[{\"@type\":\"SearchAction\",\"target\":\"https:\/\/www.pricepony.com.br\/blog\/?s={search_term_string}\",\"query-input\":\"required name=search_term_string\"}],\"inLanguage\":\"pt-BR\"},{\"@type\":\"ImageObject\",\"@id\":\"https:\/\/www.pricepony.com.br\/blog\/iphone-7s-foi-reportado-5-polegadas-camera-vertical-dupla\/#primaryimage\",\"inLanguage\":\"pt-BR\",\"url\":\"https:\/\/www.pricepony.com.br\/blog\/wp-content\/uploads\/2017\/01\/iPhone-7-Pro-Tutorial.png\",\"width\":1600,\"height\":800},{\"@type\":\"WebPage\",\"@id\":\"https:\/\/www.pricepony.com.br\/blog\/iphone-7s-foi-reportado-5-polegadas-camera-vertical-dupla\/#webpage\",\"url\":\"https:\/\/www.pricepony.com.br\/blog\/iphone-7s-foi-reportado-5-polegadas-camera-vertical-dupla\/\",\"name\":\"IPhone 7s foi reportado: 5 polegadas, c\\u00e2mera vertical dupla - Price Pony\",\"isPartOf\":{\"@id\":\"https:\/\/www.pricepony.com.br\/blog\/#website\"},\"primaryImageOfPage\":{\"@id\":\"https:\/\/www.pricepony.com.br\/blog\/iphone-7s-foi-reportado-5-polegadas-camera-vertical-dupla\/#primaryimage\"},\"datePublished\":\"2017-01-18T15:46:25+00:00\",\"dateModified\":\"2017-01-18T16:25:41+00:00\",\"author\":{\"@id\":\"https:\/\/www.pricepony.com.br\/blog\/#\/schema\/person\/c338807e08d2e0642a2680633342a0b6\"},\"description\":\"O iPhone no pr\\u00f3ximo ano vai vir com uma nova vers\\u00e3o de tamanho de tela. O iPhone 7s \\u00e9 relatado para apresentar uma tela de 5 polegadas OLED, bem como uma...\",\"breadcrumb\":{\"@id\":\"https:\/\/www.pricepony.com.br\/blog\/iphone-7s-foi-reportado-5-polegadas-camera-vertical-dupla\/#breadcrumb\"},\"inLanguage\":\"pt-BR\",\"potentialAction\":[{\"@type\":\"ReadAction\",\"target\":[\"https:\/\/www.pricepony.com.br\/blog\/iphone-7s-foi-reportado-5-polegadas-camera-vertical-dupla\/\"]}]},{\"@type\":\"BreadcrumbList\",\"@id\":\"https:\/\/www.pricepony.com.br\/blog\/iphone-7s-foi-reportado-5-polegadas-camera-vertical-dupla\/#breadcrumb\",\"itemListElement\":[{\"@type\":\"ListItem\",\"position\":1,\"item\":{\"@type\":\"WebPage\",\"@id\":\"https:\/\/www.pricepony.com.br\/blog\/\",\"url\":\"https:\/\/www.pricepony.com.br\/blog\/\",\"name\":\"In\\u00edcio\"}},{\"@type\":\"ListItem\",\"position\":2,\"item\":{\"@type\":\"WebPage\",\"@id\":\"https:\/\/www.pricepony.com.br\/blog\/iphone-7s-foi-reportado-5-polegadas-camera-vertical-dupla\/\",\"url\":\"https:\/\/www.pricepony.com.br\/blog\/iphone-7s-foi-reportado-5-polegadas-camera-vertical-dupla\/\",\"name\":\"IPhone 7s foi reportado: 5 polegadas, c\\u00e2mera vertical dupla\"}}]},{\"@type\":\"Person\",\"@id\":\"https:\/\/www.pricepony.com.br\/blog\/#\/schema\/person\/c338807e08d2e0642a2680633342a0b6\",\"name\":\"Chris Eilers\",\"image\":{\"@type\":\"ImageObject\",\"@id\":\"https:\/\/www.pricepony.com.br\/blog\/#personlogo\",\"inLanguage\":\"pt-BR\",\"url\":\"https:\/\/secure.gravatar.com\/avatar\/83e51b46626e1e91aba06adcb3bf3473?s=96&d=mm&r=g\",\"caption\":\"Chris Eilers\"},\"description\":\"Chris is an experienced Digital Marketer and Growth Hacker with work experience in Mckinsey Germany and Rocket Internet Asia. He is the CEO of Oizoioi Malaysia and actively engaged in the Startup Scene in South East Asia.\"}]}<\/script>\n<!-- \/ Yoast SEO plugin. -->","_links":{"self":[{"href":"https:\/\/www.pricepony.com.br\/blog\/wp-json\/wp\/v2\/posts\/17307"}],"collection":[{"href":"https:\/\/www.pricepony.com.br\/blog\/wp-json\/wp\/v2\/posts"}],"about":[{"href":"https:\/\/www.pricepony.com.br\/blog\/wp-json\/wp\/v2\/types\/post"}],"author":[{"embeddable":true,"href":"https:\/\/www.pricepony.com.br\/blog\/wp-json\/wp\/v2\/users\/1"}],"replies":[{"embeddable":true,"href":"https:\/\/www.pricepony.com.br\/blog\/wp-json\/wp\/v2\/comments?post=17307"}],"version-history":[{"count":0,"href":"https:\/\/www.pricepony.com.br\/blog\/wp-json\/wp\/v2\/posts\/17307\/revisions"}],"wp:featuredmedia":[{"embeddable":true,"href":"https:\/\/www.pricepony.com.br\/blog\/wp-json\/wp\/v2\/media\/17309"}],"wp:attachment":[{"href":"https:\/\/www.pricepony.com.br\/blog\/wp-json\/wp\/v2\/media?parent=17307"}],"wp:term":[{"taxonomy":"category","embeddable":true,"href":"https:\/\/www.pricepony.com.br\/blog\/wp-json\/wp\/v2\/categories?post=17307"},{"taxonomy":"post_tag","embeddable":true,"href":"https:\/\/www.pricepony.com.br\/blog\/wp-json\/wp\/v2\/tags?post=17307"}],"curies":[{"name":"wp","href":"https:\/\/api.w.org\/{rel}","templated":true}]}}