{"id":17130,"date":"2016-12-23T19:35:53","date_gmt":"2016-12-23T19:35:53","guid":{"rendered":"http:\/\/www.pricepony.com.br\/blog\/?p=17130"},"modified":"2016-12-23T19:35:53","modified_gmt":"2016-12-23T19:35:53","slug":"galaxy-c7-pro-foi-visto-4-gb-de-ram","status":"publish","type":"post","link":"https:\/\/www.pricepony.com.br\/blog\/galaxy-c7-pro-foi-visto-4-gb-de-ram\/","title":{"rendered":"Galaxy C7 Pro foi visto: 4 GB de RAM"},"content":{"rendered":"<p><strong>O pr\u00f3ximo telefone da Samsung na s\u00e9rie do Galaxy C &#8211; o Galaxy C7 Pro acaba de ser visto na Geekbench. De acordo com esta pesquisa de mercado, este telefone vir\u00e1 com 4 GB de RAM, SND 626 &#8230; <\/strong><\/p><div style=\"float: none; display: block; margin: 0 -10px; text-align: center;\"><!-- Top Banner PH NEW -->\n                        <ins class=\"adsbygoogle\"\n                             style=\"display:inline-block;width:728px;height:90px\"\n                             data-ad-client=\"ca-pub-4796993490224996\"\n                             data-ad-slot=\"9195989669\"><\/ins>\n                        <script>(adsbygoogle = window.adsbygoogle || []).push({});<\/script><\/div><\/p>\n<p><img decoding=\"async\" class=\"aligncenter wp-image-33276\" src=\"data:image\/gif;base64,R0lGODlhAQABAIAAAAAAAP\/\/\/yH5BAEAAAAALAAAAAABAAEAAAIBRAA7\" data-src=\"http:\/\/www.pricepony.com.ph\/blog\/wp-content\/uploads\/2016\/11\/Samsung-Galaxy-C9-specs.jpg\" alt=\"Samsung-Galaxy-C9-specs\" width=\"439\" height=\"250\" \/ \/><\/p>\n<h3><strong>Galaxy C7 Pro foi visto: 4 GB de RAM, SND 626<\/strong><\/h3>\n<p>A China \u00e9 um dos maiores mercados de smartphones. Essa \u00e9 a raz\u00e3o pela qual a Samsung gasta uma s\u00e9rie inteira para este mercado &#8211; a linha do Galaxy C. Os 2 primeiros dispositivos desta s\u00e9rie s\u00e3o o Galaxy C5 e o Galaxy C7. Depois disso, para acompanhar a demanda dos clientes chineses, este gigante coreano fez o Galaxy C9 Pro com uma enorme quantidade de RAM- 6 GB. Agora, parece que a empresa est\u00e1 prestes a trazer dois novos telefones para este mercado &#8211; o Galaxy C7 Pro e o C5 Pro.<\/p>\n<p>Estes dois novos dispositivos s\u00e3o os sucessores do Galaxy C5 e do C7, em maio. O Galaxy C7 Pro acaba de ser visto no Geekbench com o nome de c\u00f3digo do SM-C7010. Nesta pesquisa de mercado, este telefone obt\u00e9m a pontua\u00e7\u00e3o com single -core de 1000 e 5679 pontos para a pontua\u00e7\u00e3o multi-core. Sob o cap\u00f4, o telefone ser\u00e1 alimentado por um processador com 2.21 Ghz octa core SND 626. Junto com o SND 653 e o SND 427, este SoC \u00e9 um dos tr\u00eas novos chipsets SND.<\/p>\n<!-- Quick Adsense WordPress Plugin: http:\/\/quickadsense.com\/ -->\n<div class=\"715bb7587c5240ca50b41debac6fc6bc\" data-index=\"2\" style=\"float: none; margin:10px 0 10px 0; text-align:center;\">\n<!-- BR Middle -->\r\n<ins class=\"adsbygoogle\"\r\n     style=\"display:inline-block;width:336px;height:280px\"\r\n     data-ad-client=\"ca-pub-4796993490224996\"\r\n     data-ad-slot=\"2407662860\"><\/ins>\r\n<script>\r\n(adsbygoogle = window.adsbygoogle || []).push({});\r\n<\/script>\n<\/div>\n\n<p><img decoding=\"async\" class=\"aligncenter wp-image-33274\" src=\"data:image\/gif;base64,R0lGODlhAQABAIAAAAAAAP\/\/\/yH5BAEAAAAALAAAAAABAAEAAAIBRAA7\" data-src=\"http:\/\/www.pricepony.com.ph\/blog\/wp-content\/uploads\/2016\/11\/gsmarena_0012.jpg\" alt=\"gsmarena_0012\" width=\"366\" height=\"250\" \/ \/><\/p>\n<p>O Galaxy C7 Pro vir\u00e1 com 4 GB de RAM e ser\u00e1 executado no sistema operacional Android 6.0.1 Marshmallow OS. Como o antecessor, ele contar\u00e1 com uma tela de 5,7 polegadas com a resolu\u00e7\u00e3o de 1080 x 1920 px. As outras especifica\u00e7\u00f5es do Galaxy C7 Pro ainda s\u00e3o desconhecidas. No entanto, elas s\u00e3o esperadas para ser t\u00e3o fortes como no Galaxy C7, ou ainda mais forte e melhor.<\/p>\n<h3><strong>Galaxy C7 Pro: pre\u00e7o e disponibilidade<\/strong><\/h3>\n<p>Vindo com 4 GB de RAM, este telefone ser\u00e1 um rival dif\u00edcil no mercado. Esperamos que, o Galaxy C7 Pro, bem como o C5 Pro, ir\u00e3o trazer sucessos para a marca, assim como seu antecessor. A data de lan\u00e7amento do Galaxy C5 e do C7 Pro est\u00e3o programadas para o final deste ano. Quanto ao pre\u00e7o do Galaxy C5 Pro, bem como do C7 Pro, ainda s\u00e3o um mist\u00e9rio. Se voc\u00ea quiser saber mais informa\u00e7\u00f5es sobre esses dispositivos, basta seguir a nossa p\u00e1gina. N\u00f3s vamos atualizar.<\/p>\n\n<div style=\"font-size: 0px; height: 0px; line-height: 0px; margin: 0; padding: 0; clear: both;\"><\/div>","protected":false},"excerpt":{"rendered":"<p>O pr\u00f3ximo telefone da Samsung na s\u00e9rie do Galaxy C &#8211; o Galaxy C7 Pro acaba de ser visto na Geekbench. De acordo com esta pesquisa de mercado, este telefone vir\u00e1 com 4 GB de RAM, SND 626 &#8230; Galaxy C7 Pro foi visto: 4 GB de RAM, SND 626 A China \u00e9 um dos [&hellip;]<\/p>\n","protected":false},"author":1,"featured_media":17131,"comment_status":"open","ping_status":"open","sticky":false,"template":"","format":"standard","meta":[],"categories":[7],"tags":[20,10],"yoast_head":"<!-- This site is optimized with the Yoast SEO plugin v16.0.2 - https:\/\/yoast.com\/wordpress\/plugins\/seo\/ -->\n<title>Galaxy C7 Pro foi visto: 4 GB de RAM - Price Pony<\/title>\n<meta name=\"description\" content=\"O pr\u00f3ximo telefone da Samsung na s\u00e9rie do Galaxy C - o Galaxy C7 Pro acaba de ser visto na Geekbench. De acordo com esta pesquisa de mercado, este...\" \/>\n<link rel=\"canonical\" href=\"https:\/\/www.pricepony.com.br\/blog\/galaxy-c7-pro-foi-visto-4-gb-de-ram\/\" \/>\n<meta property=\"og:locale\" content=\"pt_BR\" \/>\n<meta property=\"og:type\" content=\"article\" \/>\n<meta property=\"og:title\" content=\"Galaxy C7 Pro foi visto: 4 GB de RAM - Price Pony\" \/>\n<meta property=\"og:description\" content=\"O pr\u00f3ximo telefone da Samsung na s\u00e9rie do Galaxy C - o Galaxy C7 Pro acaba de ser visto na Geekbench. De acordo com esta pesquisa de mercado, este...\" \/>\n<meta property=\"og:url\" content=\"https:\/\/www.pricepony.com.br\/blog\/galaxy-c7-pro-foi-visto-4-gb-de-ram\/\" \/>\n<meta property=\"og:site_name\" content=\"Price Pony\" \/>\n<meta property=\"article:published_time\" content=\"2016-12-23T19:35:53+00:00\" \/>\n<meta property=\"og:image\" content=\"https:\/\/www.pricepony.com.br\/blog\/wp-content\/uploads\/2016\/12\/Samsung-Galaxy-C9-Pro-1-1-1.jpg\" \/>\n\t<meta property=\"og:image:width\" content=\"580\" \/>\n\t<meta property=\"og:image:height\" content=\"330\" \/>\n<meta name=\"twitter:card\" content=\"summary\" \/>\n<meta name=\"twitter:label1\" content=\"Est. tempo de leitura\">\n\t<meta name=\"twitter:data1\" content=\"2 minutos\">\n<script type=\"application\/ld+json\" class=\"yoast-schema-graph\">{\"@context\":\"https:\/\/schema.org\",\"@graph\":[{\"@type\":\"WebSite\",\"@id\":\"https:\/\/www.pricepony.com.br\/blog\/#website\",\"url\":\"https:\/\/www.pricepony.com.br\/blog\/\",\"name\":\"Price Pony\",\"description\":\"www.pricepony.com.br\",\"potentialAction\":[{\"@type\":\"SearchAction\",\"target\":\"https:\/\/www.pricepony.com.br\/blog\/?s={search_term_string}\",\"query-input\":\"required name=search_term_string\"}],\"inLanguage\":\"pt-BR\"},{\"@type\":\"ImageObject\",\"@id\":\"https:\/\/www.pricepony.com.br\/blog\/galaxy-c7-pro-foi-visto-4-gb-de-ram\/#primaryimage\",\"inLanguage\":\"pt-BR\",\"url\":\"https:\/\/www.pricepony.com.br\/blog\/wp-content\/uploads\/2016\/12\/Samsung-Galaxy-C9-Pro-1-1-1.jpg\",\"width\":580,\"height\":330},{\"@type\":\"WebPage\",\"@id\":\"https:\/\/www.pricepony.com.br\/blog\/galaxy-c7-pro-foi-visto-4-gb-de-ram\/#webpage\",\"url\":\"https:\/\/www.pricepony.com.br\/blog\/galaxy-c7-pro-foi-visto-4-gb-de-ram\/\",\"name\":\"Galaxy C7 Pro foi visto: 4 GB de RAM - Price Pony\",\"isPartOf\":{\"@id\":\"https:\/\/www.pricepony.com.br\/blog\/#website\"},\"primaryImageOfPage\":{\"@id\":\"https:\/\/www.pricepony.com.br\/blog\/galaxy-c7-pro-foi-visto-4-gb-de-ram\/#primaryimage\"},\"datePublished\":\"2016-12-23T19:35:53+00:00\",\"dateModified\":\"2016-12-23T19:35:53+00:00\",\"author\":{\"@id\":\"https:\/\/www.pricepony.com.br\/blog\/#\/schema\/person\/c338807e08d2e0642a2680633342a0b6\"},\"description\":\"O pr\\u00f3ximo telefone da Samsung na s\\u00e9rie do Galaxy C - o Galaxy C7 Pro acaba de ser visto na Geekbench. De acordo com esta pesquisa de mercado, este...\",\"breadcrumb\":{\"@id\":\"https:\/\/www.pricepony.com.br\/blog\/galaxy-c7-pro-foi-visto-4-gb-de-ram\/#breadcrumb\"},\"inLanguage\":\"pt-BR\",\"potentialAction\":[{\"@type\":\"ReadAction\",\"target\":[\"https:\/\/www.pricepony.com.br\/blog\/galaxy-c7-pro-foi-visto-4-gb-de-ram\/\"]}]},{\"@type\":\"BreadcrumbList\",\"@id\":\"https:\/\/www.pricepony.com.br\/blog\/galaxy-c7-pro-foi-visto-4-gb-de-ram\/#breadcrumb\",\"itemListElement\":[{\"@type\":\"ListItem\",\"position\":1,\"item\":{\"@type\":\"WebPage\",\"@id\":\"https:\/\/www.pricepony.com.br\/blog\/\",\"url\":\"https:\/\/www.pricepony.com.br\/blog\/\",\"name\":\"In\\u00edcio\"}},{\"@type\":\"ListItem\",\"position\":2,\"item\":{\"@type\":\"WebPage\",\"@id\":\"https:\/\/www.pricepony.com.br\/blog\/galaxy-c7-pro-foi-visto-4-gb-de-ram\/\",\"url\":\"https:\/\/www.pricepony.com.br\/blog\/galaxy-c7-pro-foi-visto-4-gb-de-ram\/\",\"name\":\"Galaxy C7 Pro foi visto: 4 GB de RAM\"}}]},{\"@type\":\"Person\",\"@id\":\"https:\/\/www.pricepony.com.br\/blog\/#\/schema\/person\/c338807e08d2e0642a2680633342a0b6\",\"name\":\"Chris Eilers\",\"image\":{\"@type\":\"ImageObject\",\"@id\":\"https:\/\/www.pricepony.com.br\/blog\/#personlogo\",\"inLanguage\":\"pt-BR\",\"url\":\"https:\/\/secure.gravatar.com\/avatar\/83e51b46626e1e91aba06adcb3bf3473?s=96&d=mm&r=g\",\"caption\":\"Chris Eilers\"},\"description\":\"Chris is an experienced Digital Marketer and Growth Hacker with work experience in Mckinsey Germany and Rocket Internet Asia. He is the CEO of Oizoioi Malaysia and actively engaged in the Startup Scene in South East Asia.\"}]}<\/script>\n<!-- \/ Yoast SEO plugin. -->","_links":{"self":[{"href":"https:\/\/www.pricepony.com.br\/blog\/wp-json\/wp\/v2\/posts\/17130"}],"collection":[{"href":"https:\/\/www.pricepony.com.br\/blog\/wp-json\/wp\/v2\/posts"}],"about":[{"href":"https:\/\/www.pricepony.com.br\/blog\/wp-json\/wp\/v2\/types\/post"}],"author":[{"embeddable":true,"href":"https:\/\/www.pricepony.com.br\/blog\/wp-json\/wp\/v2\/users\/1"}],"replies":[{"embeddable":true,"href":"https:\/\/www.pricepony.com.br\/blog\/wp-json\/wp\/v2\/comments?post=17130"}],"version-history":[{"count":0,"href":"https:\/\/www.pricepony.com.br\/blog\/wp-json\/wp\/v2\/posts\/17130\/revisions"}],"wp:featuredmedia":[{"embeddable":true,"href":"https:\/\/www.pricepony.com.br\/blog\/wp-json\/wp\/v2\/media\/17131"}],"wp:attachment":[{"href":"https:\/\/www.pricepony.com.br\/blog\/wp-json\/wp\/v2\/media?parent=17130"}],"wp:term":[{"taxonomy":"category","embeddable":true,"href":"https:\/\/www.pricepony.com.br\/blog\/wp-json\/wp\/v2\/categories?post=17130"},{"taxonomy":"post_tag","embeddable":true,"href":"https:\/\/www.pricepony.com.br\/blog\/wp-json\/wp\/v2\/tags?post=17130"}],"curies":[{"name":"wp","href":"https:\/\/api.w.org\/{rel}","templated":true}]}}