{"id":16418,"date":"2016-09-11T07:34:18","date_gmt":"2016-09-11T07:34:18","guid":{"rendered":"http:\/\/www.pricepony.com.br\/blog\/?p=16418"},"modified":"2016-09-11T07:34:18","modified_gmt":"2016-09-11T07:34:18","slug":"pontuacao-do-leeco-le-pro-3-no-antutu-sera-um-monstro-se-mostrando","status":"publish","type":"post","link":"https:\/\/www.pricepony.com.br\/blog\/pontuacao-do-leeco-le-pro-3-no-antutu-sera-um-monstro-se-mostrando\/","title":{"rendered":"Pontua\u00e7\u00e3o do LeEco Le Pro 3 no Antutu: ser\u00e1 um monstro se mostrando?"},"content":{"rendered":"<p><strong>Parece que a LeEco est\u00e1 com planos arrojados. Recentemente, foi vazada uma imagem de screenshot do Antutu, e o dispositivo em quest\u00e3o \u00e9 da LeEco, presumidamente, o LeEco Le Pro 3, e obteve uma pontua\u00e7\u00e3o maior que o OnePlus 3, que liderou a classifica\u00e7\u00e3o Antutu no primeiro semestre do ano! Vamos dar uma olhada no que a marca est\u00e1 preparando para n\u00f3s com esse dispositivo!<\/strong><\/p><div style=\"float: none; display: block; margin: 0 -10px; text-align: center;\"><!-- Top Banner PH NEW -->\n                        <ins class=\"adsbygoogle\"\n                             style=\"display:inline-block;width:728px;height:90px\"\n                             data-ad-client=\"ca-pub-4796993490224996\"\n                             data-ad-slot=\"9195989669\"><\/ins>\n                        <script>(adsbygoogle = window.adsbygoogle || []).push({});<\/script><\/div><\/p>\n<p><img decoding=\"async\" class=\"aligncenter size-full wp-image-24038\" src=\"data:image\/gif;base64,R0lGODlhAQABAIAAAAAAAP\/\/\/yH5BAEAAAAALAAAAAABAAEAAAIBRAA7\" data-src=\"http:\/\/www.pricepony.com.ph\/blog\/wp-content\/uploads\/2016\/09\/LeEco-Le-Pro-3-AnTuTu-e1472622338904.jpg\" alt=\"LeEco-Le-Pro-3-AnTuTu-e1472622338904\" width=\"508\" height=\"250\" \/ \/><\/p>\n<h3><strong>Dados t\u00e9cnicos do LeEco Le Pro 3: 8GB de RAM? <\/strong><\/h3>\n<p>Como acabamos de mencionar, a pontua\u00e7\u00e3o deste novo dispositivo no Antutu \u00e9 alt\u00edssima, especificamente 163.546 pontos, ainda maior do que o artilheiro do gr\u00e1fico para o primeiro semestre do ano, o OnePlus 3 (que obteve 140.288). Isto significa que este dispositivo vai ser um monstro em termos de desempenho. Sugere-se que este novo dispositivo da LeEco seja o LeEco Le Pro 3. No entanto, tamb\u00e9m h\u00e1 relatos da LeEco de que um Le Pro 2s surja em breve. Ambos parecem ser alimentados por um chipset Qualcomm Snapdragon 821, portanto, ou eles s\u00e3o na verdade o mesmo dispositivo, ou a marca est\u00e1 preparando dois dispositivos com pequenas varia\u00e7\u00f5es entre si. Por ora, vamos cham\u00e1-lo de Le Pro 3.<\/p>\n<!-- Quick Adsense WordPress Plugin: http:\/\/quickadsense.com\/ -->\n<div class=\"715bb7587c5240ca50b41debac6fc6bc\" data-index=\"2\" style=\"float: none; margin:10px 0 10px 0; text-align:center;\">\n<!-- BR Middle -->\r\n<ins class=\"adsbygoogle\"\r\n     style=\"display:inline-block;width:336px;height:280px\"\r\n     data-ad-client=\"ca-pub-4796993490224996\"\r\n     data-ad-slot=\"2407662860\"><\/ins>\r\n<script>\r\n(adsbygoogle = window.adsbygoogle || []).push({});\r\n<\/script>\n<\/div>\n\n<p>Os rumores sobre a mem\u00f3ria RAM tamb\u00e9m n\u00e3o s\u00e3o consistentes. De acordo com a fonte que vazou essa pontua\u00e7\u00e3o Antutu, o dispositivo (possivelmente LeEco Le Pro 3) vai embalar 6GB de RAM. Outros relat\u00f3rios anteriores sugeriram que este LeEco poderia vir com at\u00e9 8GB de RAM. Muitos de n\u00f3s podem considerar tal RAM um exagero para um smartphone. De qualquer maneira, com uma mem\u00f3ria RAM assim, este novo dispositivo da LeEco ser\u00e1 definitivamente um smartphone a se desejar!<\/p>\n<p><img decoding=\"async\" class=\"aligncenter size-full wp-image-24037\" src=\"data:image\/gif;base64,R0lGODlhAQABAIAAAAAAAP\/\/\/yH5BAEAAAAALAAAAAABAAEAAAIBRAA7\" data-src=\"http:\/\/www.pricepony.com.ph\/blog\/wp-content\/uploads\/2016\/09\/le-2s-leak-624x351-e1472622384358.jpg\" alt=\"le-2s-leak-624x351-e1472622384358\" width=\"444\" height=\"250\" \/ \/><\/p>\n<p>Ainda segundo boatos, outras especifica\u00e7\u00f5es do LeEco Le Pro 3 incluem 64 GB de armazenamento interno a bordo, c\u00e2mera principal de 16MP e um sensor frontal para selfie de 8MP. Claro, n\u00e3o devemos nos esquecer de considerar essa informa\u00e7\u00e3o como duvidosa, porque n\u00e3o h\u00e1 nenhuma maneira de verificar a fonte. O screenshot da pontua\u00e7\u00e3o Antutu mencionada foi postado no site chin\u00eas Weibo. Precisamos de declara\u00e7\u00f5es oficiais de LeEco para ter mais informa\u00e7\u00f5es sobre este dispositivo.<\/p>\n<h3><strong>LeEco Le Pro 3: especula\u00e7\u00f5es sobre pre\u00e7o e lan\u00e7amento <\/strong><\/h3>\n<p>A data de lan\u00e7amento do LeEco Le Pro 3 est\u00e1 prevista para ser em algum momento no pr\u00f3ximo m\u00eas. O pre\u00e7o do LeEco Le Pro 3 tamb\u00e9m \u00e9 desconhecido, mas podemos esperar que vai ser um pouco maior do que o do Le 2 Pro (US$ 249,99 ou R$ 1595) se as atualiza\u00e7\u00f5es forem verdadeiras. Esperamos que ele custe cerca de US$ 300, ou R$ 1900, o que \u00e9 razo\u00e1vel para um smartphone t\u00e3o forte. Por enquanto, vamos apenas esperar por palavras oficiais da LeEco. Fique ligado com a gente para mais atualiza\u00e7\u00f5es!<\/p>\n\n<div style=\"font-size: 0px; height: 0px; line-height: 0px; margin: 0; padding: 0; clear: both;\"><\/div>","protected":false},"excerpt":{"rendered":"<p>Parece que a LeEco est\u00e1 com planos arrojados. Recentemente, foi vazada uma imagem de screenshot do Antutu, e o dispositivo em quest\u00e3o \u00e9 da LeEco, presumidamente, o LeEco Le Pro 3, e obteve uma pontua\u00e7\u00e3o maior que o OnePlus 3, que liderou a classifica\u00e7\u00e3o Antutu no primeiro semestre do ano! Vamos dar uma olhada no [&hellip;]<\/p>\n","protected":false},"author":1,"featured_media":16419,"comment_status":"open","ping_status":"open","sticky":false,"template":"","format":"standard","meta":[],"categories":[7],"tags":[211],"yoast_head":"<!-- This site is optimized with the Yoast SEO plugin v16.0.2 - https:\/\/yoast.com\/wordpress\/plugins\/seo\/ -->\n<title>Pontua\u00e7\u00e3o do LeEco Le Pro 3 no Antutu: ser\u00e1 um monstro se mostrando? - Price Pony<\/title>\n<meta name=\"description\" content=\"Parece que a LeEco est\u00e1 com planos arrojados. Recentemente, foi vazada uma imagem de screenshot do Antutu, e o dispositivo em quest\u00e3o \u00e9 da LeEco...\" \/>\n<link rel=\"canonical\" href=\"https:\/\/www.pricepony.com.br\/blog\/pontuacao-do-leeco-le-pro-3-no-antutu-sera-um-monstro-se-mostrando\/\" \/>\n<meta property=\"og:locale\" content=\"pt_BR\" \/>\n<meta property=\"og:type\" content=\"article\" \/>\n<meta property=\"og:title\" content=\"Pontua\u00e7\u00e3o do LeEco Le Pro 3 no Antutu: ser\u00e1 um monstro se mostrando? - Price Pony\" \/>\n<meta property=\"og:description\" content=\"Parece que a LeEco est\u00e1 com planos arrojados. Recentemente, foi vazada uma imagem de screenshot do Antutu, e o dispositivo em quest\u00e3o \u00e9 da LeEco...\" \/>\n<meta property=\"og:url\" content=\"https:\/\/www.pricepony.com.br\/blog\/pontuacao-do-leeco-le-pro-3-no-antutu-sera-um-monstro-se-mostrando\/\" \/>\n<meta property=\"og:site_name\" content=\"Price Pony\" \/>\n<meta property=\"article:published_time\" content=\"2016-09-11T07:34:18+00:00\" \/>\n<meta property=\"og:image\" content=\"https:\/\/www.pricepony.com.br\/blog\/wp-content\/uploads\/2016\/09\/le-2s-leak-624x351-e1472622384358.jpg\" \/>\n\t<meta property=\"og:image:width\" content=\"444\" \/>\n\t<meta property=\"og:image:height\" content=\"250\" \/>\n<meta name=\"twitter:card\" content=\"summary\" \/>\n<meta name=\"twitter:label1\" content=\"Est. tempo de leitura\">\n\t<meta name=\"twitter:data1\" content=\"2 minutos\">\n<script type=\"application\/ld+json\" class=\"yoast-schema-graph\">{\"@context\":\"https:\/\/schema.org\",\"@graph\":[{\"@type\":\"WebSite\",\"@id\":\"https:\/\/www.pricepony.com.br\/blog\/#website\",\"url\":\"https:\/\/www.pricepony.com.br\/blog\/\",\"name\":\"Price Pony\",\"description\":\"www.pricepony.com.br\",\"potentialAction\":[{\"@type\":\"SearchAction\",\"target\":\"https:\/\/www.pricepony.com.br\/blog\/?s={search_term_string}\",\"query-input\":\"required name=search_term_string\"}],\"inLanguage\":\"pt-BR\"},{\"@type\":\"ImageObject\",\"@id\":\"https:\/\/www.pricepony.com.br\/blog\/pontuacao-do-leeco-le-pro-3-no-antutu-sera-um-monstro-se-mostrando\/#primaryimage\",\"inLanguage\":\"pt-BR\",\"url\":\"https:\/\/www.pricepony.com.br\/blog\/wp-content\/uploads\/2016\/09\/le-2s-leak-624x351-e1472622384358.jpg\",\"width\":444,\"height\":250},{\"@type\":\"WebPage\",\"@id\":\"https:\/\/www.pricepony.com.br\/blog\/pontuacao-do-leeco-le-pro-3-no-antutu-sera-um-monstro-se-mostrando\/#webpage\",\"url\":\"https:\/\/www.pricepony.com.br\/blog\/pontuacao-do-leeco-le-pro-3-no-antutu-sera-um-monstro-se-mostrando\/\",\"name\":\"Pontua\\u00e7\\u00e3o do LeEco Le Pro 3 no Antutu: ser\\u00e1 um monstro se mostrando? - Price Pony\",\"isPartOf\":{\"@id\":\"https:\/\/www.pricepony.com.br\/blog\/#website\"},\"primaryImageOfPage\":{\"@id\":\"https:\/\/www.pricepony.com.br\/blog\/pontuacao-do-leeco-le-pro-3-no-antutu-sera-um-monstro-se-mostrando\/#primaryimage\"},\"datePublished\":\"2016-09-11T07:34:18+00:00\",\"dateModified\":\"2016-09-11T07:34:18+00:00\",\"author\":{\"@id\":\"https:\/\/www.pricepony.com.br\/blog\/#\/schema\/person\/c338807e08d2e0642a2680633342a0b6\"},\"description\":\"Parece que a LeEco est\\u00e1 com planos arrojados. Recentemente, foi vazada uma imagem de screenshot do Antutu, e o dispositivo em quest\\u00e3o \\u00e9 da LeEco...\",\"breadcrumb\":{\"@id\":\"https:\/\/www.pricepony.com.br\/blog\/pontuacao-do-leeco-le-pro-3-no-antutu-sera-um-monstro-se-mostrando\/#breadcrumb\"},\"inLanguage\":\"pt-BR\",\"potentialAction\":[{\"@type\":\"ReadAction\",\"target\":[\"https:\/\/www.pricepony.com.br\/blog\/pontuacao-do-leeco-le-pro-3-no-antutu-sera-um-monstro-se-mostrando\/\"]}]},{\"@type\":\"BreadcrumbList\",\"@id\":\"https:\/\/www.pricepony.com.br\/blog\/pontuacao-do-leeco-le-pro-3-no-antutu-sera-um-monstro-se-mostrando\/#breadcrumb\",\"itemListElement\":[{\"@type\":\"ListItem\",\"position\":1,\"item\":{\"@type\":\"WebPage\",\"@id\":\"https:\/\/www.pricepony.com.br\/blog\/\",\"url\":\"https:\/\/www.pricepony.com.br\/blog\/\",\"name\":\"In\\u00edcio\"}},{\"@type\":\"ListItem\",\"position\":2,\"item\":{\"@type\":\"WebPage\",\"@id\":\"https:\/\/www.pricepony.com.br\/blog\/pontuacao-do-leeco-le-pro-3-no-antutu-sera-um-monstro-se-mostrando\/\",\"url\":\"https:\/\/www.pricepony.com.br\/blog\/pontuacao-do-leeco-le-pro-3-no-antutu-sera-um-monstro-se-mostrando\/\",\"name\":\"Pontua\\u00e7\\u00e3o do LeEco Le Pro 3 no Antutu: ser\\u00e1 um monstro se mostrando?\"}}]},{\"@type\":\"Person\",\"@id\":\"https:\/\/www.pricepony.com.br\/blog\/#\/schema\/person\/c338807e08d2e0642a2680633342a0b6\",\"name\":\"Chris Eilers\",\"image\":{\"@type\":\"ImageObject\",\"@id\":\"https:\/\/www.pricepony.com.br\/blog\/#personlogo\",\"inLanguage\":\"pt-BR\",\"url\":\"https:\/\/secure.gravatar.com\/avatar\/83e51b46626e1e91aba06adcb3bf3473?s=96&d=mm&r=g\",\"caption\":\"Chris Eilers\"},\"description\":\"Chris is an experienced Digital Marketer and Growth Hacker with work experience in Mckinsey Germany and Rocket Internet Asia. He is the CEO of Oizoioi Malaysia and actively engaged in the Startup Scene in South East Asia.\"}]}<\/script>\n<!-- \/ Yoast SEO plugin. -->","_links":{"self":[{"href":"https:\/\/www.pricepony.com.br\/blog\/wp-json\/wp\/v2\/posts\/16418"}],"collection":[{"href":"https:\/\/www.pricepony.com.br\/blog\/wp-json\/wp\/v2\/posts"}],"about":[{"href":"https:\/\/www.pricepony.com.br\/blog\/wp-json\/wp\/v2\/types\/post"}],"author":[{"embeddable":true,"href":"https:\/\/www.pricepony.com.br\/blog\/wp-json\/wp\/v2\/users\/1"}],"replies":[{"embeddable":true,"href":"https:\/\/www.pricepony.com.br\/blog\/wp-json\/wp\/v2\/comments?post=16418"}],"version-history":[{"count":0,"href":"https:\/\/www.pricepony.com.br\/blog\/wp-json\/wp\/v2\/posts\/16418\/revisions"}],"wp:featuredmedia":[{"embeddable":true,"href":"https:\/\/www.pricepony.com.br\/blog\/wp-json\/wp\/v2\/media\/16419"}],"wp:attachment":[{"href":"https:\/\/www.pricepony.com.br\/blog\/wp-json\/wp\/v2\/media?parent=16418"}],"wp:term":[{"taxonomy":"category","embeddable":true,"href":"https:\/\/www.pricepony.com.br\/blog\/wp-json\/wp\/v2\/categories?post=16418"},{"taxonomy":"post_tag","embeddable":true,"href":"https:\/\/www.pricepony.com.br\/blog\/wp-json\/wp\/v2\/tags?post=16418"}],"curies":[{"name":"wp","href":"https:\/\/api.w.org\/{rel}","templated":true}]}}