{"id":16208,"date":"2016-08-18T16:56:27","date_gmt":"2016-08-18T16:56:27","guid":{"rendered":"http:\/\/www.pricepony.com.br\/blog\/?p=16208"},"modified":"2016-08-18T16:56:27","modified_gmt":"2016-08-18T16:56:27","slug":"asus-zenpad-3-lancado-7-9-polegadas-4-gb-de-ram-e","status":"publish","type":"post","link":"https:\/\/www.pricepony.com.br\/blog\/asus-zenpad-3-lancado-7-9-polegadas-4-gb-de-ram-e\/","title":{"rendered":"Asus ZenPad 3 lan\u00e7ado: 7.9 polegadas, 4 GB de RAM, e &#8230;"},"content":{"rendered":"<p><strong>A marca da Asus est\u00e1 de volta com um novo tablet maravilhoso chamado de Asus ZenPad 3 8.0. Este dispositivo suporta recursos top de linhas, incluindo uma tela de exposi\u00e7\u00e3o com 7,9 polegadas 2K, juntamente com &#8230;.<\/strong><\/p><div style=\"float: none; display: block; margin: 0 -10px; text-align: center;\"><!-- Top Banner PH NEW -->\n                        <ins class=\"adsbygoogle\"\n                             style=\"display:inline-block;width:728px;height:90px\"\n                             data-ad-client=\"ca-pub-4796993490224996\"\n                             data-ad-slot=\"9195989669\"><\/ins>\n                        <script>(adsbygoogle = window.adsbygoogle || []).push({});<\/script><\/div><\/p>\n<p><img decoding=\"async\" class=\"aligncenter wp-image-25262\" src=\"data:image\/gif;base64,R0lGODlhAQABAIAAAAAAAP\/\/\/yH5BAEAAAAALAAAAAABAAEAAAIBRAA7\" data-src=\"http:\/\/www.pricepony.com.my\/blog\/wp-content\/uploads\/2016\/08\/zenpad-22.jpg\" alt=\"Asus ZenPad 3 8.0 launch in 2016 with high-end features\" width=\"484\" height=\"250\" \/ \/><\/p>\n<h3><strong>Especifica\u00e7\u00f5es do Asus ZenPad 3 8.0 foram reveladas: 7.9 polegadas IPS LED, 4 GB de RAM<\/strong><\/h3>\n<p>Voc\u00ea pode pensar que o\u00a0 Asus ZenPad 3 8.0 vai suportar uma tela de exibi\u00e7\u00e3o de 8,0 polegadas como o seu nome, mas na verdade, h\u00e1 7,9 polegadas sobre este dispositivo. Esta tela oferece uma resolu\u00e7\u00e3o de 2048 x 1536p (324ppi) com tecnologia IPS LED. Assim, a empresa pretende aumentar a qualidade do contraste da imagem, bem como a nitidez. Como o Asus ZenPad Z8 de junho, o Asus Zenfone 3 8.0 \u00e9 voltado para o segmento de telefones top de linha, mas com um hardware mais forte. Ent\u00e3o, vamos dar outras especifica\u00e7\u00f5es sobre o Asus ZenPad 3 8,0.<\/p>\n<p>O conjunto de processadores presente \u00e9 o Qualcomm Snapdragon 650 hexa-core. Especificamente, este conjunto hexa-core inclue um n\u00facleo Cortex-A72, quatro Cortex-A53s e Adreno 510 de processador gr\u00e1fico. Desta vez, a Asus mostra o seu dispositivo em duas vers\u00f5es de RAM: 2 GB e 4 GB. Enquanto isso, o tablet antigo da Asus- o Z8 fica apenas a vers\u00e3o de 2 GB. Os usu\u00e1rios tamb\u00e9m t\u00eam duas op\u00e7\u00f5es de armazenamento: 16 GB e 32 GB e todos eles s\u00e3o expans\u00edveis. Al\u00e9m disso, voc\u00ea tem 5 GB de armazenamento Web da Asus e 100 GB de armazenamento gratuito no Google Drive por dois anos.<\/p>\n<!-- Quick Adsense WordPress Plugin: http:\/\/quickadsense.com\/ -->\n<div class=\"715bb7587c5240ca50b41debac6fc6bc\" data-index=\"2\" style=\"float: none; margin:10px 0 10px 0; text-align:center;\">\n<!-- BR Middle -->\r\n<ins class=\"adsbygoogle\"\r\n     style=\"display:inline-block;width:336px;height:280px\"\r\n     data-ad-client=\"ca-pub-4796993490224996\"\r\n     data-ad-slot=\"2407662860\"><\/ins>\r\n<script>\r\n(adsbygoogle = window.adsbygoogle || []).push({});\r\n<\/script>\n<\/div>\n\n<p><img decoding=\"async\" class=\"aligncenter wp-image-25260\" src=\"data:image\/gif;base64,R0lGODlhAQABAIAAAAAAAP\/\/\/yH5BAEAAAAALAAAAAABAAEAAAIBRAA7\" data-src=\"http:\/\/www.pricepony.com.my\/blog\/wp-content\/uploads\/2016\/08\/asus-zenpad.jpg\" alt=\"Asus ZenPad 3 lan\u00e7ado\" width=\"457\" height=\"250\" \/ \/><\/p>\n<p>A empresa acrescentou algumas caracter\u00edsticas atraentes para este tablet tamb\u00e9m. H\u00e1 um alto-falante DTS HD Premium de \u00e1udio, juntamente com a transfer\u00eancia de dados pela porta tipo C e de carregamento USB. Especialmente, h\u00e1 uma enorme bateria com 4,680 mAh para entregar at\u00e9 11 horas de tempo de uso. Para a fotografia, voc\u00ea tem uma combina\u00e7\u00e3o com 8 MP na parte traseira e 2 MP na parte frontal.<\/p>\n<h3><strong>Asus Zenpad 3 8.0 pre\u00e7o e disponibilidade<\/strong><\/h3>\n<p>O pre\u00e7o do Asus ZenPad 3 8.0 ainda n\u00e3o foi finalizado, mas este dispositivo poderia ser mais caro que o seu antecessor- o ZenPad Z8. O pre\u00e7o do Z8 diminuiu para US $ 149,99 (cerca de R$ 933,60). Considerando todas as especifica\u00e7\u00f5es acima, o pre\u00e7o do Asus ZenPad 3 8.0 dever\u00e1 variar em US $ 249,99 (algo em torno de R$ 1556,04). Isso ainda \u00e9 um pre\u00e7o acess\u00edvel, certo? Al\u00e9m disso, este tablet da Asus est\u00e1 agora dispon\u00edvel na Amazon, ent\u00e3o voc\u00ea j\u00e1 est\u00e1 pronto para trazer este dispositivo para casa?<\/p>\n\n<div style=\"font-size: 0px; height: 0px; line-height: 0px; margin: 0; padding: 0; clear: both;\"><\/div>","protected":false},"excerpt":{"rendered":"<p>A marca da Asus est\u00e1 de volta com um novo tablet maravilhoso chamado de Asus ZenPad 3 8.0. Este dispositivo suporta recursos top de linhas, incluindo uma tela de exposi\u00e7\u00e3o com 7,9 polegadas 2K, juntamente com &#8230;. Especifica\u00e7\u00f5es do Asus ZenPad 3 8.0 foram reveladas: 7.9 polegadas IPS LED, 4 GB de RAM Voc\u00ea pode [&hellip;]<\/p>\n","protected":false},"author":1,"featured_media":16209,"comment_status":"open","ping_status":"open","sticky":false,"template":"","format":"standard","meta":[],"categories":[7],"tags":[156,74],"yoast_head":"<!-- This site is optimized with the Yoast SEO plugin v16.0.2 - https:\/\/yoast.com\/wordpress\/plugins\/seo\/ -->\n<title>Asus ZenPad 3 lan\u00e7ado: 7.9 polegadas, 4 GB de RAM, e ... - Price Pony<\/title>\n<meta name=\"description\" content=\"A marca da Asus est\u00e1 de volta com um novo tablet maravilhoso chamado de Asus ZenPad 3 8.0. Este dispositivo suporta recursos top... Asus ZenPad 3 lan\u00e7ado...\" \/>\n<link rel=\"canonical\" href=\"https:\/\/www.pricepony.com.br\/blog\/asus-zenpad-3-lancado-7-9-polegadas-4-gb-de-ram-e\/\" \/>\n<meta property=\"og:locale\" content=\"pt_BR\" \/>\n<meta property=\"og:type\" content=\"article\" \/>\n<meta property=\"og:title\" content=\"Asus ZenPad 3 lan\u00e7ado: 7.9 polegadas, 4 GB de RAM, e ... - Price Pony\" \/>\n<meta property=\"og:description\" content=\"A marca da Asus est\u00e1 de volta com um novo tablet maravilhoso chamado de Asus ZenPad 3 8.0. Este dispositivo suporta recursos top... Asus ZenPad 3 lan\u00e7ado...\" \/>\n<meta property=\"og:url\" content=\"https:\/\/www.pricepony.com.br\/blog\/asus-zenpad-3-lancado-7-9-polegadas-4-gb-de-ram-e\/\" \/>\n<meta property=\"og:site_name\" content=\"Price Pony\" \/>\n<meta property=\"article:published_time\" content=\"2016-08-18T16:56:27+00:00\" \/>\n<meta property=\"og:image\" content=\"https:\/\/www.pricepony.com.br\/blog\/wp-content\/uploads\/2016\/08\/zenpad-22.jpg\" \/>\n\t<meta property=\"og:image:width\" content=\"1200\" \/>\n\t<meta property=\"og:image:height\" content=\"620\" \/>\n<meta name=\"twitter:card\" content=\"summary\" \/>\n<meta name=\"twitter:label1\" content=\"Est. tempo de leitura\">\n\t<meta name=\"twitter:data1\" content=\"2 minutos\">\n<script type=\"application\/ld+json\" class=\"yoast-schema-graph\">{\"@context\":\"https:\/\/schema.org\",\"@graph\":[{\"@type\":\"WebSite\",\"@id\":\"https:\/\/www.pricepony.com.br\/blog\/#website\",\"url\":\"https:\/\/www.pricepony.com.br\/blog\/\",\"name\":\"Price Pony\",\"description\":\"www.pricepony.com.br\",\"potentialAction\":[{\"@type\":\"SearchAction\",\"target\":\"https:\/\/www.pricepony.com.br\/blog\/?s={search_term_string}\",\"query-input\":\"required name=search_term_string\"}],\"inLanguage\":\"pt-BR\"},{\"@type\":\"ImageObject\",\"@id\":\"https:\/\/www.pricepony.com.br\/blog\/asus-zenpad-3-lancado-7-9-polegadas-4-gb-de-ram-e\/#primaryimage\",\"inLanguage\":\"pt-BR\",\"url\":\"https:\/\/www.pricepony.com.br\/blog\/wp-content\/uploads\/2016\/08\/zenpad-22.jpg\",\"width\":1200,\"height\":620},{\"@type\":\"WebPage\",\"@id\":\"https:\/\/www.pricepony.com.br\/blog\/asus-zenpad-3-lancado-7-9-polegadas-4-gb-de-ram-e\/#webpage\",\"url\":\"https:\/\/www.pricepony.com.br\/blog\/asus-zenpad-3-lancado-7-9-polegadas-4-gb-de-ram-e\/\",\"name\":\"Asus ZenPad 3 lan\\u00e7ado: 7.9 polegadas, 4 GB de RAM, e ... - Price Pony\",\"isPartOf\":{\"@id\":\"https:\/\/www.pricepony.com.br\/blog\/#website\"},\"primaryImageOfPage\":{\"@id\":\"https:\/\/www.pricepony.com.br\/blog\/asus-zenpad-3-lancado-7-9-polegadas-4-gb-de-ram-e\/#primaryimage\"},\"datePublished\":\"2016-08-18T16:56:27+00:00\",\"dateModified\":\"2016-08-18T16:56:27+00:00\",\"author\":{\"@id\":\"https:\/\/www.pricepony.com.br\/blog\/#\/schema\/person\/c338807e08d2e0642a2680633342a0b6\"},\"description\":\"A marca da Asus est\\u00e1 de volta com um novo tablet maravilhoso chamado de Asus ZenPad 3 8.0. Este dispositivo suporta recursos top... Asus ZenPad 3 lan\\u00e7ado...\",\"breadcrumb\":{\"@id\":\"https:\/\/www.pricepony.com.br\/blog\/asus-zenpad-3-lancado-7-9-polegadas-4-gb-de-ram-e\/#breadcrumb\"},\"inLanguage\":\"pt-BR\",\"potentialAction\":[{\"@type\":\"ReadAction\",\"target\":[\"https:\/\/www.pricepony.com.br\/blog\/asus-zenpad-3-lancado-7-9-polegadas-4-gb-de-ram-e\/\"]}]},{\"@type\":\"BreadcrumbList\",\"@id\":\"https:\/\/www.pricepony.com.br\/blog\/asus-zenpad-3-lancado-7-9-polegadas-4-gb-de-ram-e\/#breadcrumb\",\"itemListElement\":[{\"@type\":\"ListItem\",\"position\":1,\"item\":{\"@type\":\"WebPage\",\"@id\":\"https:\/\/www.pricepony.com.br\/blog\/\",\"url\":\"https:\/\/www.pricepony.com.br\/blog\/\",\"name\":\"In\\u00edcio\"}},{\"@type\":\"ListItem\",\"position\":2,\"item\":{\"@type\":\"WebPage\",\"@id\":\"https:\/\/www.pricepony.com.br\/blog\/asus-zenpad-3-lancado-7-9-polegadas-4-gb-de-ram-e\/\",\"url\":\"https:\/\/www.pricepony.com.br\/blog\/asus-zenpad-3-lancado-7-9-polegadas-4-gb-de-ram-e\/\",\"name\":\"Asus ZenPad 3 lan\\u00e7ado: 7.9 polegadas, 4 GB de RAM, e &#8230;\"}}]},{\"@type\":\"Person\",\"@id\":\"https:\/\/www.pricepony.com.br\/blog\/#\/schema\/person\/c338807e08d2e0642a2680633342a0b6\",\"name\":\"Chris Eilers\",\"image\":{\"@type\":\"ImageObject\",\"@id\":\"https:\/\/www.pricepony.com.br\/blog\/#personlogo\",\"inLanguage\":\"pt-BR\",\"url\":\"https:\/\/secure.gravatar.com\/avatar\/83e51b46626e1e91aba06adcb3bf3473?s=96&d=mm&r=g\",\"caption\":\"Chris Eilers\"},\"description\":\"Chris is an experienced Digital Marketer and Growth Hacker with work experience in Mckinsey Germany and Rocket Internet Asia. He is the CEO of Oizoioi Malaysia and actively engaged in the Startup Scene in South East Asia.\"}]}<\/script>\n<!-- \/ Yoast SEO plugin. -->","_links":{"self":[{"href":"https:\/\/www.pricepony.com.br\/blog\/wp-json\/wp\/v2\/posts\/16208"}],"collection":[{"href":"https:\/\/www.pricepony.com.br\/blog\/wp-json\/wp\/v2\/posts"}],"about":[{"href":"https:\/\/www.pricepony.com.br\/blog\/wp-json\/wp\/v2\/types\/post"}],"author":[{"embeddable":true,"href":"https:\/\/www.pricepony.com.br\/blog\/wp-json\/wp\/v2\/users\/1"}],"replies":[{"embeddable":true,"href":"https:\/\/www.pricepony.com.br\/blog\/wp-json\/wp\/v2\/comments?post=16208"}],"version-history":[{"count":0,"href":"https:\/\/www.pricepony.com.br\/blog\/wp-json\/wp\/v2\/posts\/16208\/revisions"}],"wp:featuredmedia":[{"embeddable":true,"href":"https:\/\/www.pricepony.com.br\/blog\/wp-json\/wp\/v2\/media\/16209"}],"wp:attachment":[{"href":"https:\/\/www.pricepony.com.br\/blog\/wp-json\/wp\/v2\/media?parent=16208"}],"wp:term":[{"taxonomy":"category","embeddable":true,"href":"https:\/\/www.pricepony.com.br\/blog\/wp-json\/wp\/v2\/categories?post=16208"},{"taxonomy":"post_tag","embeddable":true,"href":"https:\/\/www.pricepony.com.br\/blog\/wp-json\/wp\/v2\/tags?post=16208"}],"curies":[{"name":"wp","href":"https:\/\/api.w.org\/{rel}","templated":true}]}}