{"id":15791,"date":"2016-06-22T04:08:04","date_gmt":"2016-06-22T04:08:04","guid":{"rendered":"http:\/\/www.pricepony.com.br\/blog\/?p=15791"},"modified":"2016-06-22T04:08:04","modified_gmt":"2016-06-22T04:08:04","slug":"galaxy-note-7-tem-seu-lancamento-revelado-6gb-de-ram-camera-de-12mp","status":"publish","type":"post","link":"https:\/\/www.pricepony.com.br\/blog\/galaxy-note-7-tem-seu-lancamento-revelado-6gb-de-ram-camera-de-12mp\/","title":{"rendered":"Galaxy Note 7 tem seu lan\u00e7amento revelado: 6GB de RAM, c\u00e2mera de 12MP"},"content":{"rendered":"<p><strong>O lan\u00e7amento do Galaxy Note 7 est\u00e1 se aproximando. Uma carta de convite para o evento da estreia foi vazada online. De acordo com essa carta, haver\u00e1 mais um Note 7 \u2013 o Galaxy Note 7 Edge. <\/strong><\/p><div style=\"float: none; display: block; margin: 0 -10px; text-align: center;\"><!-- Top Banner PH NEW -->\n                        <ins class=\"adsbygoogle\"\n                             style=\"display:inline-block;width:728px;height:90px\"\n                             data-ad-client=\"ca-pub-4796993490224996\"\n                             data-ad-slot=\"9195989669\"><\/ins>\n                        <script>(adsbygoogle = window.adsbygoogle || []).push({});<\/script><\/div><\/p>\n<p><img decoding=\"async\" class=\"aligncenter wp-image-17719\" src=\"data:image\/gif;base64,R0lGODlhAQABAIAAAAAAAP\/\/\/yH5BAEAAAAALAAAAAABAAEAAAIBRAA7\" data-src=\"http:\/\/www.pricepony.com.ph\/blog\/wp-content\/uploads\/2016\/06\/samsung-galaxy-note-6.jpg\" alt=\"Samsung Galaxy Note 7\" width=\"463\" height=\"250\" \/ \/><\/p>\n<h3><strong>Lan\u00e7amento do Galaxy Note 7: O Note 7 Edge talvez esteja l\u00e1 tamb\u00e9m<\/strong><\/h3>\n<p>Recentemente, uma imagem do pr\u00f3ximo Galaxy Note da Samsung vazou na internet. De acordo com esta foto, a Samsung vai lan\u00e7ar o Note 7, em vez do Note 6. E este celular-tablet ter\u00e1 uma tela curvada. O lan\u00e7amento do Galaxy Note 7 estava previsto para ser na primeira semana de agosto. E agora, esta data de lan\u00e7amento est\u00e1 confirmada. Uma carta-convite para o lan\u00e7amento do Galaxy Note 7 acaba de ser vazada na internet.<\/p>\n<p>De acordo com esta carta, o evento de lan\u00e7amento ser\u00e1 no dia 2 de Agosto de 2016. Este evento ocorrer\u00e1 em Nova Iorque, EUA. E nesta carta convite, h\u00e1 o seguinte slogan \u201cThe next Edge is just around the corner &#8221; (\u201cO pr\u00f3ximo Edge est\u00e1 quase \u00e0 porta\u201d). Este pode ser o sinal de uma outra vers\u00e3o de tela curvada do Note 7. Esta \u00e9 a variante que eles costumam chamar Galaxy Note 7 Edge.<\/p>\n<!-- Quick Adsense WordPress Plugin: http:\/\/quickadsense.com\/ -->\n<div class=\"715bb7587c5240ca50b41debac6fc6bc\" data-index=\"2\" style=\"float: none; margin:10px 0 10px 0; text-align:center;\">\n<!-- BR Middle -->\r\n<ins class=\"adsbygoogle\"\r\n     style=\"display:inline-block;width:336px;height:280px\"\r\n     data-ad-client=\"ca-pub-4796993490224996\"\r\n     data-ad-slot=\"2407662860\"><\/ins>\r\n<script>\r\n(adsbygoogle = window.adsbygoogle || []).push({});\r\n<\/script>\n<\/div>\n\n<p><img decoding=\"async\" class=\"aligncenter wp-image-17706\" src=\"data:image\/gif;base64,R0lGODlhAQABAIAAAAAAAP\/\/\/yH5BAEAAAAALAAAAAABAAEAAAIBRAA7\" data-src=\"http:\/\/www.pricepony.com.ph\/blog\/wp-content\/uploads\/2016\/06\/galaxy-note-7-2.jpg\" alt=\"Galaxy Note 7 launch\" width=\"444\" height=\"250\" \/ \/><\/p>\n<p>Vamos recapitular os dados t\u00e9cnicos do Galaxy Note 7. O dispositivo ser\u00e1 alimentado por um Snapdragon 823 SoC com um CPU quad-core e um GPU Adreno 530. O aparelho vir\u00e1 com um a tela Super AMOLED Quad HD de 5,8 polegadas, juntamente com uma bateria de 4000mAh. H\u00e1 tamb\u00e9m uma RAM de 6GB, bem como sistema operacional Android 6.0.1 Marshmallow. A c\u00e2mera traseira \u00e9 de 12MP com um f\/1.7 de abertura.<\/p>\n<h3><strong>Lan\u00e7amento do Galaxy Note 7: falta um m\u00eas e meio <\/strong><\/h3>\n<p>Com este novo produto, a gigante coreana est\u00e1 planejando competir com a Apple. E n\u00e3o teremos de esperar mais muito tempo para ver este poderoso aparelho. Esperamos que, al\u00e9m dele, possamos ver tamb\u00e9m seu irm\u00e3o, Galaxy Note 7 Edge. Falta apenas um m\u00eas e meio para a estreia do pr\u00f3ximo carro-chefe da Samsung. Ent\u00e3o, sejamos pacientes!<\/p>\n\n<div style=\"font-size: 0px; height: 0px; line-height: 0px; margin: 0; padding: 0; clear: both;\"><\/div>","protected":false},"excerpt":{"rendered":"<p>O lan\u00e7amento do Galaxy Note 7 est\u00e1 se aproximando. Uma carta de convite para o evento da estreia foi vazada online. De acordo com essa carta, haver\u00e1 mais um Note 7 \u2013 o Galaxy Note 7 Edge. Lan\u00e7amento do Galaxy Note 7: O Note 7 Edge talvez esteja l\u00e1 tamb\u00e9m Recentemente, uma imagem do pr\u00f3ximo [&hellip;]<\/p>\n","protected":false},"author":1,"featured_media":15792,"comment_status":"open","ping_status":"open","sticky":false,"template":"","format":"standard","meta":[],"categories":[7],"tags":[166],"yoast_head":"<!-- This site is optimized with the Yoast SEO plugin v16.0.2 - https:\/\/yoast.com\/wordpress\/plugins\/seo\/ -->\n<title>Galaxy Note 7 tem seu lan\u00e7amento revelado: 6GB de RAM, c\u00e2mera de 12MP - Price Pony<\/title>\n<meta name=\"description\" content=\"O lan\u00e7amento do Galaxy Note 7 est\u00e1 se aproximando. Uma carta de convite para o evento da estreia foi vazada online. De acordo com essa carta, haver\u00e1 mais ...\" \/>\n<link rel=\"canonical\" href=\"https:\/\/www.pricepony.com.br\/blog\/galaxy-note-7-tem-seu-lancamento-revelado-6gb-de-ram-camera-de-12mp\/\" \/>\n<meta property=\"og:locale\" content=\"pt_BR\" \/>\n<meta property=\"og:type\" content=\"article\" \/>\n<meta property=\"og:title\" content=\"Galaxy Note 7 tem seu lan\u00e7amento revelado: 6GB de RAM, c\u00e2mera de 12MP - Price Pony\" \/>\n<meta property=\"og:description\" content=\"O lan\u00e7amento do Galaxy Note 7 est\u00e1 se aproximando. Uma carta de convite para o evento da estreia foi vazada online. De acordo com essa carta, haver\u00e1 mais ...\" \/>\n<meta property=\"og:url\" content=\"https:\/\/www.pricepony.com.br\/blog\/galaxy-note-7-tem-seu-lancamento-revelado-6gb-de-ram-camera-de-12mp\/\" \/>\n<meta property=\"og:site_name\" content=\"Price Pony\" \/>\n<meta property=\"article:published_time\" content=\"2016-06-22T04:08:04+00:00\" \/>\n<meta property=\"og:image\" content=\"https:\/\/www.pricepony.com.br\/blog\/wp-content\/uploads\/2016\/06\/samsung-galaxy-note-6.jpg\" \/>\n\t<meta property=\"og:image:width\" content=\"1000\" \/>\n\t<meta property=\"og:image:height\" content=\"540\" \/>\n<meta name=\"twitter:card\" content=\"summary\" \/>\n<meta name=\"twitter:label1\" content=\"Est. tempo de leitura\">\n\t<meta name=\"twitter:data1\" content=\"2 minutos\">\n<script type=\"application\/ld+json\" class=\"yoast-schema-graph\">{\"@context\":\"https:\/\/schema.org\",\"@graph\":[{\"@type\":\"WebSite\",\"@id\":\"https:\/\/www.pricepony.com.br\/blog\/#website\",\"url\":\"https:\/\/www.pricepony.com.br\/blog\/\",\"name\":\"Price Pony\",\"description\":\"www.pricepony.com.br\",\"potentialAction\":[{\"@type\":\"SearchAction\",\"target\":\"https:\/\/www.pricepony.com.br\/blog\/?s={search_term_string}\",\"query-input\":\"required name=search_term_string\"}],\"inLanguage\":\"pt-BR\"},{\"@type\":\"ImageObject\",\"@id\":\"https:\/\/www.pricepony.com.br\/blog\/galaxy-note-7-tem-seu-lancamento-revelado-6gb-de-ram-camera-de-12mp\/#primaryimage\",\"inLanguage\":\"pt-BR\",\"url\":\"https:\/\/www.pricepony.com.br\/blog\/wp-content\/uploads\/2016\/06\/samsung-galaxy-note-6.jpg\",\"width\":1000,\"height\":540},{\"@type\":\"WebPage\",\"@id\":\"https:\/\/www.pricepony.com.br\/blog\/galaxy-note-7-tem-seu-lancamento-revelado-6gb-de-ram-camera-de-12mp\/#webpage\",\"url\":\"https:\/\/www.pricepony.com.br\/blog\/galaxy-note-7-tem-seu-lancamento-revelado-6gb-de-ram-camera-de-12mp\/\",\"name\":\"Galaxy Note 7 tem seu lan\\u00e7amento revelado: 6GB de RAM, c\\u00e2mera de 12MP - Price Pony\",\"isPartOf\":{\"@id\":\"https:\/\/www.pricepony.com.br\/blog\/#website\"},\"primaryImageOfPage\":{\"@id\":\"https:\/\/www.pricepony.com.br\/blog\/galaxy-note-7-tem-seu-lancamento-revelado-6gb-de-ram-camera-de-12mp\/#primaryimage\"},\"datePublished\":\"2016-06-22T04:08:04+00:00\",\"dateModified\":\"2016-06-22T04:08:04+00:00\",\"author\":{\"@id\":\"https:\/\/www.pricepony.com.br\/blog\/#\/schema\/person\/c338807e08d2e0642a2680633342a0b6\"},\"description\":\"O lan\\u00e7amento do Galaxy Note 7 est\\u00e1 se aproximando. Uma carta de convite para o evento da estreia foi vazada online. De acordo com essa carta, haver\\u00e1 mais ...\",\"breadcrumb\":{\"@id\":\"https:\/\/www.pricepony.com.br\/blog\/galaxy-note-7-tem-seu-lancamento-revelado-6gb-de-ram-camera-de-12mp\/#breadcrumb\"},\"inLanguage\":\"pt-BR\",\"potentialAction\":[{\"@type\":\"ReadAction\",\"target\":[\"https:\/\/www.pricepony.com.br\/blog\/galaxy-note-7-tem-seu-lancamento-revelado-6gb-de-ram-camera-de-12mp\/\"]}]},{\"@type\":\"BreadcrumbList\",\"@id\":\"https:\/\/www.pricepony.com.br\/blog\/galaxy-note-7-tem-seu-lancamento-revelado-6gb-de-ram-camera-de-12mp\/#breadcrumb\",\"itemListElement\":[{\"@type\":\"ListItem\",\"position\":1,\"item\":{\"@type\":\"WebPage\",\"@id\":\"https:\/\/www.pricepony.com.br\/blog\/\",\"url\":\"https:\/\/www.pricepony.com.br\/blog\/\",\"name\":\"In\\u00edcio\"}},{\"@type\":\"ListItem\",\"position\":2,\"item\":{\"@type\":\"WebPage\",\"@id\":\"https:\/\/www.pricepony.com.br\/blog\/galaxy-note-7-tem-seu-lancamento-revelado-6gb-de-ram-camera-de-12mp\/\",\"url\":\"https:\/\/www.pricepony.com.br\/blog\/galaxy-note-7-tem-seu-lancamento-revelado-6gb-de-ram-camera-de-12mp\/\",\"name\":\"Galaxy Note 7 tem seu lan\\u00e7amento revelado: 6GB de RAM, c\\u00e2mera de 12MP\"}}]},{\"@type\":\"Person\",\"@id\":\"https:\/\/www.pricepony.com.br\/blog\/#\/schema\/person\/c338807e08d2e0642a2680633342a0b6\",\"name\":\"Chris Eilers\",\"image\":{\"@type\":\"ImageObject\",\"@id\":\"https:\/\/www.pricepony.com.br\/blog\/#personlogo\",\"inLanguage\":\"pt-BR\",\"url\":\"https:\/\/secure.gravatar.com\/avatar\/83e51b46626e1e91aba06adcb3bf3473?s=96&d=mm&r=g\",\"caption\":\"Chris Eilers\"},\"description\":\"Chris is an experienced Digital Marketer and Growth Hacker with work experience in Mckinsey Germany and Rocket Internet Asia. He is the CEO of Oizoioi Malaysia and actively engaged in the Startup Scene in South East Asia.\"}]}<\/script>\n<!-- \/ Yoast SEO plugin. -->","_links":{"self":[{"href":"https:\/\/www.pricepony.com.br\/blog\/wp-json\/wp\/v2\/posts\/15791"}],"collection":[{"href":"https:\/\/www.pricepony.com.br\/blog\/wp-json\/wp\/v2\/posts"}],"about":[{"href":"https:\/\/www.pricepony.com.br\/blog\/wp-json\/wp\/v2\/types\/post"}],"author":[{"embeddable":true,"href":"https:\/\/www.pricepony.com.br\/blog\/wp-json\/wp\/v2\/users\/1"}],"replies":[{"embeddable":true,"href":"https:\/\/www.pricepony.com.br\/blog\/wp-json\/wp\/v2\/comments?post=15791"}],"version-history":[{"count":0,"href":"https:\/\/www.pricepony.com.br\/blog\/wp-json\/wp\/v2\/posts\/15791\/revisions"}],"wp:featuredmedia":[{"embeddable":true,"href":"https:\/\/www.pricepony.com.br\/blog\/wp-json\/wp\/v2\/media\/15792"}],"wp:attachment":[{"href":"https:\/\/www.pricepony.com.br\/blog\/wp-json\/wp\/v2\/media?parent=15791"}],"wp:term":[{"taxonomy":"category","embeddable":true,"href":"https:\/\/www.pricepony.com.br\/blog\/wp-json\/wp\/v2\/categories?post=15791"},{"taxonomy":"post_tag","embeddable":true,"href":"https:\/\/www.pricepony.com.br\/blog\/wp-json\/wp\/v2\/tags?post=15791"}],"curies":[{"name":"wp","href":"https:\/\/api.w.org\/{rel}","templated":true}]}}