{"id":15559,"date":"2016-05-18T13:01:33","date_gmt":"2016-05-18T06:01:33","guid":{"rendered":"http:\/\/www.pricepony.com.br\/blog\/?p=15559"},"modified":"2016-05-18T13:02:05","modified_gmt":"2016-05-18T06:02:05","slug":"caracteristicas-do-asus-zenfone-3-6gb-de-ram-5-5-polegadas-e","status":"publish","type":"post","link":"https:\/\/www.pricepony.com.br\/blog\/caracteristicas-do-asus-zenfone-3-6gb-de-ram-5-5-polegadas-e\/","title":{"rendered":"Caracter\u00edsticas do Asus Zenfone 3: 6GB de RAM, 5.5 polegadas e &#8230;"},"content":{"rendered":"<p><strong>Conforme os recentes relat\u00f3rios, a Asus vai anuncioar uma s\u00e9rie de Asus Zenfone 3 no final de Maio. Em rela\u00e7\u00e3o as especifica\u00e7\u00f5es do Asus Zenfone 3, este \u00e9 o \u00faltimo smartphone da Asus que vai vir com uma tela de 5.5 HD, vers\u00e3o OS 6.0, tecnologia de realidade virtual e &#8230;<\/strong><\/p><div style=\"float: none; display: block; margin: 0 -10px; text-align: center;\"><!-- Top Banner PH NEW -->\n                        <ins class=\"adsbygoogle\"\n                             style=\"display:inline-block;width:728px;height:90px\"\n                             data-ad-client=\"ca-pub-4796993490224996\"\n                             data-ad-slot=\"9195989669\"><\/ins>\n                        <script>(adsbygoogle = window.adsbygoogle || []).push({});<\/script><\/div><\/p>\n<p><img decoding=\"async\" class=\"aligncenter wp-image-16223\" src=\"data:image\/gif;base64,R0lGODlhAQABAIAAAAAAAP\/\/\/yH5BAEAAAAALAAAAAABAAEAAAIBRAA7\" data-src=\"http:\/\/www.pricepony.com.ph\/blog\/wp-content\/uploads\/2016\/05\/asus-3.jpg\" alt=\"Caracter\u00edsticas do Asus Zenfone 3\" width=\"500\" height=\"250\" \/ \/><\/p>\n<h3><strong>Especifica\u00e7\u00f5es do Asus Zenfone 3 \u2013 a pr\u00f3xima gera\u00e7\u00e3o Zenfone<\/strong><\/h3>\n<p>J\u00e1 se passou mais de um ano desde que a Asus lan\u00e7ou a primeira gera\u00e7\u00e3o de Asus Zenfone 2, que tem muitas caracter\u00edsticas atraentes a um pre\u00e7o acess\u00edvel. Desde ent\u00e3o, n\u00e3o temos visto a Asus dizer muito sobre a nova gera\u00e7\u00e3o. Isso pode estar mudando! De acordo com uma informa\u00e7\u00e3o recente, a empresa de Taiwan vai realizar um evento no dia 30 de maio, e a maior possibilidade \u00e9 que o Asus Zenfone 3 seja revelado no evento. Vamos ver como as caracter\u00edsticas do Asus Zenfone 3 se parecem?<\/p>\n<p>De acordo com vazamentos recentes, as especifica\u00e7\u00f5s do Asus Zenfone 3 ir\u00e3o conter, pelo menos, 4 GB de RAM, 16 GB de armazenamento interno. Al\u00e9m disso, a vers\u00e3o 3 do Asus Zenfone premium pode vir com 6 GB de RAM. Al\u00e9m disso, a c\u00e2mera do Asus Zenfone 3 vem com 16MP na traseira e 8 MP na frontal. Quanto \u00e0 tela do Asus Zenfone 3, o dispositivo vir\u00e1 com pelo menos 5,5 polegadas IPS capacitiva LCD touchscreen, juntamente com alta resolu\u00e7\u00e3o (1440 x 2560 pixels). As especifica\u00e7\u00f5s do Asus Zenfone 3 tamb\u00e9m ter\u00e3o um leitor de impress\u00f5es digitais e a prote\u00e7\u00e3o Corning Gorilla Glass para proteger contra arranh\u00f5es.<\/p>\n<!-- Quick Adsense WordPress Plugin: http:\/\/quickadsense.com\/ -->\n<div class=\"715bb7587c5240ca50b41debac6fc6bc\" data-index=\"2\" style=\"float: none; margin:10px 0 10px 0; text-align:center;\">\n<!-- BR Middle -->\r\n<ins class=\"adsbygoogle\"\r\n     style=\"display:inline-block;width:336px;height:280px\"\r\n     data-ad-client=\"ca-pub-4796993490224996\"\r\n     data-ad-slot=\"2407662860\"><\/ins>\r\n<script>\r\n(adsbygoogle = window.adsbygoogle || []).push({});\r\n<\/script>\n<\/div>\n\n<p><img decoding=\"async\" class=\"aligncenter size-full wp-image-16224\" src=\"data:image\/gif;base64,R0lGODlhAQABAIAAAAAAAP\/\/\/yH5BAEAAAAALAAAAAABAAEAAAIBRAA7\" data-src=\"http:\/\/www.pricepony.com.ph\/blog\/wp-content\/uploads\/2016\/05\/asus-3-2.jpg\" alt=\"asus-3-2\" width=\"407\" height=\"250\" \/ \/><\/p>\n<p>Al\u00e9m de todas as especifica\u00e7\u00f5es acima do Asus Zenfone 3, o aparelho ser\u00e1 adicionado com algumas tecnologias mais recentes. A tecnologia de realidade virtual \u00e9 a mais recente e excelente tecnologia no mundo at\u00e9 agora. Ent\u00e3o, talvez a Asus ir\u00e1 mostrar algum tipo de ZenVR para combinar com o dispositivo do Asus Zenfone 3. O ZenVR trar\u00e1 a voc\u00ea a melhor sensa\u00e7\u00e3o ao assistir filmes ou jogar jogos<\/p>\n<h3><strong>Asus Zenfone 3: pre\u00e7o e data de lan\u00e7amento.<\/strong><\/h3>\n<p>O pre\u00e7o do Asus Zenfone 2 (4G de RAM, 62 GB de ROM) KL \u00e9 de US$ 344 (R$ 1204), por isso, podemos prever que o pre\u00e7o Asus Zenfone 3 ser\u00e1 na faixa de pre\u00e7o em torno de US$ 350 &#8211; US$ 400 (R$ 1225 &#8211; R$ 1400). Isso n\u00e3o \u00e9 um pre\u00e7o caro para todas as especifica\u00e7\u00f5es listadas acima do Asus Zenfone 3. Como o plano da Asus, a data de lan\u00e7amento Asus Zenfone 3 \u00e9 no final deste m\u00eas. Estamos \u00e0 espera para a pr\u00f3xima gera\u00e7\u00e3o Asus Zenfone. E voc\u00ea?<\/p>\n\n<div style=\"font-size: 0px; height: 0px; line-height: 0px; margin: 0; padding: 0; clear: both;\"><\/div>","protected":false},"excerpt":{"rendered":"<p>Conforme os recentes relat\u00f3rios, a Asus vai anuncioar uma s\u00e9rie de Asus Zenfone 3 no final de Maio. Em rela\u00e7\u00e3o as especifica\u00e7\u00f5es do Asus Zenfone 3, este \u00e9 o \u00faltimo smartphone da Asus que vai vir com uma tela de 5.5 HD, vers\u00e3o OS 6.0, tecnologia de realidade virtual e &#8230; Especifica\u00e7\u00f5es do Asus Zenfone [&hellip;]<\/p>\n","protected":false},"author":1,"featured_media":15560,"comment_status":"open","ping_status":"open","sticky":false,"template":"","format":"standard","meta":[],"categories":[7],"tags":[21],"yoast_head":"<!-- This site is optimized with the Yoast SEO plugin v16.0.2 - https:\/\/yoast.com\/wordpress\/plugins\/seo\/ -->\n<title>Caracter\u00edsticas do Asus Zenfone 3: 6GB de RAM, 5.5 polegadas e ... - Price Pony<\/title>\n<meta name=\"description\" content=\"Conforme os recentes relat\u00f3rios, a Asus vai anuncioar uma s\u00e9rie de Asus Zenfone 3 no final de Maio. Em rela\u00e7\u00e3o as especifica\u00e7\u00f5es do Asus Zenfone 3 ...\" \/>\n<link rel=\"canonical\" href=\"https:\/\/www.pricepony.com.br\/blog\/caracteristicas-do-asus-zenfone-3-6gb-de-ram-5-5-polegadas-e\/\" \/>\n<meta property=\"og:locale\" content=\"pt_BR\" \/>\n<meta property=\"og:type\" content=\"article\" \/>\n<meta property=\"og:title\" content=\"Caracter\u00edsticas do Asus Zenfone 3: 6GB de RAM, 5.5 polegadas e ... - Price Pony\" \/>\n<meta property=\"og:description\" content=\"Conforme os recentes relat\u00f3rios, a Asus vai anuncioar uma s\u00e9rie de Asus Zenfone 3 no final de Maio. Em rela\u00e7\u00e3o as especifica\u00e7\u00f5es do Asus Zenfone 3 ...\" \/>\n<meta property=\"og:url\" content=\"https:\/\/www.pricepony.com.br\/blog\/caracteristicas-do-asus-zenfone-3-6gb-de-ram-5-5-polegadas-e\/\" \/>\n<meta property=\"og:site_name\" content=\"Price Pony\" \/>\n<meta property=\"article:published_time\" content=\"2016-05-18T06:01:33+00:00\" \/>\n<meta property=\"article:modified_time\" content=\"2016-05-18T06:02:05+00:00\" \/>\n<meta property=\"og:image\" content=\"https:\/\/www.pricepony.com.br\/blog\/wp-content\/uploads\/2016\/05\/asus-feature.jpg\" \/>\n\t<meta property=\"og:image:width\" content=\"1419\" \/>\n\t<meta property=\"og:image:height\" content=\"808\" \/>\n<meta name=\"twitter:card\" content=\"summary\" \/>\n<meta name=\"twitter:label1\" content=\"Est. tempo de leitura\">\n\t<meta name=\"twitter:data1\" content=\"2 minutos\">\n<script type=\"application\/ld+json\" class=\"yoast-schema-graph\">{\"@context\":\"https:\/\/schema.org\",\"@graph\":[{\"@type\":\"WebSite\",\"@id\":\"https:\/\/www.pricepony.com.br\/blog\/#website\",\"url\":\"https:\/\/www.pricepony.com.br\/blog\/\",\"name\":\"Price Pony\",\"description\":\"www.pricepony.com.br\",\"potentialAction\":[{\"@type\":\"SearchAction\",\"target\":\"https:\/\/www.pricepony.com.br\/blog\/?s={search_term_string}\",\"query-input\":\"required name=search_term_string\"}],\"inLanguage\":\"pt-BR\"},{\"@type\":\"ImageObject\",\"@id\":\"https:\/\/www.pricepony.com.br\/blog\/caracteristicas-do-asus-zenfone-3-6gb-de-ram-5-5-polegadas-e\/#primaryimage\",\"inLanguage\":\"pt-BR\",\"url\":\"https:\/\/www.pricepony.com.br\/blog\/wp-content\/uploads\/2016\/05\/asus-feature.jpg\",\"width\":1419,\"height\":808},{\"@type\":\"WebPage\",\"@id\":\"https:\/\/www.pricepony.com.br\/blog\/caracteristicas-do-asus-zenfone-3-6gb-de-ram-5-5-polegadas-e\/#webpage\",\"url\":\"https:\/\/www.pricepony.com.br\/blog\/caracteristicas-do-asus-zenfone-3-6gb-de-ram-5-5-polegadas-e\/\",\"name\":\"Caracter\\u00edsticas do Asus Zenfone 3: 6GB de RAM, 5.5 polegadas e ... - Price Pony\",\"isPartOf\":{\"@id\":\"https:\/\/www.pricepony.com.br\/blog\/#website\"},\"primaryImageOfPage\":{\"@id\":\"https:\/\/www.pricepony.com.br\/blog\/caracteristicas-do-asus-zenfone-3-6gb-de-ram-5-5-polegadas-e\/#primaryimage\"},\"datePublished\":\"2016-05-18T06:01:33+00:00\",\"dateModified\":\"2016-05-18T06:02:05+00:00\",\"author\":{\"@id\":\"https:\/\/www.pricepony.com.br\/blog\/#\/schema\/person\/c338807e08d2e0642a2680633342a0b6\"},\"description\":\"Conforme os recentes relat\\u00f3rios, a Asus vai anuncioar uma s\\u00e9rie de Asus Zenfone 3 no final de Maio. Em rela\\u00e7\\u00e3o as especifica\\u00e7\\u00f5es do Asus Zenfone 3 ...\",\"breadcrumb\":{\"@id\":\"https:\/\/www.pricepony.com.br\/blog\/caracteristicas-do-asus-zenfone-3-6gb-de-ram-5-5-polegadas-e\/#breadcrumb\"},\"inLanguage\":\"pt-BR\",\"potentialAction\":[{\"@type\":\"ReadAction\",\"target\":[\"https:\/\/www.pricepony.com.br\/blog\/caracteristicas-do-asus-zenfone-3-6gb-de-ram-5-5-polegadas-e\/\"]}]},{\"@type\":\"BreadcrumbList\",\"@id\":\"https:\/\/www.pricepony.com.br\/blog\/caracteristicas-do-asus-zenfone-3-6gb-de-ram-5-5-polegadas-e\/#breadcrumb\",\"itemListElement\":[{\"@type\":\"ListItem\",\"position\":1,\"item\":{\"@type\":\"WebPage\",\"@id\":\"https:\/\/www.pricepony.com.br\/blog\/\",\"url\":\"https:\/\/www.pricepony.com.br\/blog\/\",\"name\":\"In\\u00edcio\"}},{\"@type\":\"ListItem\",\"position\":2,\"item\":{\"@type\":\"WebPage\",\"@id\":\"https:\/\/www.pricepony.com.br\/blog\/caracteristicas-do-asus-zenfone-3-6gb-de-ram-5-5-polegadas-e\/\",\"url\":\"https:\/\/www.pricepony.com.br\/blog\/caracteristicas-do-asus-zenfone-3-6gb-de-ram-5-5-polegadas-e\/\",\"name\":\"Caracter\\u00edsticas do Asus Zenfone 3: 6GB de RAM, 5.5 polegadas e &#8230;\"}}]},{\"@type\":\"Person\",\"@id\":\"https:\/\/www.pricepony.com.br\/blog\/#\/schema\/person\/c338807e08d2e0642a2680633342a0b6\",\"name\":\"Chris Eilers\",\"image\":{\"@type\":\"ImageObject\",\"@id\":\"https:\/\/www.pricepony.com.br\/blog\/#personlogo\",\"inLanguage\":\"pt-BR\",\"url\":\"https:\/\/secure.gravatar.com\/avatar\/83e51b46626e1e91aba06adcb3bf3473?s=96&d=mm&r=g\",\"caption\":\"Chris Eilers\"},\"description\":\"Chris is an experienced Digital Marketer and Growth Hacker with work experience in Mckinsey Germany and Rocket Internet Asia. He is the CEO of Oizoioi Malaysia and actively engaged in the Startup Scene in South East Asia.\"}]}<\/script>\n<!-- \/ Yoast SEO plugin. -->","_links":{"self":[{"href":"https:\/\/www.pricepony.com.br\/blog\/wp-json\/wp\/v2\/posts\/15559"}],"collection":[{"href":"https:\/\/www.pricepony.com.br\/blog\/wp-json\/wp\/v2\/posts"}],"about":[{"href":"https:\/\/www.pricepony.com.br\/blog\/wp-json\/wp\/v2\/types\/post"}],"author":[{"embeddable":true,"href":"https:\/\/www.pricepony.com.br\/blog\/wp-json\/wp\/v2\/users\/1"}],"replies":[{"embeddable":true,"href":"https:\/\/www.pricepony.com.br\/blog\/wp-json\/wp\/v2\/comments?post=15559"}],"version-history":[{"count":0,"href":"https:\/\/www.pricepony.com.br\/blog\/wp-json\/wp\/v2\/posts\/15559\/revisions"}],"wp:featuredmedia":[{"embeddable":true,"href":"https:\/\/www.pricepony.com.br\/blog\/wp-json\/wp\/v2\/media\/15560"}],"wp:attachment":[{"href":"https:\/\/www.pricepony.com.br\/blog\/wp-json\/wp\/v2\/media?parent=15559"}],"wp:term":[{"taxonomy":"category","embeddable":true,"href":"https:\/\/www.pricepony.com.br\/blog\/wp-json\/wp\/v2\/categories?post=15559"},{"taxonomy":"post_tag","embeddable":true,"href":"https:\/\/www.pricepony.com.br\/blog\/wp-json\/wp\/v2\/tags?post=15559"}],"curies":[{"name":"wp","href":"https:\/\/api.w.org\/{rel}","templated":true}]}}