{"id":15404,"date":"2016-04-26T15:32:41","date_gmt":"2016-04-26T08:32:41","guid":{"rendered":"http:\/\/www.pricepony.com.br\/blog\/?p=15404"},"modified":"2016-04-26T15:32:41","modified_gmt":"2016-04-26T08:32:41","slug":"iphone-7-vai-ter-um-design-especial-com-display-all-glass-amoled","status":"publish","type":"post","link":"https:\/\/www.pricepony.com.br\/blog\/iphone-7-vai-ter-um-design-especial-com-display-all-glass-amoled\/","title":{"rendered":"IPhone 7 vai ter um design especial com display All Glass AMOLED"},"content":{"rendered":"<p><strong>IPhones Apple atualmente s\u00e3o famosos por seu excelente design. Mas, de acordo com as previs\u00f5es, o iPhone ter\u00e1 uma mudan\u00e7a no design em 2017, no lan\u00e7amento do iPhone 7. A tela LCD ser\u00e1 trocada por um AMOLED display. <\/strong><\/p><div style=\"float: none; display: block; margin: 0 -10px; text-align: center;\"><!-- Top Banner PH NEW -->\n                        <ins class=\"adsbygoogle\"\n                             style=\"display:inline-block;width:728px;height:90px\"\n                             data-ad-client=\"ca-pub-4796993490224996\"\n                             data-ad-slot=\"9195989669\"><\/ins>\n                        <script>(adsbygoogle = window.adsbygoogle || []).push({});<\/script><\/div><\/p>\n<p><img decoding=\"async\" class=\"aligncenter wp-image-15575\" src=\"data:image\/gif;base64,R0lGODlhAQABAIAAAAAAAP\/\/\/yH5BAEAAAAALAAAAAABAAEAAAIBRAA7\" data-src=\"http:\/\/www.pricepony.com.ph\/blog\/wp-content\/uploads\/2016\/04\/iPhone7.jpg\" alt=\"iPhone7\" width=\"417\" height=\"250\" \/ \/><\/p>\n<h3><strong>Especifica\u00e7\u00f5es do iPhone 7 com tecnologia AMOLED <\/strong><\/h3>\n<p>As previs\u00f5es v\u00eam do analista KGI Securities Ming-Chi Kuo, que fornece uma profunda cadeia de informa\u00e7\u00f5es e tem um bom hist\u00f3rico de previs\u00f5es dos futuros planos da Apple. Kua diz que a Apple est\u00e1 se preparando para abandonar o design de alum\u00ednio, que manteve o iPhone al\u00e9m da sua concorr\u00eancia nos \u00faltimos anos. Muitas pessoas acreditam que a Apple est\u00e1 pensando em implementar materiais especiais para diferenciar ainda mais o iPhone nesse mar de concorrentes.<\/p>\n<!-- Quick Adsense WordPress Plugin: http:\/\/quickadsense.com\/ -->\n<div class=\"715bb7587c5240ca50b41debac6fc6bc\" data-index=\"2\" style=\"float: none; margin:10px 0 10px 0; text-align:center;\">\n<!-- BR Middle -->\r\n<ins class=\"adsbygoogle\"\r\n     style=\"display:inline-block;width:336px;height:280px\"\r\n     data-ad-client=\"ca-pub-4796993490224996\"\r\n     data-ad-slot=\"2407662860\"><\/ins>\r\n<script>\r\n(adsbygoogle = window.adsbygoogle || []).push({});\r\n<\/script>\n<\/div>\n\n<p>A tela do iPhone 7 ser\u00e1 de material v\u00edtreo, que \u00e9 f\u00e1cil de moldar e tem alta qualidade. De acordo com Kua, a vers\u00e3o 2017 do iPhone contar\u00e1 com um design todo em vidro. Tamb\u00e9m ser\u00e1 o primeiro a usar display AMOLED. Relat\u00f3rios at\u00e9 \u00e0 data sugerem que o iPhone 7 e iPhone 7 Plus sofrer\u00e3o uma atualiza\u00e7\u00e3o singela em termos de design comparados ao iPhone 6S e iPhone 6S Plus. Ele vir\u00e1 com uma tela de 5,8 polegadas e carregamento sem fio. N\u00f3s acreditamos que essa evolu\u00e7\u00e3o e mudan\u00e7as constantes s\u00e3o muito bem-vindas do ponto de vista t\u00e9cnico.<\/p>\n<p><img decoding=\"async\" class=\"aligncenter wp-image-15548\" src=\"data:image\/gif;base64,R0lGODlhAQABAIAAAAAAAP\/\/\/yH5BAEAAAAALAAAAAABAAEAAAIBRAA7\" data-src=\"http:\/\/www.pricepony.com.ph\/blog\/wp-content\/uploads\/2016\/04\/ip4.jpg\" alt=\"ip4\" width=\"445\" height=\"250\" \/ \/><\/p>\n<p>Recentemente, tem surgido na internet muitos rumores excitantes sobre o iPhone 8. H\u00e1 uma raz\u00e3o para isso: a Apple est\u00e1 tentando reformar completamente o hardware e o design da s\u00e9rie iPhone. Muitas pessoas acreditam que ele tamb\u00e9m ter\u00e1 uma tela AMOLED.<\/p>\n<h3><strong>A surpresa das telas AMOLED<\/strong><\/h3>\n<p>O vidro \u00e9 mais pesado do que o alum\u00ednio. No entanto, as telas AMOLED tornam o aparelho ligeiramente mais leve do que os monitores LCD usados atualmente em iPhones. Da mesma forma, outras empresas de smartphones tamb\u00e9m utilizam materiais ex\u00f3ticos em seus carros-chefe. Portanto, esta mudan\u00e7a em especial permitir\u00e1 que a Apple se destaque e diferencie-se da multid\u00e3o. Com a tela AMOLED e outros grandes recursos, quanto voc\u00ea acha que o iPhone 7 custar\u00e1?<\/p>\n\n<div style=\"font-size: 0px; height: 0px; line-height: 0px; margin: 0; padding: 0; clear: both;\"><\/div>","protected":false},"excerpt":{"rendered":"<p>IPhones Apple atualmente s\u00e3o famosos por seu excelente design. Mas, de acordo com as previs\u00f5es, o iPhone ter\u00e1 uma mudan\u00e7a no design em 2017, no lan\u00e7amento do iPhone 7. A tela LCD ser\u00e1 trocada por um AMOLED display. Especifica\u00e7\u00f5es do iPhone 7 com tecnologia AMOLED As previs\u00f5es v\u00eam do analista KGI Securities Ming-Chi Kuo, que [&hellip;]<\/p>\n","protected":false},"author":1,"featured_media":15406,"comment_status":"open","ping_status":"open","sticky":false,"template":"","format":"standard","meta":[],"categories":[7],"tags":[105],"yoast_head":"<!-- This site is optimized with the Yoast SEO plugin v16.0.2 - https:\/\/yoast.com\/wordpress\/plugins\/seo\/ -->\n<title>IPhone 7 vai ter um design especial com display All Glass AMOLED - Price Pony<\/title>\n<meta name=\"description\" content=\"Mas, de acordo com as previs\u00f5es, o iPhone ter\u00e1 uma mudan\u00e7a no design em 2017, no lan\u00e7amento do iPhone 7. A tela LCD ser\u00e1 trocada por um AMOLED display.\" \/>\n<link rel=\"canonical\" href=\"https:\/\/www.pricepony.com.br\/blog\/iphone-7-vai-ter-um-design-especial-com-display-all-glass-amoled\/\" \/>\n<meta property=\"og:locale\" content=\"pt_BR\" \/>\n<meta property=\"og:type\" content=\"article\" \/>\n<meta property=\"og:title\" content=\"IPhone 7 vai ter um design especial com display All Glass AMOLED - Price Pony\" \/>\n<meta property=\"og:description\" content=\"Mas, de acordo com as previs\u00f5es, o iPhone ter\u00e1 uma mudan\u00e7a no design em 2017, no lan\u00e7amento do iPhone 7. A tela LCD ser\u00e1 trocada por um AMOLED display.\" \/>\n<meta property=\"og:url\" content=\"https:\/\/www.pricepony.com.br\/blog\/iphone-7-vai-ter-um-design-especial-com-display-all-glass-amoled\/\" \/>\n<meta property=\"og:site_name\" content=\"Price Pony\" \/>\n<meta property=\"article:published_time\" content=\"2016-04-26T08:32:41+00:00\" \/>\n<meta property=\"og:image\" content=\"https:\/\/www.pricepony.com.br\/blog\/wp-content\/uploads\/2016\/04\/iPhone7.jpg\" \/>\n\t<meta property=\"og:image:width\" content=\"525\" \/>\n\t<meta property=\"og:image:height\" content=\"315\" \/>\n<meta name=\"twitter:card\" content=\"summary\" \/>\n<meta name=\"twitter:label1\" content=\"Est. tempo de leitura\">\n\t<meta name=\"twitter:data1\" content=\"2 minutos\">\n<script type=\"application\/ld+json\" class=\"yoast-schema-graph\">{\"@context\":\"https:\/\/schema.org\",\"@graph\":[{\"@type\":\"WebSite\",\"@id\":\"https:\/\/www.pricepony.com.br\/blog\/#website\",\"url\":\"https:\/\/www.pricepony.com.br\/blog\/\",\"name\":\"Price Pony\",\"description\":\"www.pricepony.com.br\",\"potentialAction\":[{\"@type\":\"SearchAction\",\"target\":\"https:\/\/www.pricepony.com.br\/blog\/?s={search_term_string}\",\"query-input\":\"required name=search_term_string\"}],\"inLanguage\":\"pt-BR\"},{\"@type\":\"ImageObject\",\"@id\":\"https:\/\/www.pricepony.com.br\/blog\/iphone-7-vai-ter-um-design-especial-com-display-all-glass-amoled\/#primaryimage\",\"inLanguage\":\"pt-BR\",\"url\":\"https:\/\/www.pricepony.com.br\/blog\/wp-content\/uploads\/2016\/04\/iPhone7.jpg\",\"width\":525,\"height\":315},{\"@type\":\"WebPage\",\"@id\":\"https:\/\/www.pricepony.com.br\/blog\/iphone-7-vai-ter-um-design-especial-com-display-all-glass-amoled\/#webpage\",\"url\":\"https:\/\/www.pricepony.com.br\/blog\/iphone-7-vai-ter-um-design-especial-com-display-all-glass-amoled\/\",\"name\":\"IPhone 7 vai ter um design especial com display All Glass AMOLED - Price Pony\",\"isPartOf\":{\"@id\":\"https:\/\/www.pricepony.com.br\/blog\/#website\"},\"primaryImageOfPage\":{\"@id\":\"https:\/\/www.pricepony.com.br\/blog\/iphone-7-vai-ter-um-design-especial-com-display-all-glass-amoled\/#primaryimage\"},\"datePublished\":\"2016-04-26T08:32:41+00:00\",\"dateModified\":\"2016-04-26T08:32:41+00:00\",\"author\":{\"@id\":\"https:\/\/www.pricepony.com.br\/blog\/#\/schema\/person\/c338807e08d2e0642a2680633342a0b6\"},\"description\":\"Mas, de acordo com as previs\\u00f5es, o iPhone ter\\u00e1 uma mudan\\u00e7a no design em 2017, no lan\\u00e7amento do iPhone 7. A tela LCD ser\\u00e1 trocada por um AMOLED display.\",\"breadcrumb\":{\"@id\":\"https:\/\/www.pricepony.com.br\/blog\/iphone-7-vai-ter-um-design-especial-com-display-all-glass-amoled\/#breadcrumb\"},\"inLanguage\":\"pt-BR\",\"potentialAction\":[{\"@type\":\"ReadAction\",\"target\":[\"https:\/\/www.pricepony.com.br\/blog\/iphone-7-vai-ter-um-design-especial-com-display-all-glass-amoled\/\"]}]},{\"@type\":\"BreadcrumbList\",\"@id\":\"https:\/\/www.pricepony.com.br\/blog\/iphone-7-vai-ter-um-design-especial-com-display-all-glass-amoled\/#breadcrumb\",\"itemListElement\":[{\"@type\":\"ListItem\",\"position\":1,\"item\":{\"@type\":\"WebPage\",\"@id\":\"https:\/\/www.pricepony.com.br\/blog\/\",\"url\":\"https:\/\/www.pricepony.com.br\/blog\/\",\"name\":\"In\\u00edcio\"}},{\"@type\":\"ListItem\",\"position\":2,\"item\":{\"@type\":\"WebPage\",\"@id\":\"https:\/\/www.pricepony.com.br\/blog\/iphone-7-vai-ter-um-design-especial-com-display-all-glass-amoled\/\",\"url\":\"https:\/\/www.pricepony.com.br\/blog\/iphone-7-vai-ter-um-design-especial-com-display-all-glass-amoled\/\",\"name\":\"IPhone 7 vai ter um design especial com display All Glass AMOLED\"}}]},{\"@type\":\"Person\",\"@id\":\"https:\/\/www.pricepony.com.br\/blog\/#\/schema\/person\/c338807e08d2e0642a2680633342a0b6\",\"name\":\"Chris Eilers\",\"image\":{\"@type\":\"ImageObject\",\"@id\":\"https:\/\/www.pricepony.com.br\/blog\/#personlogo\",\"inLanguage\":\"pt-BR\",\"url\":\"https:\/\/secure.gravatar.com\/avatar\/83e51b46626e1e91aba06adcb3bf3473?s=96&d=mm&r=g\",\"caption\":\"Chris Eilers\"},\"description\":\"Chris is an experienced Digital Marketer and Growth Hacker with work experience in Mckinsey Germany and Rocket Internet Asia. He is the CEO of Oizoioi Malaysia and actively engaged in the Startup Scene in South East Asia.\"}]}<\/script>\n<!-- \/ Yoast SEO plugin. -->","_links":{"self":[{"href":"https:\/\/www.pricepony.com.br\/blog\/wp-json\/wp\/v2\/posts\/15404"}],"collection":[{"href":"https:\/\/www.pricepony.com.br\/blog\/wp-json\/wp\/v2\/posts"}],"about":[{"href":"https:\/\/www.pricepony.com.br\/blog\/wp-json\/wp\/v2\/types\/post"}],"author":[{"embeddable":true,"href":"https:\/\/www.pricepony.com.br\/blog\/wp-json\/wp\/v2\/users\/1"}],"replies":[{"embeddable":true,"href":"https:\/\/www.pricepony.com.br\/blog\/wp-json\/wp\/v2\/comments?post=15404"}],"version-history":[{"count":0,"href":"https:\/\/www.pricepony.com.br\/blog\/wp-json\/wp\/v2\/posts\/15404\/revisions"}],"wp:featuredmedia":[{"embeddable":true,"href":"https:\/\/www.pricepony.com.br\/blog\/wp-json\/wp\/v2\/media\/15406"}],"wp:attachment":[{"href":"https:\/\/www.pricepony.com.br\/blog\/wp-json\/wp\/v2\/media?parent=15404"}],"wp:term":[{"taxonomy":"category","embeddable":true,"href":"https:\/\/www.pricepony.com.br\/blog\/wp-json\/wp\/v2\/categories?post=15404"},{"taxonomy":"post_tag","embeddable":true,"href":"https:\/\/www.pricepony.com.br\/blog\/wp-json\/wp\/v2\/tags?post=15404"}],"curies":[{"name":"wp","href":"https:\/\/api.w.org\/{rel}","templated":true}]}}