{"id":15026,"date":"2016-03-08T09:08:02","date_gmt":"2016-03-08T02:08:02","guid":{"rendered":"http:\/\/www.pricepony.com.br\/blog\/?p=15026"},"modified":"2016-03-08T09:08:02","modified_gmt":"2016-03-08T02:08:02","slug":"samsung-galaxy-a9-pro-confirmado-4gb-de-ram-e-camera-de-16mp","status":"publish","type":"post","link":"https:\/\/www.pricepony.com.br\/blog\/samsung-galaxy-a9-pro-confirmado-4gb-de-ram-e-camera-de-16mp\/","title":{"rendered":"Samsung Galaxy A9 Pro confirmado: 4GB de RAM e c\u00e2mera de 16MP"},"content":{"rendered":"<p><strong>Depois de aparecer no TENAA, o Samsung Galaxy A9 Pro continuou a pontuar no Antutu e revelou algumas de suas \u00f3timas caracter\u00edsticas. Confira tudo agora mesmo!<\/strong><\/p><div style=\"float: none; display: block; margin: 0 -10px; text-align: center;\"><!-- Top Banner PH NEW -->\n                        <ins class=\"adsbygoogle\"\n                             style=\"display:inline-block;width:728px;height:90px\"\n                             data-ad-client=\"ca-pub-4796993490224996\"\n                             data-ad-slot=\"9195989669\"><\/ins>\n                        <script>(adsbygoogle = window.adsbygoogle || []).push({});<\/script><\/div><\/p>\n<p><img decoding=\"async\" class=\"aligncenter wp-image-17184 \" src=\"data:image\/gif;base64,R0lGODlhAQABAIAAAAAAAP\/\/\/yH5BAEAAAAALAAAAAABAAEAAAIBRAA7\" data-src=\"http:\/\/www.pricepony.com.my\/blog\/wp-content\/uploads\/2016\/03\/a8-e1456916665512.jpg\" alt=\"a8\" width=\"442\" height=\"250\" \/ \/><\/p>\n<h3>O Samsung Galaxy A9 Pro revelou suas caracter\u00edsticas no Antutu tendo c\u00e2mera de 16MP, 4GB de RAM e\u2026<\/h3>\n<p>Pois \u00e9, depois da novidade duo Samsung Galaxy S7 ser lan\u00e7ada no MWC 2016 no m\u00eas passado, a empresa provavelmente ir\u00e1 lan\u00e7ar um novo modelo pertencete a s\u00e9rie Samsung Galaxy A para atrair os consumidores. E agora vamos falar um pouco sobre o Galaxy A9 Pro, considerada uma variante mais avan\u00e7ada do phablet Galaxy A9, anunciado em dezembro de 2015. H\u00e1 um tempo atr\u00e1s havia sido certificado pela TENAA e agora, apareceu no Antutu com algumas de suas caracter\u00edsticas.<\/p>\n<p>Quanto \u00e0s suas especifica\u00e7\u00f5es, o Samsung Galaxy A9 Pro ter\u00e1 uma tela Full HD de 6-polegadas (diferente do que foi dito antes pela GFXBench), um chipset Snapdragon 652, 4GB de RAM, 32GB de mem\u00f3ria interna, e sistema operacional Android 6.0 Marshmallow. Para as c\u00e2meras, a principal possui 16 megapixels ao inv\u00e9s de 13 megapixels que podemos encontrar no Galaxy A9, enquanto a c\u00e2mera frontal para as selfies est\u00e1 prevista para ser de 8 megapixels.<\/p>\n<!-- Quick Adsense WordPress Plugin: http:\/\/quickadsense.com\/ -->\n<div class=\"715bb7587c5240ca50b41debac6fc6bc\" data-index=\"2\" style=\"float: none; margin:10px 0 10px 0; text-align:center;\">\n<!-- BR Middle -->\r\n<ins class=\"adsbygoogle\"\r\n     style=\"display:inline-block;width:336px;height:280px\"\r\n     data-ad-client=\"ca-pub-4796993490224996\"\r\n     data-ad-slot=\"2407662860\"><\/ins>\r\n<script>\r\n(adsbygoogle = window.adsbygoogle || []).push({});\r\n<\/script>\n<\/div>\n\n<p><img decoding=\"async\" class=\"aligncenter wp-image-17186 \" src=\"data:image\/gif;base64,R0lGODlhAQABAIAAAAAAAP\/\/\/yH5BAEAAAAALAAAAAABAAEAAAIBRAA7\" data-src=\"http:\/\/www.pricepony.com.my\/blog\/wp-content\/uploads\/2016\/03\/antutu-1-e1456917032354.jpg\" alt=\"antutu\" width=\"729\" height=\"250\" \/ \/><\/p>\n<p>No geral, de acorco com o que conseguimos saber at\u00e9 o momento, o Samsung Galaxy A9 Pro parece ser um aparelho excelente ap\u00f3s a novidade Galaxy S7 duo. Mesmo que ainda n\u00e3o haja muitas informa\u00e7\u00f5es sobre suas caracter\u00edsticas e que ainda temos que esperar pela confirma\u00e7\u00e3o do fabricante nos pr\u00f3ximos dias. Para saber mais sobre o valor e a disponibilidade, veja agora mesmo a pr\u00f3xima parte!<\/p>\n<h3>Samsung Galaxy A9 Pro Pre\u00e7o e disponibilidade<\/h3>\n<p>O fato do Pro ter aparecido tanto no TENAA quanto no Antutu tamb\u00e9m nos d\u00e1 a entender que o lan\u00e7amento do Samsung Galaxy A9 Pro ser\u00e1 no ano que vem. E por mais que a empresa ainda n\u00e3o tenha confirmado a data, esperamos que seja neste m\u00eas ou no Segundo trimestre de 2016. Quanto ao pre\u00e7o do Galaxy A9 Pro, estamos prevendo que fique em torno dos $650 a $700. Voc\u00ea concorda com isso? Conta pra gente a sua opini\u00e3o!<\/p>\n\n<div style=\"font-size: 0px; height: 0px; line-height: 0px; margin: 0; padding: 0; clear: both;\"><\/div>","protected":false},"excerpt":{"rendered":"<p>Depois de aparecer no TENAA, o Samsung Galaxy A9 Pro continuou a pontuar no Antutu e revelou algumas de suas \u00f3timas caracter\u00edsticas. Confira tudo agora mesmo! O Samsung Galaxy A9 Pro revelou suas caracter\u00edsticas no Antutu tendo c\u00e2mera de 16MP, 4GB de RAM e\u2026 Pois \u00e9, depois da novidade duo Samsung Galaxy S7 ser lan\u00e7ada [&hellip;]<\/p>\n","protected":false},"author":1,"featured_media":15027,"comment_status":"open","ping_status":"open","sticky":false,"template":"","format":"standard","meta":[],"categories":[7],"tags":[20,10],"yoast_head":"<!-- This site is optimized with the Yoast SEO plugin v16.0.2 - https:\/\/yoast.com\/wordpress\/plugins\/seo\/ -->\n<title>Samsung Galaxy A9 Pro confirmado: 4GB de RAM e c\u00e2mera de 16MP - Price Pony<\/title>\n<meta name=\"description\" content=\"Depois de aparecer no TENAA, o Samsung Galaxy A9 Pro continuou a pontuar no Antutu e revelou algumas de suas \u00f3timas caracter\u00edsticas. Confira tudo agora ...\" \/>\n<link rel=\"canonical\" href=\"https:\/\/www.pricepony.com.br\/blog\/samsung-galaxy-a9-pro-confirmado-4gb-de-ram-e-camera-de-16mp\/\" \/>\n<meta property=\"og:locale\" content=\"pt_BR\" \/>\n<meta property=\"og:type\" content=\"article\" \/>\n<meta property=\"og:title\" content=\"Samsung Galaxy A9 Pro confirmado: 4GB de RAM e c\u00e2mera de 16MP - Price Pony\" \/>\n<meta property=\"og:description\" content=\"Depois de aparecer no TENAA, o Samsung Galaxy A9 Pro continuou a pontuar no Antutu e revelou algumas de suas \u00f3timas caracter\u00edsticas. Confira tudo agora ...\" \/>\n<meta property=\"og:url\" content=\"https:\/\/www.pricepony.com.br\/blog\/samsung-galaxy-a9-pro-confirmado-4gb-de-ram-e-camera-de-16mp\/\" \/>\n<meta property=\"og:site_name\" content=\"Price Pony\" \/>\n<meta property=\"article:published_time\" content=\"2016-03-08T02:08:02+00:00\" \/>\n<meta property=\"og:image\" content=\"https:\/\/www.pricepony.com.br\/blog\/wp-content\/uploads\/2016\/03\/Samsung-Galaxy-A9-Pro-Windows-10.jpg\" \/>\n\t<meta property=\"og:image:width\" content=\"1400\" \/>\n\t<meta property=\"og:image:height\" content=\"740\" \/>\n<meta name=\"twitter:card\" content=\"summary\" \/>\n<meta name=\"twitter:label1\" content=\"Est. tempo de leitura\">\n\t<meta name=\"twitter:data1\" content=\"2 minutos\">\n<script type=\"application\/ld+json\" class=\"yoast-schema-graph\">{\"@context\":\"https:\/\/schema.org\",\"@graph\":[{\"@type\":\"WebSite\",\"@id\":\"https:\/\/www.pricepony.com.br\/blog\/#website\",\"url\":\"https:\/\/www.pricepony.com.br\/blog\/\",\"name\":\"Price Pony\",\"description\":\"www.pricepony.com.br\",\"potentialAction\":[{\"@type\":\"SearchAction\",\"target\":\"https:\/\/www.pricepony.com.br\/blog\/?s={search_term_string}\",\"query-input\":\"required name=search_term_string\"}],\"inLanguage\":\"pt-BR\"},{\"@type\":\"ImageObject\",\"@id\":\"https:\/\/www.pricepony.com.br\/blog\/samsung-galaxy-a9-pro-confirmado-4gb-de-ram-e-camera-de-16mp\/#primaryimage\",\"inLanguage\":\"pt-BR\",\"url\":\"https:\/\/www.pricepony.com.br\/blog\/wp-content\/uploads\/2016\/03\/Samsung-Galaxy-A9-Pro-Windows-10.jpg\",\"width\":1400,\"height\":740},{\"@type\":\"WebPage\",\"@id\":\"https:\/\/www.pricepony.com.br\/blog\/samsung-galaxy-a9-pro-confirmado-4gb-de-ram-e-camera-de-16mp\/#webpage\",\"url\":\"https:\/\/www.pricepony.com.br\/blog\/samsung-galaxy-a9-pro-confirmado-4gb-de-ram-e-camera-de-16mp\/\",\"name\":\"Samsung Galaxy A9 Pro confirmado: 4GB de RAM e c\\u00e2mera de 16MP - Price Pony\",\"isPartOf\":{\"@id\":\"https:\/\/www.pricepony.com.br\/blog\/#website\"},\"primaryImageOfPage\":{\"@id\":\"https:\/\/www.pricepony.com.br\/blog\/samsung-galaxy-a9-pro-confirmado-4gb-de-ram-e-camera-de-16mp\/#primaryimage\"},\"datePublished\":\"2016-03-08T02:08:02+00:00\",\"dateModified\":\"2016-03-08T02:08:02+00:00\",\"author\":{\"@id\":\"https:\/\/www.pricepony.com.br\/blog\/#\/schema\/person\/c338807e08d2e0642a2680633342a0b6\"},\"description\":\"Depois de aparecer no TENAA, o Samsung Galaxy A9 Pro continuou a pontuar no Antutu e revelou algumas de suas \\u00f3timas caracter\\u00edsticas. Confira tudo agora ...\",\"breadcrumb\":{\"@id\":\"https:\/\/www.pricepony.com.br\/blog\/samsung-galaxy-a9-pro-confirmado-4gb-de-ram-e-camera-de-16mp\/#breadcrumb\"},\"inLanguage\":\"pt-BR\",\"potentialAction\":[{\"@type\":\"ReadAction\",\"target\":[\"https:\/\/www.pricepony.com.br\/blog\/samsung-galaxy-a9-pro-confirmado-4gb-de-ram-e-camera-de-16mp\/\"]}]},{\"@type\":\"BreadcrumbList\",\"@id\":\"https:\/\/www.pricepony.com.br\/blog\/samsung-galaxy-a9-pro-confirmado-4gb-de-ram-e-camera-de-16mp\/#breadcrumb\",\"itemListElement\":[{\"@type\":\"ListItem\",\"position\":1,\"item\":{\"@type\":\"WebPage\",\"@id\":\"https:\/\/www.pricepony.com.br\/blog\/\",\"url\":\"https:\/\/www.pricepony.com.br\/blog\/\",\"name\":\"In\\u00edcio\"}},{\"@type\":\"ListItem\",\"position\":2,\"item\":{\"@type\":\"WebPage\",\"@id\":\"https:\/\/www.pricepony.com.br\/blog\/samsung-galaxy-a9-pro-confirmado-4gb-de-ram-e-camera-de-16mp\/\",\"url\":\"https:\/\/www.pricepony.com.br\/blog\/samsung-galaxy-a9-pro-confirmado-4gb-de-ram-e-camera-de-16mp\/\",\"name\":\"Samsung Galaxy A9 Pro confirmado: 4GB de RAM e c\\u00e2mera de 16MP\"}}]},{\"@type\":\"Person\",\"@id\":\"https:\/\/www.pricepony.com.br\/blog\/#\/schema\/person\/c338807e08d2e0642a2680633342a0b6\",\"name\":\"Chris Eilers\",\"image\":{\"@type\":\"ImageObject\",\"@id\":\"https:\/\/www.pricepony.com.br\/blog\/#personlogo\",\"inLanguage\":\"pt-BR\",\"url\":\"https:\/\/secure.gravatar.com\/avatar\/83e51b46626e1e91aba06adcb3bf3473?s=96&d=mm&r=g\",\"caption\":\"Chris Eilers\"},\"description\":\"Chris is an experienced Digital Marketer and Growth Hacker with work experience in Mckinsey Germany and Rocket Internet Asia. He is the CEO of Oizoioi Malaysia and actively engaged in the Startup Scene in South East Asia.\"}]}<\/script>\n<!-- \/ Yoast SEO plugin. -->","_links":{"self":[{"href":"https:\/\/www.pricepony.com.br\/blog\/wp-json\/wp\/v2\/posts\/15026"}],"collection":[{"href":"https:\/\/www.pricepony.com.br\/blog\/wp-json\/wp\/v2\/posts"}],"about":[{"href":"https:\/\/www.pricepony.com.br\/blog\/wp-json\/wp\/v2\/types\/post"}],"author":[{"embeddable":true,"href":"https:\/\/www.pricepony.com.br\/blog\/wp-json\/wp\/v2\/users\/1"}],"replies":[{"embeddable":true,"href":"https:\/\/www.pricepony.com.br\/blog\/wp-json\/wp\/v2\/comments?post=15026"}],"version-history":[{"count":0,"href":"https:\/\/www.pricepony.com.br\/blog\/wp-json\/wp\/v2\/posts\/15026\/revisions"}],"wp:featuredmedia":[{"embeddable":true,"href":"https:\/\/www.pricepony.com.br\/blog\/wp-json\/wp\/v2\/media\/15027"}],"wp:attachment":[{"href":"https:\/\/www.pricepony.com.br\/blog\/wp-json\/wp\/v2\/media?parent=15026"}],"wp:term":[{"taxonomy":"category","embeddable":true,"href":"https:\/\/www.pricepony.com.br\/blog\/wp-json\/wp\/v2\/categories?post=15026"},{"taxonomy":"post_tag","embeddable":true,"href":"https:\/\/www.pricepony.com.br\/blog\/wp-json\/wp\/v2\/tags?post=15026"}],"curies":[{"name":"wp","href":"https:\/\/api.w.org\/{rel}","templated":true}]}}