{"id":14998,"date":"2016-03-04T11:24:02","date_gmt":"2016-03-04T04:24:02","guid":{"rendered":"http:\/\/www.pricepony.com.br\/blog\/?p=14998"},"modified":"2016-03-04T11:24:02","modified_gmt":"2016-03-04T04:24:02","slug":"celular-economico-asus-zenfone-3-data-de-lancamento-confirmada","status":"publish","type":"post","link":"https:\/\/www.pricepony.com.br\/blog\/celular-economico-asus-zenfone-3-data-de-lancamento-confirmada\/","title":{"rendered":"Celular econ\u00f4mico Asus Zenfone 3: data de lan\u00e7amento confirmada"},"content":{"rendered":"<p><strong>Muitos fabricantes de smartphones escolheram o MWC 2016 para lan\u00e7ar suas novidades. Mesmos assim, a Asus escolheu por si s\u00f3 outro evento para apresentar seus Asus Zenfone 3, que \u00e9\u2026.<\/strong><\/p><div style=\"float: none; display: block; margin: 0 -10px; text-align: center;\"><!-- Top Banner PH NEW -->\n                        <ins class=\"adsbygoogle\"\n                             style=\"display:inline-block;width:728px;height:90px\"\n                             data-ad-client=\"ca-pub-4796993490224996\"\n                             data-ad-slot=\"9195989669\"><\/ins>\n                        <script>(adsbygoogle = window.adsbygoogle || []).push({});<\/script><\/div><\/p>\n<p><img decoding=\"async\" class=\"aligncenter  wp-image-16885\" src=\"data:image\/gif;base64,R0lGODlhAQABAIAAAAAAAP\/\/\/yH5BAEAAAAALAAAAAABAAEAAAIBRAA7\" data-src=\"http:\/\/www.pricepony.com.my\/blog\/wp-content\/uploads\/2016\/02\/zenfone-3-e1456136119734.jpg\" alt=\"zenfone-3\" width=\"498\" height=\"250\" \/ \/><\/p>\n<h3>Data do lan\u00e7amento oficial do Asus Zenfone 3: t\u00e1 chegando<\/h3>\n<p>O Asus Zenfone 3, de acordo com os rumores, foi feito para ser um cellular economic, ao inv\u00e9s da novidade premium de 6GB RAM que j\u00e1 ouvimos falar antes. Relat\u00f3rios do Pocketnow dizem que a Asus vai escolher a Computex 2016 (que come\u00e7a no dia 31 de mar\u00e7o em Taipei) para lan\u00e7ar sua mais nova gera\u00e7\u00e3o Zenfone. O Asus Zenfone 3 provavelmente ter\u00e1 pelo menos 2 variantes, com os codinomes Z012D e Z010DD, ambos com \u00f3timas caracter\u00edsticas e pre\u00e7os bem acess\u00edveis.<\/p>\n<p>Quanto \u00e0s caracter\u00edsticas do Zenfone 3, pedimos apenas que considere que as informa\u00e7\u00f5es que temos at\u00e9 o momento podem ser alteradas a qualquer minuto at\u00e9 o lan\u00e7amento oficial do aparelho. O modelo Z012D ter\u00e1 a famosa tela FHD de \u00a05.5 polegadas, chip set Snapdragon 650, 3GB de RAM com 32GB de armazenamento interno. Enquanto o modelo Z010DD ter\u00e1 uma tela HD grande de 5.9 polegadas, chip set Snapdragon 615, 3GB de RAM tamb\u00e9m com 32GB de armazenamento interno. E parece que os dois ter\u00e3o uma cam\u00eara principal de 13MP.<\/p>\n<!-- Quick Adsense WordPress Plugin: http:\/\/quickadsense.com\/ -->\n<div class=\"715bb7587c5240ca50b41debac6fc6bc\" data-index=\"2\" style=\"float: none; margin:10px 0 10px 0; text-align:center;\">\n<!-- BR Middle -->\r\n<ins class=\"adsbygoogle\"\r\n     style=\"display:inline-block;width:336px;height:280px\"\r\n     data-ad-client=\"ca-pub-4796993490224996\"\r\n     data-ad-slot=\"2407662860\"><\/ins>\r\n<script>\r\n(adsbygoogle = window.adsbygoogle || []).push({});\r\n<\/script>\n<\/div>\n\n<p><img decoding=\"async\" class=\"aligncenter wp-image-16887 \" src=\"data:image\/gif;base64,R0lGODlhAQABAIAAAAAAAP\/\/\/yH5BAEAAAAALAAAAAABAAEAAAIBRAA7\" data-src=\"http:\/\/www.pricepony.com.my\/blog\/wp-content\/uploads\/2016\/02\/Asus-Zenfone-Max_-e1456136147331.jpg\" alt=\"Asus-Zenfone-Max_\" width=\"442\" height=\"250\" \/ \/><\/p>\n<p>Enquanto muitos outros fabricantes est\u00e3o focando em novidades cada vez mais premium, a Asus ainda tomou essa decis\u00e3o visando o mercado de celulares de baixo custo. A Asus divulgou sua expectativa de vendas de aparelhos para 2015, com um n\u00famero estimado em 30 milh\u00f5es de unidades, o que significa 5 milh\u00f5es de unidades a mais do que o j\u00e1 vendido em 2015.<\/p>\n<h3>Asus Zenfone 3 pre\u00e7o: muito acess\u00edvel<\/h3>\n<p>O pre\u00e7o do Asus Zenfone 3, apesar de n\u00e3o ter sido revelado at\u00e9 o momento, est\u00e1 garantido na faixa dos acess\u00edveis para a maioria dos usu\u00e1rios. Por isso, estamos prevendo que os dois modelos n\u00e3o custar\u00e3o mais que $250. De qualquer forma, a pergunta que n\u00e3o quer calar \u00e9 a seguinte: foi uma boa ideia aparecer com um novo celular que possui caracter\u00edsticas bem distantes das novas inova\u00e7\u00f5es?<\/p>\n\n<div style=\"font-size: 0px; height: 0px; line-height: 0px; margin: 0; padding: 0; clear: both;\"><\/div>","protected":false},"excerpt":{"rendered":"<p>Muitos fabricantes de smartphones escolheram o MWC 2016 para lan\u00e7ar suas novidades. Mesmos assim, a Asus escolheu por si s\u00f3 outro evento para apresentar seus Asus Zenfone 3, que \u00e9\u2026. Data do lan\u00e7amento oficial do Asus Zenfone 3: t\u00e1 chegando O Asus Zenfone 3, de acordo com os rumores, foi feito para ser um cellular [&hellip;]<\/p>\n","protected":false},"author":1,"featured_media":14999,"comment_status":"open","ping_status":"open","sticky":false,"template":"","format":"standard","meta":[],"categories":[7],"tags":[21],"yoast_head":"<!-- This site is optimized with the Yoast SEO plugin v16.0.2 - https:\/\/yoast.com\/wordpress\/plugins\/seo\/ -->\n<title>Celular econ\u00f4mico Asus Zenfone 3: data de lan\u00e7amento confirmada - Price Pony<\/title>\n<meta name=\"description\" content=\"Muitos fabricantes de smartphones escolheram o MWC 2016 para lan\u00e7ar suas novidades. Mesmos assim, a Asus escolheu por si s\u00f3 outro evento para apresentar seus Asus Zenfone 3 \u2026.\" \/>\n<link rel=\"canonical\" href=\"https:\/\/www.pricepony.com.br\/blog\/celular-economico-asus-zenfone-3-data-de-lancamento-confirmada\/\" \/>\n<meta property=\"og:locale\" content=\"pt_BR\" \/>\n<meta property=\"og:type\" content=\"article\" \/>\n<meta property=\"og:title\" content=\"Celular econ\u00f4mico Asus Zenfone 3: data de lan\u00e7amento confirmada - Price Pony\" \/>\n<meta property=\"og:description\" content=\"Muitos fabricantes de smartphones escolheram o MWC 2016 para lan\u00e7ar suas novidades. Mesmos assim, a Asus escolheu por si s\u00f3 outro evento para apresentar seus Asus Zenfone 3 \u2026.\" \/>\n<meta property=\"og:url\" content=\"https:\/\/www.pricepony.com.br\/blog\/celular-economico-asus-zenfone-3-data-de-lancamento-confirmada\/\" \/>\n<meta property=\"og:site_name\" content=\"Price Pony\" \/>\n<meta property=\"article:published_time\" content=\"2016-03-04T04:24:02+00:00\" \/>\n<meta property=\"og:image\" content=\"https:\/\/www.pricepony.com.br\/blog\/wp-content\/uploads\/2016\/03\/tippony-1-1.jpg\" \/>\n\t<meta property=\"og:image:width\" content=\"1180\" \/>\n\t<meta property=\"og:image:height\" content=\"778\" \/>\n<meta name=\"twitter:card\" content=\"summary\" \/>\n<meta name=\"twitter:label1\" content=\"Est. tempo de leitura\">\n\t<meta name=\"twitter:data1\" content=\"2 minutos\">\n<script type=\"application\/ld+json\" class=\"yoast-schema-graph\">{\"@context\":\"https:\/\/schema.org\",\"@graph\":[{\"@type\":\"WebSite\",\"@id\":\"https:\/\/www.pricepony.com.br\/blog\/#website\",\"url\":\"https:\/\/www.pricepony.com.br\/blog\/\",\"name\":\"Price Pony\",\"description\":\"www.pricepony.com.br\",\"potentialAction\":[{\"@type\":\"SearchAction\",\"target\":\"https:\/\/www.pricepony.com.br\/blog\/?s={search_term_string}\",\"query-input\":\"required name=search_term_string\"}],\"inLanguage\":\"pt-BR\"},{\"@type\":\"ImageObject\",\"@id\":\"https:\/\/www.pricepony.com.br\/blog\/celular-economico-asus-zenfone-3-data-de-lancamento-confirmada\/#primaryimage\",\"inLanguage\":\"pt-BR\",\"url\":\"https:\/\/www.pricepony.com.br\/blog\/wp-content\/uploads\/2016\/03\/tippony-1-1.jpg\",\"width\":1180,\"height\":778},{\"@type\":\"WebPage\",\"@id\":\"https:\/\/www.pricepony.com.br\/blog\/celular-economico-asus-zenfone-3-data-de-lancamento-confirmada\/#webpage\",\"url\":\"https:\/\/www.pricepony.com.br\/blog\/celular-economico-asus-zenfone-3-data-de-lancamento-confirmada\/\",\"name\":\"Celular econ\\u00f4mico Asus Zenfone 3: data de lan\\u00e7amento confirmada - Price Pony\",\"isPartOf\":{\"@id\":\"https:\/\/www.pricepony.com.br\/blog\/#website\"},\"primaryImageOfPage\":{\"@id\":\"https:\/\/www.pricepony.com.br\/blog\/celular-economico-asus-zenfone-3-data-de-lancamento-confirmada\/#primaryimage\"},\"datePublished\":\"2016-03-04T04:24:02+00:00\",\"dateModified\":\"2016-03-04T04:24:02+00:00\",\"author\":{\"@id\":\"https:\/\/www.pricepony.com.br\/blog\/#\/schema\/person\/c338807e08d2e0642a2680633342a0b6\"},\"description\":\"Muitos fabricantes de smartphones escolheram o MWC 2016 para lan\\u00e7ar suas novidades. Mesmos assim, a Asus escolheu por si s\\u00f3 outro evento para apresentar seus Asus Zenfone 3 \\u2026.\",\"breadcrumb\":{\"@id\":\"https:\/\/www.pricepony.com.br\/blog\/celular-economico-asus-zenfone-3-data-de-lancamento-confirmada\/#breadcrumb\"},\"inLanguage\":\"pt-BR\",\"potentialAction\":[{\"@type\":\"ReadAction\",\"target\":[\"https:\/\/www.pricepony.com.br\/blog\/celular-economico-asus-zenfone-3-data-de-lancamento-confirmada\/\"]}]},{\"@type\":\"BreadcrumbList\",\"@id\":\"https:\/\/www.pricepony.com.br\/blog\/celular-economico-asus-zenfone-3-data-de-lancamento-confirmada\/#breadcrumb\",\"itemListElement\":[{\"@type\":\"ListItem\",\"position\":1,\"item\":{\"@type\":\"WebPage\",\"@id\":\"https:\/\/www.pricepony.com.br\/blog\/\",\"url\":\"https:\/\/www.pricepony.com.br\/blog\/\",\"name\":\"In\\u00edcio\"}},{\"@type\":\"ListItem\",\"position\":2,\"item\":{\"@type\":\"WebPage\",\"@id\":\"https:\/\/www.pricepony.com.br\/blog\/celular-economico-asus-zenfone-3-data-de-lancamento-confirmada\/\",\"url\":\"https:\/\/www.pricepony.com.br\/blog\/celular-economico-asus-zenfone-3-data-de-lancamento-confirmada\/\",\"name\":\"Celular econ\\u00f4mico Asus Zenfone 3: data de lan\\u00e7amento confirmada\"}}]},{\"@type\":\"Person\",\"@id\":\"https:\/\/www.pricepony.com.br\/blog\/#\/schema\/person\/c338807e08d2e0642a2680633342a0b6\",\"name\":\"Chris Eilers\",\"image\":{\"@type\":\"ImageObject\",\"@id\":\"https:\/\/www.pricepony.com.br\/blog\/#personlogo\",\"inLanguage\":\"pt-BR\",\"url\":\"https:\/\/secure.gravatar.com\/avatar\/83e51b46626e1e91aba06adcb3bf3473?s=96&d=mm&r=g\",\"caption\":\"Chris Eilers\"},\"description\":\"Chris is an experienced Digital Marketer and Growth Hacker with work experience in Mckinsey Germany and Rocket Internet Asia. He is the CEO of Oizoioi Malaysia and actively engaged in the Startup Scene in South East Asia.\"}]}<\/script>\n<!-- \/ Yoast SEO plugin. -->","_links":{"self":[{"href":"https:\/\/www.pricepony.com.br\/blog\/wp-json\/wp\/v2\/posts\/14998"}],"collection":[{"href":"https:\/\/www.pricepony.com.br\/blog\/wp-json\/wp\/v2\/posts"}],"about":[{"href":"https:\/\/www.pricepony.com.br\/blog\/wp-json\/wp\/v2\/types\/post"}],"author":[{"embeddable":true,"href":"https:\/\/www.pricepony.com.br\/blog\/wp-json\/wp\/v2\/users\/1"}],"replies":[{"embeddable":true,"href":"https:\/\/www.pricepony.com.br\/blog\/wp-json\/wp\/v2\/comments?post=14998"}],"version-history":[{"count":0,"href":"https:\/\/www.pricepony.com.br\/blog\/wp-json\/wp\/v2\/posts\/14998\/revisions"}],"wp:featuredmedia":[{"embeddable":true,"href":"https:\/\/www.pricepony.com.br\/blog\/wp-json\/wp\/v2\/media\/14999"}],"wp:attachment":[{"href":"https:\/\/www.pricepony.com.br\/blog\/wp-json\/wp\/v2\/media?parent=14998"}],"wp:term":[{"taxonomy":"category","embeddable":true,"href":"https:\/\/www.pricepony.com.br\/blog\/wp-json\/wp\/v2\/categories?post=14998"},{"taxonomy":"post_tag","embeddable":true,"href":"https:\/\/www.pricepony.com.br\/blog\/wp-json\/wp\/v2\/tags?post=14998"}],"curies":[{"name":"wp","href":"https:\/\/api.w.org\/{rel}","templated":true}]}}