{"id":14993,"date":"2016-03-04T11:01:47","date_gmt":"2016-03-04T04:01:47","guid":{"rendered":"http:\/\/www.pricepony.com.br\/blog\/?p=14993"},"modified":"2016-03-04T11:02:28","modified_gmt":"2016-03-04T04:02:28","slug":"asus-zenfone-2-deluxe-edicao-especial-sera-oficialmente-lancado-com-chip-potente-e","status":"publish","type":"post","link":"https:\/\/www.pricepony.com.br\/blog\/asus-zenfone-2-deluxe-edicao-especial-sera-oficialmente-lancado-com-chip-potente-e\/","title":{"rendered":"ASUS ZenFone 2 Deluxe Edi\u00e7\u00e3o Especial ser\u00e1 oficialmente lan\u00e7ado com chip potente e\u2026"},"content":{"rendered":"<p><strong>Outro ASUS ZenFone 2 Deluxe Edi\u00e7\u00e3o Especial est\u00e1 chegando com um processador ainda mais potente. Nossa! T\u00e1 ainda melhor que antes<\/strong><strong>\u2026<\/strong><\/p><div style=\"float: none; display: block; margin: 0 -10px; text-align: center;\"><!-- Top Banner PH NEW -->\n                        <ins class=\"adsbygoogle\"\n                             style=\"display:inline-block;width:728px;height:90px\"\n                             data-ad-client=\"ca-pub-4796993490224996\"\n                             data-ad-slot=\"9195989669\"><\/ins>\n                        <script>(adsbygoogle = window.adsbygoogle || []).push({});<\/script><\/div><\/p>\n<p><img decoding=\"async\" class=\"aligncenter wp-image-16277 \" src=\"data:image\/gif;base64,R0lGODlhAQABAIAAAAAAAP\/\/\/yH5BAEAAAAALAAAAAABAAEAAAIBRAA7\" data-src=\"http:\/\/www.pricepony.com.my\/blog\/wp-content\/uploads\/2016\/01\/asus1-e1453967841219.jpg\" alt=\"asus\" width=\"368\" height=\"250\" \/ \/><\/p>\n<h3>ASUS ZenFone 2 Deluxe Edi\u00e7\u00e3o Especial: Ainda com 4GB RAM, mas agora com 256GB ROM e\u2026<\/h3>\n<p>Voc\u00ea deve se lembrar que, no final de 2015, n\u00f3s recebemos uma nova variante do ASUS ZenFone 2 Deluxe conhecido como uma edi\u00e7\u00e3o especial. Ele tem 128GB de ROM (+64GB), 4GB de RAM, o impressionate ZenUI no Sistema Operacional Android 5.0 Lollipop, uma tela Full HD IPS 5.5-polegadas, uma combina\u00e7\u00e3o de c\u00e2meras de 13MP\/5MP, bateria de 3,000mAh e um chip Intel Z3580 2.3GHz. Bom, tudo muito especial, n\u00e3o \u00e9 mesmo? Agora a empresa ir\u00e1 lan\u00e7ar um segundo Zen 2 Deluxe Edi\u00e7\u00e3o Especial com caracter\u00edsticas ainda melhores.<\/p>\n<p>Desta vez, quanto \u00e0s especifica\u00e7\u00f5es do ASUS ZenFone 2 Deluxe \u00a0podemos citar que haver\u00e1 uma atualiza\u00e7\u00e3o do Intel chipset que se trata do Intel Z3590 quad-core 2.5GHz, ele ainda ter\u00e1 4GB LPDDR3 RAM mas vir\u00e1 com mais de 256GB de mem\u00f3ria interna no total (128GB + 128GB). Quanto ao resto, n\u00e3o haver\u00e1 mudan\u00e7as. O combo de c\u00e2meras consistir\u00e1 nos mesmos 13MP Pixelmaster na traseira e 5MP na frontal para as selfies. O aparelho ainda ter\u00e1 uma bateria n\u00e3o remov\u00edvel de 3,000mAh e uma tela Full HD de 5.5-polegadas.<\/p>\n<!-- Quick Adsense WordPress Plugin: http:\/\/quickadsense.com\/ -->\n<div class=\"715bb7587c5240ca50b41debac6fc6bc\" data-index=\"2\" style=\"float: none; margin:10px 0 10px 0; text-align:center;\">\n<!-- BR Middle -->\r\n<ins class=\"adsbygoogle\"\r\n     style=\"display:inline-block;width:336px;height:280px\"\r\n     data-ad-client=\"ca-pub-4796993490224996\"\r\n     data-ad-slot=\"2407662860\"><\/ins>\r\n<script>\r\n(adsbygoogle = window.adsbygoogle || []).push({});\r\n<\/script>\n<\/div>\n\n<p><img decoding=\"async\" class=\"aligncenter wp-image-16278 \" src=\"data:image\/gif;base64,R0lGODlhAQABAIAAAAAAAP\/\/\/yH5BAEAAAAALAAAAAABAAEAAAIBRAA7\" data-src=\"http:\/\/www.pricepony.com.my\/blog\/wp-content\/uploads\/2016\/01\/ASUS-ZenFone-2-Deluxe-Special-Edition-e1453967857385.jpg\" alt=\"ASUS ZenFone 2 Deluxe Special Edition\" width=\"396\" height=\"250\" \/ \/><\/p>\n<p>Em geral, o hardware do aparelho \u00e9 extremamente \u00a0excelente e possui caracter\u00edsticas \u00fanicas (estilo elegante de fibra de carbono e uma cor brilhante de prata met\u00e1lico), o segundo ASUS ZenFone 2 Deluxe Edi\u00e7\u00e3o Especial promete ser um produto top no <u>come\u00e7o de 2016<\/u>. Voc\u00ea n\u00e3o acha?<\/p>\n<h3>ASUS ZenFone 2 Deluxe Edi\u00e7\u00e3o Especial prelo e disponibilidade<\/h3>\n<p>Embora muita informa\u00e7\u00e3o sobre a chegada dessa variante Deluxe j\u00e1 tenha sido revelada, seu custo e data de lan\u00e7amento ainda s\u00e3o desconhecidos. Mesmo assim arriscamos dizer que o aparelho estar\u00e1 dispon\u00edvel para compra em breve, provavelmente no final de fevereiro ou mar\u00e7o, com um pre\u00e7o aproximado aos $400 e 2 op\u00e7\u00f5es de cores: Silver Polygon e Carbon Night. Agora \u00e9 s\u00f3 aguardar para ver!<\/p>\n\n<div style=\"font-size: 0px; height: 0px; line-height: 0px; margin: 0; padding: 0; clear: both;\"><\/div>","protected":false},"excerpt":{"rendered":"<p>Outro ASUS ZenFone 2 Deluxe Edi\u00e7\u00e3o Especial est\u00e1 chegando com um processador ainda mais potente. Nossa! T\u00e1 ainda melhor que antes\u2026 ASUS ZenFone 2 Deluxe Edi\u00e7\u00e3o Especial: Ainda com 4GB RAM, mas agora com 256GB ROM e\u2026 Voc\u00ea deve se lembrar que, no final de 2015, n\u00f3s recebemos uma nova variante do ASUS ZenFone 2 [&hellip;]<\/p>\n","protected":false},"author":1,"featured_media":14992,"comment_status":"open","ping_status":"open","sticky":false,"template":"","format":"standard","meta":[],"categories":[7],"tags":[21],"yoast_head":"<!-- This site is optimized with the Yoast SEO plugin v16.0.2 - https:\/\/yoast.com\/wordpress\/plugins\/seo\/ -->\n<title>ASUS ZenFone 2 Deluxe Edi\u00e7\u00e3o Especial ser\u00e1 oficialmente lan\u00e7ado com chip potente e\u2026 - Price Pony<\/title>\n<meta name=\"description\" content=\"Outro ASUS ZenFone 2 Deluxe Edi\u00e7\u00e3o Especial est\u00e1 chegando com um processador ainda mais potente. Nossa! T\u00e1 ainda melhor que antes\u2026\" \/>\n<link rel=\"canonical\" href=\"https:\/\/www.pricepony.com.br\/blog\/asus-zenfone-2-deluxe-edicao-especial-sera-oficialmente-lancado-com-chip-potente-e\/\" \/>\n<meta property=\"og:locale\" content=\"pt_BR\" \/>\n<meta property=\"og:type\" content=\"article\" \/>\n<meta property=\"og:title\" content=\"ASUS ZenFone 2 Deluxe Edi\u00e7\u00e3o Especial ser\u00e1 oficialmente lan\u00e7ado com chip potente e\u2026 - Price Pony\" \/>\n<meta property=\"og:description\" content=\"Outro ASUS ZenFone 2 Deluxe Edi\u00e7\u00e3o Especial est\u00e1 chegando com um processador ainda mais potente. Nossa! T\u00e1 ainda melhor que antes\u2026\" \/>\n<meta property=\"og:url\" content=\"https:\/\/www.pricepony.com.br\/blog\/asus-zenfone-2-deluxe-edicao-especial-sera-oficialmente-lancado-com-chip-potente-e\/\" \/>\n<meta property=\"og:site_name\" content=\"Price Pony\" \/>\n<meta property=\"article:published_time\" content=\"2016-03-04T04:01:47+00:00\" \/>\n<meta property=\"article:modified_time\" content=\"2016-03-04T04:02:28+00:00\" \/>\n<meta property=\"og:image\" content=\"https:\/\/www.pricepony.com.br\/blog\/wp-content\/uploads\/2016\/03\/zenfone2se.jpg\" \/>\n\t<meta property=\"og:image:width\" content=\"500\" \/>\n\t<meta property=\"og:image:height\" content=\"421\" \/>\n<meta name=\"twitter:card\" content=\"summary\" \/>\n<meta name=\"twitter:label1\" content=\"Est. tempo de leitura\">\n\t<meta name=\"twitter:data1\" content=\"2 minutos\">\n<script type=\"application\/ld+json\" class=\"yoast-schema-graph\">{\"@context\":\"https:\/\/schema.org\",\"@graph\":[{\"@type\":\"WebSite\",\"@id\":\"https:\/\/www.pricepony.com.br\/blog\/#website\",\"url\":\"https:\/\/www.pricepony.com.br\/blog\/\",\"name\":\"Price Pony\",\"description\":\"www.pricepony.com.br\",\"potentialAction\":[{\"@type\":\"SearchAction\",\"target\":\"https:\/\/www.pricepony.com.br\/blog\/?s={search_term_string}\",\"query-input\":\"required name=search_term_string\"}],\"inLanguage\":\"pt-BR\"},{\"@type\":\"ImageObject\",\"@id\":\"https:\/\/www.pricepony.com.br\/blog\/asus-zenfone-2-deluxe-edicao-especial-sera-oficialmente-lancado-com-chip-potente-e\/#primaryimage\",\"inLanguage\":\"pt-BR\",\"url\":\"https:\/\/www.pricepony.com.br\/blog\/wp-content\/uploads\/2016\/03\/zenfone2se.jpg\",\"width\":500,\"height\":421},{\"@type\":\"WebPage\",\"@id\":\"https:\/\/www.pricepony.com.br\/blog\/asus-zenfone-2-deluxe-edicao-especial-sera-oficialmente-lancado-com-chip-potente-e\/#webpage\",\"url\":\"https:\/\/www.pricepony.com.br\/blog\/asus-zenfone-2-deluxe-edicao-especial-sera-oficialmente-lancado-com-chip-potente-e\/\",\"name\":\"ASUS ZenFone 2 Deluxe Edi\\u00e7\\u00e3o Especial ser\\u00e1 oficialmente lan\\u00e7ado com chip potente e\\u2026 - Price Pony\",\"isPartOf\":{\"@id\":\"https:\/\/www.pricepony.com.br\/blog\/#website\"},\"primaryImageOfPage\":{\"@id\":\"https:\/\/www.pricepony.com.br\/blog\/asus-zenfone-2-deluxe-edicao-especial-sera-oficialmente-lancado-com-chip-potente-e\/#primaryimage\"},\"datePublished\":\"2016-03-04T04:01:47+00:00\",\"dateModified\":\"2016-03-04T04:02:28+00:00\",\"author\":{\"@id\":\"https:\/\/www.pricepony.com.br\/blog\/#\/schema\/person\/c338807e08d2e0642a2680633342a0b6\"},\"description\":\"Outro ASUS ZenFone 2 Deluxe Edi\\u00e7\\u00e3o Especial est\\u00e1 chegando com um processador ainda mais potente. Nossa! T\\u00e1 ainda melhor que antes\\u2026\",\"breadcrumb\":{\"@id\":\"https:\/\/www.pricepony.com.br\/blog\/asus-zenfone-2-deluxe-edicao-especial-sera-oficialmente-lancado-com-chip-potente-e\/#breadcrumb\"},\"inLanguage\":\"pt-BR\",\"potentialAction\":[{\"@type\":\"ReadAction\",\"target\":[\"https:\/\/www.pricepony.com.br\/blog\/asus-zenfone-2-deluxe-edicao-especial-sera-oficialmente-lancado-com-chip-potente-e\/\"]}]},{\"@type\":\"BreadcrumbList\",\"@id\":\"https:\/\/www.pricepony.com.br\/blog\/asus-zenfone-2-deluxe-edicao-especial-sera-oficialmente-lancado-com-chip-potente-e\/#breadcrumb\",\"itemListElement\":[{\"@type\":\"ListItem\",\"position\":1,\"item\":{\"@type\":\"WebPage\",\"@id\":\"https:\/\/www.pricepony.com.br\/blog\/\",\"url\":\"https:\/\/www.pricepony.com.br\/blog\/\",\"name\":\"In\\u00edcio\"}},{\"@type\":\"ListItem\",\"position\":2,\"item\":{\"@type\":\"WebPage\",\"@id\":\"https:\/\/www.pricepony.com.br\/blog\/asus-zenfone-2-deluxe-edicao-especial-sera-oficialmente-lancado-com-chip-potente-e\/\",\"url\":\"https:\/\/www.pricepony.com.br\/blog\/asus-zenfone-2-deluxe-edicao-especial-sera-oficialmente-lancado-com-chip-potente-e\/\",\"name\":\"ASUS ZenFone 2 Deluxe Edi\\u00e7\\u00e3o Especial ser\\u00e1 oficialmente lan\\u00e7ado com chip potente e\\u2026\"}}]},{\"@type\":\"Person\",\"@id\":\"https:\/\/www.pricepony.com.br\/blog\/#\/schema\/person\/c338807e08d2e0642a2680633342a0b6\",\"name\":\"Chris Eilers\",\"image\":{\"@type\":\"ImageObject\",\"@id\":\"https:\/\/www.pricepony.com.br\/blog\/#personlogo\",\"inLanguage\":\"pt-BR\",\"url\":\"https:\/\/secure.gravatar.com\/avatar\/83e51b46626e1e91aba06adcb3bf3473?s=96&d=mm&r=g\",\"caption\":\"Chris Eilers\"},\"description\":\"Chris is an experienced Digital Marketer and Growth Hacker with work experience in Mckinsey Germany and Rocket Internet Asia. He is the CEO of Oizoioi Malaysia and actively engaged in the Startup Scene in South East Asia.\"}]}<\/script>\n<!-- \/ Yoast SEO plugin. -->","_links":{"self":[{"href":"https:\/\/www.pricepony.com.br\/blog\/wp-json\/wp\/v2\/posts\/14993"}],"collection":[{"href":"https:\/\/www.pricepony.com.br\/blog\/wp-json\/wp\/v2\/posts"}],"about":[{"href":"https:\/\/www.pricepony.com.br\/blog\/wp-json\/wp\/v2\/types\/post"}],"author":[{"embeddable":true,"href":"https:\/\/www.pricepony.com.br\/blog\/wp-json\/wp\/v2\/users\/1"}],"replies":[{"embeddable":true,"href":"https:\/\/www.pricepony.com.br\/blog\/wp-json\/wp\/v2\/comments?post=14993"}],"version-history":[{"count":0,"href":"https:\/\/www.pricepony.com.br\/blog\/wp-json\/wp\/v2\/posts\/14993\/revisions"}],"wp:featuredmedia":[{"embeddable":true,"href":"https:\/\/www.pricepony.com.br\/blog\/wp-json\/wp\/v2\/media\/14992"}],"wp:attachment":[{"href":"https:\/\/www.pricepony.com.br\/blog\/wp-json\/wp\/v2\/media?parent=14993"}],"wp:term":[{"taxonomy":"category","embeddable":true,"href":"https:\/\/www.pricepony.com.br\/blog\/wp-json\/wp\/v2\/categories?post=14993"},{"taxonomy":"post_tag","embeddable":true,"href":"https:\/\/www.pricepony.com.br\/blog\/wp-json\/wp\/v2\/tags?post=14993"}],"curies":[{"name":"wp","href":"https:\/\/api.w.org\/{rel}","templated":true}]}}